{"id":116059,"date":"2017-10-20T11:53:26","date_gmt":"2017-10-20T09:53:26","guid":{"rendered":"http:\/\/www.brundisium.net\/?p=116059"},"modified":"2017-10-20T14:51:38","modified_gmt":"2017-10-20T12:51:38","slug":"lo-iat-di-fasano-resta-aperto-con-orario-continuato-fino-a-sera-nei-weekend-e-nei-festivi","status":"publish","type":"post","link":"https:\/\/www.brundisium.net\/index.php\/lo-iat-di-fasano-resta-aperto-con-orario-continuato-fino-a-sera-nei-weekend-e-nei-festivi\/","title":{"rendered":"Lo Iat di Fasano resta aperto con orario continuato fino a sera nei weekend e nei festivi"},"content":{"rendered":"<p>Da sabato 21 ottobre al 21 gennaio 2018 lo Iat, info-point del Comune di Fasano ubicato in piazza Ciaia (sotto il Palazzo dell\u2019Orologio) sar\u00e0 aperto con orario continuato dalle ore 8 alle 21 in tutti i weekend ed i giorni festivi. L\u2019Amministrazione comunale, infatti, ha vinto il bando regionale per la qualificazione ed il potenziamento degli info-point turistici che si riferisce proprio all\u2019apertura con orario continuato per i tre mesi clou dell\u2019autunno-inverno.<\/p>\n<p>\u00abDopo aver gestito la gara per l\u2019affidamento quinquennale a \u201cSeci Consulting\u201d dei nostri tre punti informativi di Fasano, Savelletri e Torre Canne \u2013 afferma Luana Amati, assessora alle Attivit\u00e0 produttive e di promozione del Territorio \u2013 non potevamo perdere l\u2019occasione di poter ampliare l\u2019orario d\u2019apertura dello Iat di Fasano nei giorni che contano, durante questi prossimi tre mesi. \u00c8 la prima volta che il punto turistico-informativo d\u2019accoglienza rester\u00e0 aperto continuativamente 13 ore, seppur il sabato, la domenica e tutti i giorni festivi. Si tratta di un modo per spingere anche le nostre attivit\u00e0 produttive, dai commercianti agli artigiani \u2013 sottolinea l\u2019assessora Amati \u2013 a voler considerare una riformulazione dei loro orari d\u2019apertura finalizzata a dare competitivit\u00e0 all\u2019intero settore, rispetto ad altri Comuni che gi\u00e0 vedono differenti orari d\u2019apertura degli esercizi commerciali, a tutto vantaggio delle stesse attivit\u00e0, soprattutto in quei periodi in cui Fasano registra un grosso afflusso di turisti e vacanzieri, come pu\u00f2 essere il periodo estivo ed anche questo a cavallo fra autunno e festivit\u00e0 invernali. Mi rendo conto \u2013 aggiunge Luana Amati \u2013 delle difficolt\u00e0 cui potrebbe andare incontro un esercente pronto a rimodulare i propri orari d\u2019apertura dell\u2019attivit\u00e0, per\u00f2 questo ampliamento del monte-ore d\u2019apertura \u00e8 necessario ad adeguare l\u2019offerta turistica pi\u00f9 in generale del nostro territorio e a fare di Fasano, sempre pi\u00f9, una meta di un turismo diversificato capace di attrarre tutte le fasce possibili. Ma non solo. Tanti sono i professionisti ed i lavoratori di diversi settori che vivono a Fasano, pur essendo di fuori, e che verrebbero beneficiati da un\u2019apertura \u201cflessibile\u201d degli esercizi commerciali, sempre a tutto vantaggio quindi delle stesse attivit\u00e0 produttive\u00bb.<\/p>\n<p>Lo Iat di Fasano pertanto, da sabato 21 ottobre e fino al 21 gennaio, nei weekend e nei giorni festivi sar\u00e0 aperto continuativamente dalle ore 8 alle 21, mentre verranno organizzate delle iniziative dallo stesso info-point (in collaborazione con il Comune) nel mese di dicembre. Tanti i servizi che sono assicurati dallo Iat cittadino e non soltanto a turisti e vacanzieri, ma anche ai cittadini residenti e villeggianti nel territorio. Pu\u00f2 raccogliere reclami e suggerimenti per l\u2019elevazione della capacit\u00e0 di accoglienza del sistema turistico locale, oltre a mettere in campo iniziative volte alla promozione del territorio (pu\u00f2 organizzare escursioni tra i siti pi\u00f9 importanti cittadini, da Egnazia al parco rupestre di Lama d\u2019Antico, dallo Zoosafari alle chiese del centro cittadino, al Dolmen, agli altri siti rupestri presenti) accompagnando turisti e vacanzieri con apposite guide. Pu\u00f2 promuovere attivit\u00e0 culturali e di spettacolo a sostegno dell\u2019accoglienza di ospiti e pubblico giunti nel Fasanese per visitare mostre, mercatini o per partecipare a fiere, congressi, manifestazioni in genere. Lo Iat fornisce informazioni anche di carattere sanitario, legate cio\u00e8 a quanto offre il territorio (ambulatori medici pubblici ma anche privati, in caso di necessit\u00e0 e di particolari richieste), ma anche informazioni sulle strutture ricettive e sulle manifestazioni organizzate sul territorio e sulle modalit\u00e0 di spostamento del turista e del vacanziere (con l\u2019orario dei mezzi pubblici). Informazioni a tutto tondo sulla storia di Fasano, sulle bellezze paesaggistiche ed architettonico-culturali del Fasanese, sulle tradizioni popolari ed enogastronomiche. Lo Iat dispone di un\u2019App Fasano e della pagina facebook \u201cInfo-point Fasano\u201d aperta proprio ieri. Le altre due strutture di Savelletri e di Torre Canne, invece, come da convenzione, sono state chiuse il 10 ottobre per essere riaperte nel prossimo mese di marzo 2018.<\/p>\n<p>Logo_comune.gif<br \/>\nDott.ssa Paola Guarini<br \/>\nComune di Fasano<br \/>\nUfficio Stampa<br \/>\nPiazza I. Ciaia<br \/>\n72015 Fasano (BR)<br \/>\nTel: 080\/4394204<br \/>\n333\/9579504<\/p>\n","protected":false},"excerpt":{"rendered":"<p>Da sabato 21 ottobre al 21 gennaio 2018 lo Iat, info-point del Comune di Fasano ubicato in piazza Ciaia (sotto il Palazzo dell\u2019Orologio) sar\u00e0 aperto con orario continuato dalle ore 8 alle 21 in tutti i weekend ed i giorni festivi. L\u2019Amministrazione comunale, infatti, ha vinto il bando regionale per la qualificazione ed il potenziamento degli info-point turistici che si riferisce proprio all\u2019apertura con orario continuato per i tre mesi clou dell\u2019autunno-inverno. \u00abDopo aver gestito la gara per l\u2019affidamento quinquennale a \u201cSeci Consulting\u201d dei nostri tre punti informativi di Fasano, Savelletri e Torre Canne \u2013 afferma Luana Amati, assessora alle Attivit\u00e0 produttive e di promozione del Territorio \u2013 non potevamo perdere l\u2019occasione di poter ampliare l\u2019orario d\u2019apertura dello Iat di Fasano nei giorni che contano, durante questi prossimi tre mesi. \u00c8 la prima volta che il punto turistico-informativo d\u2019accoglienza rester\u00e0 aperto continuativamente 13 ore, seppur il sabato, la domenica e tutti i giorni festivi. Si tratta di un modo per spingere anche le nostre attivit\u00e0 produttive, dai commercianti agli artigiani&#8230;<\/p>\n","protected":false},"author":2,"featured_media":111939,"comment_status":"open","ping_status":"closed","sticky":false,"template":"","format":"standard","meta":{"footnotes":""},"categories":[7],"tags":[244],"class_list":["post-116059","post","type-post","status-publish","format-standard","has-post-thumbnail","hentry","category-news","tag-fasano"],"_links":{"self":[{"href":"https:\/\/www.brundisium.net\/index.php\/wp-json\/wp\/v2\/posts\/116059","targetHints":{"allow":["GET"]}}],"collection":[{"href":"https:\/\/www.brundisium.net\/index.php\/wp-json\/wp\/v2\/posts"}],"about":[{"href":"https:\/\/www.brundisium.net\/index.php\/wp-json\/wp\/v2\/types\/post"}],"author":[{"embeddable":true,"href":"https:\/\/www.brundisium.net\/index.php\/wp-json\/wp\/v2\/users\/2"}],"replies":[{"embeddable":true,"href":"https:\/\/www.brundisium.net\/index.php\/wp-json\/wp\/v2\/comments?post=116059"}],"version-history":[{"count":1,"href":"https:\/\/www.brundisium.net\/index.php\/wp-json\/wp\/v2\/posts\/116059\/revisions"}],"predecessor-version":[{"id":116060,"href":"https:\/\/www.brundisium.net\/index.php\/wp-json\/wp\/v2\/posts\/116059\/revisions\/116060"}],"wp:featuredmedia":[{"embeddable":true,"href":"https:\/\/www.brundisium.net\/index.php\/wp-json\/wp\/v2\/media\/111939"}],"wp:attachment":[{"href":"https:\/\/www.brundisium.net\/index.php\/wp-json\/wp\/v2\/media?parent=116059"}],"wp:term":[{"taxonomy":"category","embeddable":true,"href":"https:\/\/www.brundisium.net\/index.php\/wp-json\/wp\/v2\/categories?post=116059"},{"taxonomy":"post_tag","embeddable":true,"href":"https:\/\/www.brundisium.net\/index.php\/wp-json\/wp\/v2\/tags?post=116059"}],"curies":[{"name":"wp","href":"https:\/\/api.w.org\/{rel}","templated":true}]}}