{"id":116097,"date":"2017-10-20T14:49:13","date_gmt":"2017-10-20T12:49:13","guid":{"rendered":"http:\/\/www.brundisium.net\/?p=116097"},"modified":"2017-10-20T14:49:56","modified_gmt":"2017-10-20T12:49:56","slug":"mariano-pd-xylella-da-bruxelles-ottime-notizie-per-la-puglia-grazie-allimpegno-del-governo-e-del-ministro-martina","status":"publish","type":"post","link":"https:\/\/www.brundisium.net\/index.php\/mariano-pd-xylella-da-bruxelles-ottime-notizie-per-la-puglia-grazie-allimpegno-del-governo-e-del-ministro-martina\/","title":{"rendered":"Mariano (PD): &#8220;Xylella, da Bruxelles ottime notizie per la Puglia grazie all\u2019impegno del Governo e del Ministro Martina&#8221;"},"content":{"rendered":"<p>\u201cLe notizie giunte da Bruxelles ci confortano e finalmente aprono uno spiraglio per il recupero\u00a0della nostra olivicoltura e del nostro meraviglioso paesaggio. L&#8217;ok al reimpianto delle specie ospiti nella zona infetta e le altre misure previste, rappresentano un primo importantissimo risultato cui con tenacia e competenza ha lavorato il nostro Governo ed in particolare il Ministro Martina.<\/p>\n<p>&nbsp;<\/p>\n<p>Voglio sottolineare, infatti, un altro aspetto positivo della decisione presa a Bruxelles, particolarmente importante per la nostra provincia che ospita la piana degli ulivi secolari: la possibilit\u00e0 di non abbattere i nostri meravigliosi ulivi monumentali, qualora sani, che pur si trovano nei 100 metri da una pianta infetta.<\/p>\n<p>&nbsp;<\/p>\n<p>Questa decisione ci fa tirare un sospiro di sollievo. Ora queste piante saranno trattate per essere protette dal vettore e monitorate nel tempo per evitare la contaminazione ed in questo modo saranno salvaguardate&#8221; \u2013 \u00e8 quanto dichiara l&#8217;On.Elisa Mariano, deputata dem e Vice Segretaria regionale del PD Puglia-, &#8220;altrettanto cruciale \u00e8 poi il via libera alla movimentazione di alcune variet\u00e0 di vite come il Negramaro, Primitivo e Cabernet Souvignon che finalmente consentir\u00e0 a tante imprese messe in ginocchio dal blocco alla movimentazione di riprendere in parte la propria attivit\u00e0.<\/p>\n<p>&nbsp;<\/p>\n<p>Ora non bisogna fermarsi. Dobbiamo continuare ad agire come fatto sino ad ora, in modo corale e coeso, per produrre ulteriori risultati utili nella lotta alla Xylella coniugando le esigenze di tutela del nostro paesaggio all&#8217;obiettivo fondamentale di ripresa di un settore cos\u00ec cruciale per la nostra economia.<\/p>\n<p>&nbsp;<\/p>\n<p>L&#8217;indirizzo e la prospettiva indicati dal Ministro Martina sono quelli giusti e li condivido pienamente. Occorre che tutti gli attori del territorio, i rappresentanti istituzionali di ogni ordine e grado si sentano impegnati non solo nella sfida contro il batterio, ma anche nel ripensare il futuro della nostra olivicoltura e della nostra agricoltura in una chiave moderna ed innovativa che apra le porte ad uno sviluppo sostenibile.<\/p>\n<p>\u00c8 necessario agire insieme, con coraggio e determinazione per salvaguardare la bellezza della nostra terra e un pezzo importante della nostra economia, il Governo sar\u00e0 come sempre dalla nostra parte&#8221;.<\/p>\n<p>&nbsp;<\/p>\n<p>&nbsp;<\/p>\n<p><strong>On.Elisa Mariano<\/strong><\/p>\n","protected":false},"excerpt":{"rendered":"<p>\u201cLe notizie giunte da Bruxelles ci confortano e finalmente aprono uno spiraglio per il recupero\u00a0della nostra olivicoltura e del nostro meraviglioso paesaggio. L&#8217;ok al reimpianto delle specie ospiti nella zona infetta e le altre misure previste, rappresentano un primo importantissimo risultato cui con tenacia e competenza ha lavorato il nostro Governo ed in particolare il Ministro Martina. &nbsp; Voglio sottolineare, infatti, un altro aspetto positivo della decisione presa a Bruxelles, particolarmente importante per la nostra provincia che ospita la piana degli ulivi secolari: la possibilit\u00e0 di non abbattere i nostri meravigliosi ulivi monumentali, qualora sani, che pur si trovano nei 100 metri da una pianta infetta. &nbsp; Questa decisione ci fa tirare un sospiro di sollievo. Ora queste piante saranno trattate per essere protette dal vettore e monitorate nel tempo per evitare la contaminazione ed in questo modo saranno salvaguardate&#8221; \u2013 \u00e8 quanto dichiara l&#8217;On.Elisa Mariano, deputata dem e Vice Segretaria regionale del PD Puglia-, &#8220;altrettanto cruciale \u00e8 poi il via libera alla movimentazione di alcune variet\u00e0 di vite come&#8230;<\/p>\n","protected":false},"author":2,"featured_media":110153,"comment_status":"open","ping_status":"closed","sticky":false,"template":"","format":"standard","meta":{"footnotes":""},"categories":[7],"tags":[98,2586],"class_list":["post-116097","post","type-post","status-publish","format-standard","has-post-thumbnail","hentry","category-news","tag-elisa-mariano","tag-xylella"],"_links":{"self":[{"href":"https:\/\/www.brundisium.net\/index.php\/wp-json\/wp\/v2\/posts\/116097","targetHints":{"allow":["GET"]}}],"collection":[{"href":"https:\/\/www.brundisium.net\/index.php\/wp-json\/wp\/v2\/posts"}],"about":[{"href":"https:\/\/www.brundisium.net\/index.php\/wp-json\/wp\/v2\/types\/post"}],"author":[{"embeddable":true,"href":"https:\/\/www.brundisium.net\/index.php\/wp-json\/wp\/v2\/users\/2"}],"replies":[{"embeddable":true,"href":"https:\/\/www.brundisium.net\/index.php\/wp-json\/wp\/v2\/comments?post=116097"}],"version-history":[{"count":1,"href":"https:\/\/www.brundisium.net\/index.php\/wp-json\/wp\/v2\/posts\/116097\/revisions"}],"predecessor-version":[{"id":116098,"href":"https:\/\/www.brundisium.net\/index.php\/wp-json\/wp\/v2\/posts\/116097\/revisions\/116098"}],"wp:featuredmedia":[{"embeddable":true,"href":"https:\/\/www.brundisium.net\/index.php\/wp-json\/wp\/v2\/media\/110153"}],"wp:attachment":[{"href":"https:\/\/www.brundisium.net\/index.php\/wp-json\/wp\/v2\/media?parent=116097"}],"wp:term":[{"taxonomy":"category","embeddable":true,"href":"https:\/\/www.brundisium.net\/index.php\/wp-json\/wp\/v2\/categories?post=116097"},{"taxonomy":"post_tag","embeddable":true,"href":"https:\/\/www.brundisium.net\/index.php\/wp-json\/wp\/v2\/tags?post=116097"}],"curies":[{"name":"wp","href":"https:\/\/api.w.org\/{rel}","templated":true}]}}