{"id":116576,"date":"2017-10-26T15:15:02","date_gmt":"2017-10-26T13:15:02","guid":{"rendered":"http:\/\/www.brundisium.net\/?p=116576"},"modified":"2017-10-26T16:17:54","modified_gmt":"2017-10-26T14:17:54","slug":"fratelli-ditalia-convoca-congresso-provinciale-e-tempo-di-ricostruire","status":"publish","type":"post","link":"https:\/\/www.brundisium.net\/index.php\/fratelli-ditalia-convoca-congresso-provinciale-e-tempo-di-ricostruire\/","title":{"rendered":"Fratelli d&#8217;Italia convoca congresso provinciale: &#8220;\u00e8 tempo di ricostruire&#8221;"},"content":{"rendered":"<p><a href=\"http:\/\/www.brundisium.net\/brun\/wp-content\/uploads\/2017\/10\/FRATELLI-DITALIA-CONGRESSO.jpg\"><img loading=\"lazy\" decoding=\"async\" class=\"alignleft size-medium wp-image-116580\" src=\"http:\/\/www.brundisium.net\/brun\/wp-content\/uploads\/2017\/10\/FRATELLI-DITALIA-CONGRESSO-212x300.jpg\" alt=\"\" width=\"212\" height=\"300\" srcset=\"https:\/\/www.brundisium.net\/brun\/wp-content\/uploads\/2017\/10\/FRATELLI-DITALIA-CONGRESSO-212x300.jpg 212w, https:\/\/www.brundisium.net\/brun\/wp-content\/uploads\/2017\/10\/FRATELLI-DITALIA-CONGRESSO-768x1086.jpg 768w, https:\/\/www.brundisium.net\/brun\/wp-content\/uploads\/2017\/10\/FRATELLI-DITALIA-CONGRESSO-724x1024.jpg 724w\" sizes=\"auto, (max-width: 212px) 100vw, 212px\" \/><\/a>&#8220;\u00c8 tempo di ricostruire&#8221; sar\u00e0 questo il tema del secondo congresso provinciale di Fratelli d&#8217;Italia &#8211; Alleanza Nazionale che si terr\u00e0 a Brindisi, domenica 29 ottobre dalle ore 10.00 presso l&#8217;Hotel &#8220;Palazzo Virgilio&#8221;. Presieder\u00e0 i lavori congressuali l&#8217;on. Edmondo Cirielli, saranno presenti tutti i dirigenti brindisini del partito fra cui il coordinatore provinciale Luciano Cavaliere e il Sen. Michele Saccomanno. Prevista anche la presenza del coordinatore regionale Marcello Gemmato e del consigliere della Regione Puglia, Saverio Congedo.<\/p>\n<p>&nbsp;<\/p>\n<p>Ed \u00e8 proprio il coordinatore provinciale del partito di Giorgia Meloni, Luciano Cavaliere che commenta cos\u00ec: &#8220;Il nostro territorio \u00e8 ostaggio di una classe politica inadeguata che in questi anni non ha fatto altro che devastarla culturalmente, depauperandola di tutte le possibilit\u00e0 di crescita e sviluppo, politici, o presunti, che hanno fatto, in taluni casi, della gestione della &#8220;cosa&#8221; pubblica, una gestione personalistica. Questa \u00e9 la Provincia che vive un enorme dramma esistenziale, un Presidente del PD schiavo del suo stesso partito e delle leggi del suo stesso Governo. Questa \u00e8 la provincia degli esperimenti elettorali, dei laboratori, dei coalizioni geneticamente modificate e delle guerre interne del Partito Democratico. Questa \u00e8 la provincia che ha visto il centrodestra mortificare i propri elettori rendendoli orfani di progetti seri e coerenti, troppo spesso sacrificati per presunte nuove albe. Questa \u00e9 la provincia che ha visto il malaffare e l&#8217;immoralit\u00e0 salire sugli scranni pi\u00f9 alti di diverse amministrazioni e che ad oggi, conta solo in poco pi\u00f9 della met\u00e0 dei Comuni, Sindaci amministrare legittimamente come da mandato degli elettori. Potremmo continuare all&#8217;infinito ma se siamo qui \u00e8 perch\u00e8 vogliamo avere la presunzione di prover\u00e0 a cambiare questa triste storia, l\u00ec dove in molti hanno fallito lasciando distruzione e rovine noi proveremo a ricostruire, ripartiamo da un congresso e dalla voglia matta di non arrendersi allo stato delle cose, peculiarit\u00e0 che ha sempre caratterizzato, nella lunga storia della destra italiana, generazioni intere.&#8221;<\/p>\n<p>&nbsp;<\/p>\n<p><strong>COMUNICATO STAMPA FRATELLI D&#8217;ITALIA<\/strong><\/p>\n","protected":false},"excerpt":{"rendered":"<p>&#8220;\u00c8 tempo di ricostruire&#8221; sar\u00e0 questo il tema del secondo congresso provinciale di Fratelli d&#8217;Italia &#8211; Alleanza Nazionale che si terr\u00e0 a Brindisi, domenica 29 ottobre dalle ore 10.00 presso l&#8217;Hotel &#8220;Palazzo Virgilio&#8221;. Presieder\u00e0 i lavori congressuali l&#8217;on. Edmondo Cirielli, saranno presenti tutti i dirigenti brindisini del partito fra cui il coordinatore provinciale Luciano Cavaliere e il Sen. Michele Saccomanno. Prevista anche la presenza del coordinatore regionale Marcello Gemmato e del consigliere della Regione Puglia, Saverio Congedo. &nbsp; Ed \u00e8 proprio il coordinatore provinciale del partito di Giorgia Meloni, Luciano Cavaliere che commenta cos\u00ec: &#8220;Il nostro territorio \u00e8 ostaggio di una classe politica inadeguata che in questi anni non ha fatto altro che devastarla culturalmente, depauperandola di tutte le possibilit\u00e0 di crescita e sviluppo, politici, o presunti, che hanno fatto, in taluni casi, della gestione della &#8220;cosa&#8221; pubblica, una gestione personalistica. Questa \u00e9 la Provincia che vive un enorme dramma esistenziale, un Presidente del PD schiavo del suo stesso partito e delle leggi del suo stesso Governo. Questa \u00e8 la&#8230;<\/p>\n","protected":false},"author":2,"featured_media":116580,"comment_status":"open","ping_status":"closed","sticky":false,"template":"","format":"standard","meta":{"footnotes":""},"categories":[7],"tags":[894],"class_list":["post-116576","post","type-post","status-publish","format-standard","has-post-thumbnail","hentry","category-news","tag-fdi"],"_links":{"self":[{"href":"https:\/\/www.brundisium.net\/index.php\/wp-json\/wp\/v2\/posts\/116576","targetHints":{"allow":["GET"]}}],"collection":[{"href":"https:\/\/www.brundisium.net\/index.php\/wp-json\/wp\/v2\/posts"}],"about":[{"href":"https:\/\/www.brundisium.net\/index.php\/wp-json\/wp\/v2\/types\/post"}],"author":[{"embeddable":true,"href":"https:\/\/www.brundisium.net\/index.php\/wp-json\/wp\/v2\/users\/2"}],"replies":[{"embeddable":true,"href":"https:\/\/www.brundisium.net\/index.php\/wp-json\/wp\/v2\/comments?post=116576"}],"version-history":[{"count":1,"href":"https:\/\/www.brundisium.net\/index.php\/wp-json\/wp\/v2\/posts\/116576\/revisions"}],"predecessor-version":[{"id":116581,"href":"https:\/\/www.brundisium.net\/index.php\/wp-json\/wp\/v2\/posts\/116576\/revisions\/116581"}],"wp:featuredmedia":[{"embeddable":true,"href":"https:\/\/www.brundisium.net\/index.php\/wp-json\/wp\/v2\/media\/116580"}],"wp:attachment":[{"href":"https:\/\/www.brundisium.net\/index.php\/wp-json\/wp\/v2\/media?parent=116576"}],"wp:term":[{"taxonomy":"category","embeddable":true,"href":"https:\/\/www.brundisium.net\/index.php\/wp-json\/wp\/v2\/categories?post=116576"},{"taxonomy":"post_tag","embeddable":true,"href":"https:\/\/www.brundisium.net\/index.php\/wp-json\/wp\/v2\/tags?post=116576"}],"curies":[{"name":"wp","href":"https:\/\/api.w.org\/{rel}","templated":true}]}}