{"id":116696,"date":"2017-10-27T18:40:55","date_gmt":"2017-10-27T16:40:55","guid":{"rendered":"http:\/\/www.brundisium.net\/?p=116696"},"modified":"2017-10-27T19:19:49","modified_gmt":"2017-10-27T17:19:49","slug":"gerusalemme-lampada-fasanese-che-illuminera-il-santo-sepolcro-nel-2018-sara-presentata-in-anteprima-lunedi-30-nel-palazzo-municipale","status":"publish","type":"post","link":"https:\/\/www.brundisium.net\/index.php\/gerusalemme-lampada-fasanese-che-illuminera-il-santo-sepolcro-nel-2018-sara-presentata-in-anteprima-lunedi-30-nel-palazzo-municipale\/","title":{"rendered":"Gerusalemme, lampada fasanese che illuminer\u00e0 il Santo Sepolcro nel 2018 sar\u00e0 presentata in anteprima luned\u00ec 30 nel Palazzo municipale"},"content":{"rendered":"<p>La lampada che il Comune di Fasano doner\u00e0 a novembre alla Custodia di Terra Santa perch\u00e9 illumini il Santo Sepolcro verr\u00e0 presentata in anteprima luned\u00ec 30 ottobre alle ore 15 nella Sala di rappresentanza del Palazzo municipale.<\/p>\n<p>&nbsp;<\/p>\n<p>Interverranno il sindaco Francesco Zaccaria, il vicesindaco Giovanni Cisternino (che porter\u00e0 personalmente la lampada a Gerusalemme), l&#8217;artista Martino Rubino che l&#8217;ha ideata e realizzata.<\/p>\n<p>&nbsp;<\/p>\n<p>Saranno presenti anche i produttori fasanesi di olio extravergine d&#8217;oliva che hanno aderito all&#8217;invito dell&#8217;Amministrazione comunale di donare l&#8217;olio perch\u00e9 possa alimentare la lampada. Nell&#8217;occasione, verr\u00e0 mostrata la pergamena (che il sindaco firmer\u00e0) di donazione della lampada che sar\u00e0 consegnata alla Custodia di Terra Santa.<\/p>\n<p>&nbsp;<\/p>\n<p><strong><br \/>\nUfficio Stampa Comune di Fasano <\/strong><\/p>\n","protected":false},"excerpt":{"rendered":"<p>La lampada che il Comune di Fasano doner\u00e0 a novembre alla Custodia di Terra Santa perch\u00e9 illumini il Santo Sepolcro verr\u00e0 presentata in anteprima luned\u00ec 30 ottobre alle ore 15 nella Sala di rappresentanza del Palazzo municipale. &nbsp; Interverranno il sindaco Francesco Zaccaria, il vicesindaco Giovanni Cisternino (che porter\u00e0 personalmente la lampada a Gerusalemme), l&#8217;artista Martino Rubino che l&#8217;ha ideata e realizzata. &nbsp; Saranno presenti anche i produttori fasanesi di olio extravergine d&#8217;oliva che hanno aderito all&#8217;invito dell&#8217;Amministrazione comunale di donare l&#8217;olio perch\u00e9 possa alimentare la lampada. Nell&#8217;occasione, verr\u00e0 mostrata la pergamena (che il sindaco firmer\u00e0) di donazione della lampada che sar\u00e0 consegnata alla Custodia di Terra Santa. &nbsp; Ufficio Stampa Comune di Fasano<\/p>\n","protected":false},"author":2,"featured_media":116697,"comment_status":"open","ping_status":"closed","sticky":false,"template":"","format":"standard","meta":{"footnotes":""},"categories":[7],"tags":[244],"class_list":["post-116696","post","type-post","status-publish","format-standard","has-post-thumbnail","hentry","category-news","tag-fasano"],"_links":{"self":[{"href":"https:\/\/www.brundisium.net\/index.php\/wp-json\/wp\/v2\/posts\/116696","targetHints":{"allow":["GET"]}}],"collection":[{"href":"https:\/\/www.brundisium.net\/index.php\/wp-json\/wp\/v2\/posts"}],"about":[{"href":"https:\/\/www.brundisium.net\/index.php\/wp-json\/wp\/v2\/types\/post"}],"author":[{"embeddable":true,"href":"https:\/\/www.brundisium.net\/index.php\/wp-json\/wp\/v2\/users\/2"}],"replies":[{"embeddable":true,"href":"https:\/\/www.brundisium.net\/index.php\/wp-json\/wp\/v2\/comments?post=116696"}],"version-history":[{"count":1,"href":"https:\/\/www.brundisium.net\/index.php\/wp-json\/wp\/v2\/posts\/116696\/revisions"}],"predecessor-version":[{"id":116698,"href":"https:\/\/www.brundisium.net\/index.php\/wp-json\/wp\/v2\/posts\/116696\/revisions\/116698"}],"wp:featuredmedia":[{"embeddable":true,"href":"https:\/\/www.brundisium.net\/index.php\/wp-json\/wp\/v2\/media\/116697"}],"wp:attachment":[{"href":"https:\/\/www.brundisium.net\/index.php\/wp-json\/wp\/v2\/media?parent=116696"}],"wp:term":[{"taxonomy":"category","embeddable":true,"href":"https:\/\/www.brundisium.net\/index.php\/wp-json\/wp\/v2\/categories?post=116696"},{"taxonomy":"post_tag","embeddable":true,"href":"https:\/\/www.brundisium.net\/index.php\/wp-json\/wp\/v2\/tags?post=116696"}],"curies":[{"name":"wp","href":"https:\/\/api.w.org\/{rel}","templated":true}]}}