{"id":116886,"date":"2017-10-30T20:02:39","date_gmt":"2017-10-30T19:02:39","guid":{"rendered":"http:\/\/www.brundisium.net\/?p=116886"},"modified":"2017-11-02T21:03:42","modified_gmt":"2017-11-02T20:03:42","slug":"presentata-la-lampada-che-fasano-donera-alla-terra-santa-per-illuminare-il-santo-sepolcro-a-gerusalemme","status":"publish","type":"post","link":"https:\/\/www.brundisium.net\/index.php\/presentata-la-lampada-che-fasano-donera-alla-terra-santa-per-illuminare-il-santo-sepolcro-a-gerusalemme\/","title":{"rendered":"Presentata la lampada che Fasano doner\u00e0 alla Terra Santa per illuminare il Santo Sepolcro a Gerusalemme"},"content":{"rendered":"<p><a href=\"http:\/\/www.brundisium.net\/brun\/wp-content\/uploads\/2017\/10\/lampada-fasano-1.jpg\"><img loading=\"lazy\" decoding=\"async\" class=\"alignleft size-medium wp-image-116888\" src=\"http:\/\/www.brundisium.net\/brun\/wp-content\/uploads\/2017\/10\/lampada-fasano-1-168x300.jpg\" alt=\"\" width=\"168\" height=\"300\" srcset=\"https:\/\/www.brundisium.net\/brun\/wp-content\/uploads\/2017\/10\/lampada-fasano-1-168x300.jpg 168w, https:\/\/www.brundisium.net\/brun\/wp-content\/uploads\/2017\/10\/lampada-fasano-1-768x1368.jpg 768w, https:\/\/www.brundisium.net\/brun\/wp-content\/uploads\/2017\/10\/lampada-fasano-1-575x1024.jpg 575w\" sizes=\"auto, (max-width: 168px) 100vw, 168px\" \/><\/a>La lampada che il Comune di Fasano ha deciso di donare alla Custodia di Terra Santa, che sar\u00e0 alimentata dall\u2019olio di oliva dei produttori locali che hanno accolto l\u2019invito dell\u2019Amministrazione comunale perch\u00e9 illumini il Santo Sepolcro, \u00e8 stata presentata oggi pomeriggio in anteprima nella Sala di rappresentanza del Palazzo municipale. E come ha annunciato il vicesindaco Giovanni Cisternino, che porter\u00e0 personalmente l\u2019oggetto a Gerusalemme, la lampada verr\u00e0 consegnata il 3 novembre al Custode di Terra Santa padre Francesco Patton che controfirmer\u00e0 la cartula di donazione-accettazione sottoscritta oggi (durante la conferenza stampa di presentazione dell\u2019evento) dal sindaco Francesco Zaccaria, oltre che dallo stesso vicesindaco Cisternino.<\/p>\n<p>&nbsp;<\/p>\n<p>Proprio il primo cittadino ha introdotto l\u2019incontro parlando di \u00abun gesto di grande importanza per la nostra Fasano; ringrazio quanti hanno contribuito acch\u00e9 l\u2019iniziativa potesse andare in porto\u00bb. A questo proposito, il vicesindaco ha voluto ringraziare padre Pio D\u2019Andola (commissario di Terra Santa per le Puglie ed il Molise, intervenuto alla conferenza stampa) \u00abper la preziosa opera di diplomazia messa in campo, finalizzata proprio alla realizzazione del nostro sogno di lanciare il messaggio di pace da Gerusalemme. Quando sar\u00f2 l\u00ec \u2013 ha aggiunto Cisternino \u2013 porter\u00f2 anche l\u2019invito del Comune di Fasano perch\u00e9 padre Patton possa essere qui in primavera e nella nostra via delle Croci (una delle pi\u00f9 antiche d\u2019Europa) si possa \u201creplicare\u201d il gesto dell\u2019accensione della lampada\u00bb. Lo stesso padre D\u2019Andola ha voluto rimarcare \u00abche con questo bellissimo gesto del Comune di Fasano \u00e8 come ci riappropriassimo delle nostre radici cristiane: la Terra Santa \u00e8 la nostra terra; la cristianit\u00e0 \u00e8 nata l\u00ec e l\u2019idea di alimentare con l\u2019olio fasanese la lampada d\u00e0 il segno giusto, giacch\u00e9 l\u2019olio d\u2019oliva \u00e8 il simbolo della purificazione interiore, oltre al dato che in Terra Santa sono tanti i potatori pugliesi che, con spirito di volontariato, vanno l\u00ec a potare gli alberi d\u2019ulivo\u00bb.<\/p>\n<p>&nbsp;<\/p>\n<p>L\u2019oggetto artistico \u00e8 stato ideato e realizzato in ceramica bianca dall\u2019artista fasanese Martino Rubino, che ne ha spiegato il senso: \u00abLa lampada \u00e8 avvolta da delle mani che finiscono per trasformarsi in alberi d\u2019ulivo, simbolo del nostro territorio, assieme allo stemma di Fasano che ho voluto riprodurre alla base della lampada\u00bb.<\/p>\n<p>&nbsp;<\/p>\n<p><a href=\"http:\/\/www.brundisium.net\/brun\/wp-content\/uploads\/2017\/10\/lampada-fasano-8.jpg\"><img loading=\"lazy\" decoding=\"async\" class=\"size-medium wp-image-116887 alignright\" src=\"http:\/\/www.brundisium.net\/brun\/wp-content\/uploads\/2017\/10\/lampada-fasano-8-300x168.jpg\" alt=\"\" width=\"300\" height=\"168\" srcset=\"https:\/\/www.brundisium.net\/brun\/wp-content\/uploads\/2017\/10\/lampada-fasano-8-300x168.jpg 300w, https:\/\/www.brundisium.net\/brun\/wp-content\/uploads\/2017\/10\/lampada-fasano-8-768x431.jpg 768w, https:\/\/www.brundisium.net\/brun\/wp-content\/uploads\/2017\/10\/lampada-fasano-8-1024x575.jpg 1024w\" sizes=\"auto, (max-width: 300px) 100vw, 300px\" \/><br \/>\n<\/a>I produttori oleari locali che hanno aderito all\u2019invito dell\u2019Amministrazione comunale di donare il proprio olio d\u2019oliva per alimentare la lampada fasanese per l\u2019intero 2018 sono \u201cOleificio Giovanni Petruzzi\u201d (Pozzo Faceto), \u201cFrantoio Oleario Monsignore srl\u201d (Pezze di Greco), \u201cAzienda agricola Laura Rubino\u201d (Pezze di Greco), \u201cSociet\u00e0 agricola F.lli Savoia di Savoia Giorgio s.s.\u201d (Pezze di Greco), \u201cCooperativa Agricola Montalbanese\u201d (Montalbano di Fasano), \u201cFrantoio oleario Latartara srl\u201d (Pozzo Faceto), \u201cCooperativa Copape\u201d (Pezze di Greco). A questi produttori-donatori d\u2019olio (con l\u2019eccezione dell\u2019azienda Latartara e della \u201cCopape\u201d assenti giustificati dalla conferenza stampa odierna) padre D\u2019Andola ha consegnato l\u2019attestato di partecipazione-ringraziamento co-firmato dal vicesindaco Cisternino e dallo stesso commissario di Terra Santa delle Puglie e Molise.<\/p>\n<p>&nbsp;<\/p>\n<p>In ogni caso, nella cartula di donazione-accettazione della lampada alla Custodia di Terra Santa si legge: \u201cPerch\u00e9 sia rappresentato e rafforzato il legame profondo di fede e cultura che unisce la Terra Santa ed il territorio di Fasano che per secoli ha offerto sostentamento, protezione e ristoro ai pellegrini che ne attraversavano le terre ricoperte da olivi millenari per giungere nel luogo pi\u00f9 venerato di tutta la cristianit\u00e0, la Civica Amministrazione della Citt\u00e0 di Fasano, rappresentando le sue migliori forze sociali e produttive che custodiscono e fanno fruttificare con amore e dedizione il prezioso patrimonio dei padri offre al Padre Custode di Terra Santa perch\u00e9 possa ardere per l\u2019anno 2018 nella Basilica del Santo Sepolcro in Gerusalemme una artistica lampada votiva appositamente realizzata con la terra e con il fuoco unitamente ad una provvista d\u2019olio dei nostri olivi per alimentarla frutto dello slancio e della fede operosa di quanti sono iscritti nella allegata nota. Tanto affinch\u00e9 si rappresenti la fede profonda e il sentimento di gratitudine a Dio degli uomini e delle donne di questa terra che il Creatore ha voluto benedire con il dono dell\u2019operosit\u00e0, dell\u2019ospitalit\u00e0, di una cultura accogliente, di un paesaggio ameno, della fertilit\u00e0 e della salubrit\u00e0 del suolo. Con il proposito di dare avvio ad un cammino di condivisione e di cooperazione cordiale affidiamo alle mani del Signore Onnipotente e alla preghiera della Custodia auspici per un nuovo anno di Pace e di Bene. Dalla Residenza Municipale, Fasano, l\u00ec 30 ottobre 2017\u201d.<\/p>\n<p>&nbsp;<\/p>\n<p><strong> Comune di Fasano<\/strong><br \/>\n<strong> Ufficio Stampa<\/strong><\/p>\n","protected":false},"excerpt":{"rendered":"<p>La lampada che il Comune di Fasano ha deciso di donare alla Custodia di Terra Santa, che sar\u00e0 alimentata dall\u2019olio di oliva dei produttori locali che hanno accolto l\u2019invito dell\u2019Amministrazione comunale perch\u00e9 illumini il Santo Sepolcro, \u00e8 stata presentata oggi pomeriggio in anteprima nella Sala di rappresentanza del Palazzo municipale. E come ha annunciato il vicesindaco Giovanni Cisternino, che porter\u00e0 personalmente l\u2019oggetto a Gerusalemme, la lampada verr\u00e0 consegnata il 3 novembre al Custode di Terra Santa padre Francesco Patton che controfirmer\u00e0 la cartula di donazione-accettazione sottoscritta oggi (durante la conferenza stampa di presentazione dell\u2019evento) dal sindaco Francesco Zaccaria, oltre che dallo stesso vicesindaco Cisternino. &nbsp; Proprio il primo cittadino ha introdotto l\u2019incontro parlando di \u00abun gesto di grande importanza per la nostra Fasano; ringrazio quanti hanno contribuito acch\u00e9 l\u2019iniziativa potesse andare in porto\u00bb. A questo proposito, il vicesindaco ha voluto ringraziare padre Pio D\u2019Andola (commissario di Terra Santa per le Puglie ed il Molise, intervenuto alla conferenza stampa) \u00abper la preziosa opera di diplomazia messa in campo, finalizzata proprio alla&#8230;<\/p>\n","protected":false},"author":2,"featured_media":116889,"comment_status":"open","ping_status":"closed","sticky":false,"template":"","format":"standard","meta":{"footnotes":""},"categories":[7],"tags":[244,5060],"class_list":["post-116886","post","type-post","status-publish","format-standard","has-post-thumbnail","hentry","category-news","tag-fasano","tag-santo-sepolcro"],"_links":{"self":[{"href":"https:\/\/www.brundisium.net\/index.php\/wp-json\/wp\/v2\/posts\/116886","targetHints":{"allow":["GET"]}}],"collection":[{"href":"https:\/\/www.brundisium.net\/index.php\/wp-json\/wp\/v2\/posts"}],"about":[{"href":"https:\/\/www.brundisium.net\/index.php\/wp-json\/wp\/v2\/types\/post"}],"author":[{"embeddable":true,"href":"https:\/\/www.brundisium.net\/index.php\/wp-json\/wp\/v2\/users\/2"}],"replies":[{"embeddable":true,"href":"https:\/\/www.brundisium.net\/index.php\/wp-json\/wp\/v2\/comments?post=116886"}],"version-history":[{"count":1,"href":"https:\/\/www.brundisium.net\/index.php\/wp-json\/wp\/v2\/posts\/116886\/revisions"}],"predecessor-version":[{"id":116890,"href":"https:\/\/www.brundisium.net\/index.php\/wp-json\/wp\/v2\/posts\/116886\/revisions\/116890"}],"wp:featuredmedia":[{"embeddable":true,"href":"https:\/\/www.brundisium.net\/index.php\/wp-json\/wp\/v2\/media\/116889"}],"wp:attachment":[{"href":"https:\/\/www.brundisium.net\/index.php\/wp-json\/wp\/v2\/media?parent=116886"}],"wp:term":[{"taxonomy":"category","embeddable":true,"href":"https:\/\/www.brundisium.net\/index.php\/wp-json\/wp\/v2\/categories?post=116886"},{"taxonomy":"post_tag","embeddable":true,"href":"https:\/\/www.brundisium.net\/index.php\/wp-json\/wp\/v2\/tags?post=116886"}],"curies":[{"name":"wp","href":"https:\/\/api.w.org\/{rel}","templated":true}]}}