{"id":117090,"date":"2017-11-02T15:34:42","date_gmt":"2017-11-02T14:34:42","guid":{"rendered":"http:\/\/www.brundisium.net\/?p=117090"},"modified":"2017-11-02T14:41:13","modified_gmt":"2017-11-02T13:41:13","slug":"accademia-dei-cameristi-il-7-novembre-primo-concerto-al-teatro-sociale","status":"publish","type":"post","link":"https:\/\/www.brundisium.net\/index.php\/accademia-dei-cameristi-il-7-novembre-primo-concerto-al-teatro-sociale\/","title":{"rendered":"Accademia dei Cameristi: il 7 novembre primo concerto al teatro Sociale"},"content":{"rendered":"<p>Il trio Christian Sebastianutto (violino), Giovanni Gnocchi (violoncello), Francesco Basanisi (pianoforte) si esibir\u00e0 marted\u00ec 7 novembre alle ore 20.30 al teatro Sociale di Fasano (Br), nell\u2019ambito della VIII stagione concertistica dell\u2019\u201dAccademia dei Cameristi\u201d patrocinata dal ministero per i Beni e le attivit\u00e0 culturali, dalla Regione Puglia e dal Comune di Fasano. Il trio proporr\u00e0 musiche di Schubert (\u201cTrio op. 28\u201d), Sollima (\u201cReperto XII\u201d), Casella (\u201cSiciliana e burlesca\u201d), Mendelssohn (\u201cTrio op. 49\u201d). Info. 347.7712034 \u2013 0804394180. Biglietto intero 5 euro, giovani fino ai 26 anni, biglietto 3 euro.<\/p>\n<p>&nbsp;<\/p>\n<p>Christian Sebastianutto<\/p>\n<p>\u00c8 nato nel 1993 in una famiglia di musicisti. Ha intrapreso lo studio del violino all\u2019et\u00e0 di 4 anni e si \u00e8 diplomato presso il Conservatorio \u201cJ. Tomadini\u201d di Udine con il massimo dei voti, lode e menzione speciale sotto la guida di Giuliano Fontanella. Dal 2011 si perfeziona col didatta russo Pavel Vernikov presso la Scuola di musica di Fiesole e dal 2013 studia presso l\u2019Accademia Nazionale di Santa Cecilia a Roma con Sonig Tchakerian. Ha frequentato numerose masterclass in Italia e all\u2019estero con Ivry Gitlis, Giovanni Guglielmo, Svetlana Makarova, Massimo Quarta, Igor Volochine, Zakhar Bron e Mihaela Martin. \u00c8 risultato vincitore di primi premi assoluti in numerosi concorsi Internazionali come \u201cPremio Crescendo\u201d di Firenze e le prestigiose rassegne d\u2019archi \u201cMario Benvenuti\u201d di Vittorio Veneto nel 2008 e 2010. Nel 2012 \u00e8 stato l\u2019unico italiano finalista al Concorso Internazionale violinistico \u201cAndrea Postacchini\u201d di Fermo. Nel 2014 \u00e8 risultato vincitore del 31\u00b0 Concorso Nazionale biennale di violino \u201cPremio Citt\u00e0 di Vittorio Veneto\u201d col 3\u00b0premio. Ha tenuto concerti come solista in tutta Italia e all\u2019estero per importanti Festival e Associazioni Musicali come: Fazioli Concert Hall, Festival \u201cAssisi nel Mondo\u201d, Musica Pura, \u201cScuola Internazionale del Trio di Trieste\u201d a Duino, Violino Virtuoso a Lucca, Fondazione Walton presso \u201cI Giardini della Mortella\u201d a Ischia, \u201cVirtuosi\u201d presso l\u2019Auditorium del Parco della Musica di Roma, \u201cIl Bello da Sentire\u201d concerti serali presso prestigiose sale dei Musei Vaticani, Settimane Musicali del Teatro Olimpico di Vicenza, \u201cMattinate Musicali\u201d presso il Museo Revoltella di Trieste, Festival Musicale di San Vito al Tagliamento. Nel 2010 ha vinto la borsa di studio \u201cIginio Gobessi\u201d come miglior violinista del Conservatorio di Udine e nel 2013 ha vinto la borsa di studio indetta dalle \u201cSettimane musicali del Teatro Olimpico di Vicenza\u201d presso l\u2019Accademia Santa Cecilia di Roma. Si \u00e8 esibito come solista con numerose orchestre quali: Orchestra di Padova e del Veneto, Orchestra Nazionale Ucraina di Donetsk, Orchestra Giovanile \u201cG. Arrigoni\u201d, Orchestra dell\u2019Accademia Naonis di Pordenone, Orchestra \u201cFerruccio Busoni\u201d di Trieste sotto la direzione di Domenico Mason, Massimo Belli, Jan Dobrzelewski, Walter Themel, Massimo Donadello, Edi De Nadai. Nel 2015 \u00e8 stato selezionato tra le pi\u00f9 importanti Accademie musicali europee per partecipare al Festival internazionale di musica \u201cEncuentros Musicales Santander\u201d(Spagna). Ha inciso il \u201cConcerto n.1 in mi minore\u201d di Mendelssohn per l\u2019etichetta Amadeus Rainbow ed ha inciso per la Rai di Trieste. Suona un violino Giuseppe Gagliano del 1773.<\/p>\n<p>&nbsp;<\/p>\n<p>Giovanni Gnocchi<\/p>\n<p>Laureato ai Concorsi violoncellistici Primavera di Praga, A. Janigro di Zagabria, vincitore dell\u2019Audience Prize della Wigmore Hall al Parkhouse Award di Londra, vincitore in trio del Concorso \u201cF. J. Haydn\u201d di Vienna e del Borletti Buitoni Trust Fellowship, ha debuttato come solista assieme a Yo-Yo Ma, e suonato come solista sotto la direzione di Dudamel, Hogwood, Rizzi, Despalj, Giorgi, all\u2019Hong Kong Arts Festival, Mozarteum Salzburg, Wiener Konzerthaus, Kurhaus di Wiesbaden, Rosengarten Mannheim, Philharmonie Essen, etc. Primo Violoncello solista della Camerata Salzburg per 8 anni, Guest Principal Cellist alla Royal Philharmonic Orchestra di Londra, invitato come violoncello solista nella Philharmonia Orchestra, M\u00fcnchner Philharmoniker, SWR-Sinfonieorchester, Orchestra Mozart, Sydney Symphony, London Symphony, dal 2008 \u00e8 membro della Lucerne Festival Orchestra e si \u00e8 esibito anche in numerose occasioni in concerti da camera con i Soloists of the Lucerne Festival Orchestra in Svizzera, Austria e Giappone. Fondatore del Quartetto di Cremona e del David Trio, ha vinto premi in Europa e USA e si \u00e8 esibito regolarmente presso i pi\u00f9 importanti festivals anche con i membri del Quartetto Hagen, Leonidas Kavakos, Aleksander Madzar, Mahler Chamber Soloists, Wolfram Christ, Jens Peter Maintz, Ilya Gringolts, ed in duo con A. Lonquich. Ha studiato con Luca Simoncini, Rocco Filippini, Mario Brunello, Enrico Bronzi e Clemens Hagen, frequentando le Masterclass di Heinrich Schiff, Steven Isserlis, Natalia Gutman, David Geringas, Gabor Tak\u00e1cs Nagy, Andr\u00e1s Schiff, Ferenc Rados. Dal 2013 \u00e8 professore di Violoncello all\u2019Univerist\u00e4t Mozarteum di Salisburgo.<\/p>\n<p>&nbsp;<\/p>\n<p>Francesco Basanisi<\/p>\n<p>Intraprende lo studio del pianoforte all\u2019et\u00e0 di otto anni con il maestro Antonio Balestrieri, conseguendo nel 1997 il Diploma in Pianoforte con il massimo dei voti, la lode e la menzione d\u2019onore, al Conservatorio di musica \u201cN. Piccinni\u201d di Bari sotto la guida della prof.ssa Mariarita Alfino. Affermatosi in numerosi concorsi pianistici nazionali ed internazionali, ha seguito corsi di perfezionamento pianistico e masterclasses con i pianisti Lazar Berman, Riccardo Risaliti, Fou T\u2019song. Con la pianista Laura De Fusco approfondisce i suoi studi presso l\u2019Accademia Internazionale \u201cV. Kandinsky\u201d di Avellino. Si \u00e8 esibito sia come solista che in formazioni cameristiche in varie citt\u00e0 italiane ed estere e presso importanti associazioni concertistiche e festivals internazionali (Reggio Emilia, Istituto Pareggiato \u201cPeri\u201d; Lucera, Associazione Amici della Musica \u201cPaisiello\u201d; Barletta, Associazione \u201cCurci\u201d; Sirolo, Teatro Cortesi; Lecce, Camerata Musicale Salentina; Paularo, Festival \u201cCarniarmonie\u201d; Bergamo, \u201cSala Piatti\u201d; Bruxelles, Theatres des Martyrs, Istituto Italiano di Cultura; Skopje, Conservatorio di Musica, ecc.). Ha conseguito con il massimo dei voti e la lode il Diploma Accademico di II livello in Pianoforte e in Musica da Camera presso il Conservatorio \u201cN. Piccinni\u201d di Bari. \u00c8 docente di ruolo in Pianoforte presso la scuola media ad indirizzo musicale \u201cA. Angelucci\u201d di Subiaco (RM).<\/p>\n<p>&nbsp;<\/p>\n<p><strong>COMUNICATO STAMPA COMUNE DI FASANO<\/strong><\/p>\n","protected":false},"excerpt":{"rendered":"<p>Il trio Christian Sebastianutto (violino), Giovanni Gnocchi (violoncello), Francesco Basanisi (pianoforte) si esibir\u00e0 marted\u00ec 7 novembre alle ore 20.30 al teatro Sociale di Fasano (Br), nell\u2019ambito della VIII stagione concertistica dell\u2019\u201dAccademia dei Cameristi\u201d patrocinata dal ministero per i Beni e le attivit\u00e0 culturali, dalla Regione Puglia e dal Comune di Fasano. Il trio proporr\u00e0 musiche di Schubert (\u201cTrio op. 28\u201d), Sollima (\u201cReperto XII\u201d), Casella (\u201cSiciliana e burlesca\u201d), Mendelssohn (\u201cTrio op. 49\u201d). Info. 347.7712034 \u2013 0804394180. Biglietto intero 5 euro, giovani fino ai 26 anni, biglietto 3 euro. &nbsp; Christian Sebastianutto \u00c8 nato nel 1993 in una famiglia di musicisti. Ha intrapreso lo studio del violino all\u2019et\u00e0 di 4 anni e si \u00e8 diplomato presso il Conservatorio \u201cJ. Tomadini\u201d di Udine con il massimo dei voti, lode e menzione speciale sotto la guida di Giuliano Fontanella. Dal 2011 si perfeziona col didatta russo Pavel Vernikov presso la Scuola di musica di Fiesole e dal 2013 studia presso l\u2019Accademia Nazionale di Santa Cecilia a Roma con Sonig Tchakerian. Ha frequentato numerose masterclass&#8230;<\/p>\n","protected":false},"author":2,"featured_media":94184,"comment_status":"open","ping_status":"closed","sticky":false,"template":"","format":"standard","meta":{"footnotes":""},"categories":[7],"tags":[3745,2856],"class_list":["post-117090","post","type-post","status-publish","format-standard","has-post-thumbnail","hentry","category-news","tag-accademia-dei-cameristi","tag-teatro-sociale"],"_links":{"self":[{"href":"https:\/\/www.brundisium.net\/index.php\/wp-json\/wp\/v2\/posts\/117090","targetHints":{"allow":["GET"]}}],"collection":[{"href":"https:\/\/www.brundisium.net\/index.php\/wp-json\/wp\/v2\/posts"}],"about":[{"href":"https:\/\/www.brundisium.net\/index.php\/wp-json\/wp\/v2\/types\/post"}],"author":[{"embeddable":true,"href":"https:\/\/www.brundisium.net\/index.php\/wp-json\/wp\/v2\/users\/2"}],"replies":[{"embeddable":true,"href":"https:\/\/www.brundisium.net\/index.php\/wp-json\/wp\/v2\/comments?post=117090"}],"version-history":[{"count":1,"href":"https:\/\/www.brundisium.net\/index.php\/wp-json\/wp\/v2\/posts\/117090\/revisions"}],"predecessor-version":[{"id":117091,"href":"https:\/\/www.brundisium.net\/index.php\/wp-json\/wp\/v2\/posts\/117090\/revisions\/117091"}],"wp:featuredmedia":[{"embeddable":true,"href":"https:\/\/www.brundisium.net\/index.php\/wp-json\/wp\/v2\/media\/94184"}],"wp:attachment":[{"href":"https:\/\/www.brundisium.net\/index.php\/wp-json\/wp\/v2\/media?parent=117090"}],"wp:term":[{"taxonomy":"category","embeddable":true,"href":"https:\/\/www.brundisium.net\/index.php\/wp-json\/wp\/v2\/categories?post=117090"},{"taxonomy":"post_tag","embeddable":true,"href":"https:\/\/www.brundisium.net\/index.php\/wp-json\/wp\/v2\/tags?post=117090"}],"curies":[{"name":"wp","href":"https:\/\/api.w.org\/{rel}","templated":true}]}}