{"id":117568,"date":"2017-11-08T09:59:15","date_gmt":"2017-11-08T08:59:15","guid":{"rendered":"http:\/\/www.brundisium.net\/?p=117568"},"modified":"2017-11-08T16:40:21","modified_gmt":"2017-11-08T15:40:21","slug":"la-parrocchia-santa-maria-delle-grazie-intitola-il-salone-parrocchiale-a-teresa-lapenna","status":"publish","type":"post","link":"https:\/\/www.brundisium.net\/index.php\/la-parrocchia-santa-maria-delle-grazie-intitola-il-salone-parrocchiale-a-teresa-lapenna\/","title":{"rendered":"La parrocchia Santa Maria delle Grazie intitola il salone parrocchiale a \u201cTeresa Lapenna\u201d"},"content":{"rendered":"<p>Ad Ostuni nella parrocchia S. Maria delle Grazie quest\u2019anno a quasi 20 dalla nascita al Cielo di Teresa Lapenna, il 12 novembre (vigilia della sua nascita) il parroco don Giuseppe Capriglia dopo un cenacolo di preghiera animato dai giovani del Gam (Giovent\u00f9 Ardente Mariana) e la S. Messa inaugurer\u00e0 e dedicher\u00e0 il salone parrocchiale a \u201cTeresa Lapenna\u201d.<\/p>\n<p>Perch\u00e9 dedicare il salone parrocchiale Teresa Lapenna?<br \/>\nTeresa vive la parrocchia, sin da piccola mostra un carattere forte e deciso, maturo e responsabile, coerente nella sua estrema vitalit\u00e0.<br \/>\nMan mano, la sua spiritualit\u00e0 forte e matura, nel pieno della sua giovinezza, non si ferma alle teorie, ma si sbriciola in concretezze. Dall\u2019et\u00e0 di 13 anni inizia con il catechismo parrocchiale preparando i bambini con gioia, seriet\u00e0 e perseveranza ai sacramenti della confessione e comunione. Qualche anno pi\u00f9 tardi in contemporanea si ritrover\u00e0 a guidare, come animatrice, un gruppo di giovani attraverso la spiritualit\u00e0 del GAM, conosciuta in parrocchia, che incarna e vive. Fa suoi i 2 pilastri: preghiera ed evangelizzazione. \u201cLe anime, i giovani vanno incontrati l\u00ec dove si trovano\u201d \u2013 ripeteva. La vedevi andare con i \u201csuoi giovani\u201d per le famiglie, nelle case di riposo, in ospedale, nei luoghi ricreativi portando a tutti il suo dolce sorriso e la parola di Dio, \u201cl\u2019unica che pu\u00f2 trasformare il cuore dell\u2019uomo perch\u00e9 parola viva\u201d &#8211; diceva.<\/p>\n<p>Teresa, una ragazza fuori dal comune, con un sorriso smagliante, con una umilt\u00e0 unica, con una gioia di vivere la sua vita in unione a Cristo per mezzo di Maria.<br \/>\nMi sono reso conto che \u201c\u00e8 difficile parlare e dialogare con i Santi\u201d.<br \/>\nNon ci scandalizziamo di queste parole perch\u00e9 quando ci si ritrova dinanzi ad una persona che ti parla di Dio e di Maria Santissima, con un entusiasmo tale da coinvolgerti, ti rendi conto che devi cercare di comprendere che Dio non \u00e8 solo Amore ma \u00e8 anche un amico che ti fa incontrare sulla strada delle persone che vivono una forte esperienza di fede e la comunicano con semplicit\u00e0. Una semplicit\u00e0 tale da farti contemplare la grandezza di Dio ed esclamare con Maria: \u201cha fatto in me cose grandi\u201d.<br \/>\nIn Teresa Dio compiva le sue meraviglie, una ragazza che aveva tanta voglia di far incontrare Dio a tutti gli uomini.<br \/>\nEra ancora giovanissima quando il suo parroco, don Cosimo Argentieri, la istituiva ministro straordinario dell\u2019Eucaristia. Eucaristia di cui si cibava continuamente per ricevere la gioia di stare sempre con Lui.<\/p>\n<p>Cosa pu\u00f2 dire Teresa ai giovani di oggi?<br \/>\nNon \u00e8 facile rispondere a questa domanda perch\u00e9 si potrebbe cadere nel banale.<br \/>\nIo penso di dire che Teresa \u00e8 stata un anima non solo che ha amato Dio, ma che ha amato Dio in tutti coloro che incontrava.<br \/>\nPenso che un errore dei giovani di oggi sia la mancanza di finalit\u00e0; il pi\u00f9 delle volte si va avanti senza un progetto preciso, senza fare una scelta precisa e quindi la vita viene vissuta nella banalit\u00e0, facendo tante cose pur non concludendole.<br \/>\nMons. Rocco Talucci diceva di lei: \u201cuna ragazza del nostro tempo, piena di vita e di fede, aperta al mondo e a Dio, coerente nel presente orientata al futuro nelle mani di Dio\u201d.<br \/>\nIl progetto di vita di Teresa \u00e8 certamente un esempio di vita per tanti giovani che vogliono dare un senso e orientare a fini  pi\u00f9 grandi la loro vita.<\/p>\n<p>Chi era Teresa?<br \/>\nTeresa Lapenna nasce il 13 novembre 1975.<br \/>\nLuned\u00ec 26 maggio 1998 un incidente stradale la ferisce gravemente. E\u2019 portata d\u2019urgenza all\u2019ospedale di Ostuni e dopo qualche ora \u00e8 trasferita a Lecce, in condizioni gravissime.<br \/>\nPer 8 giorni i parenti, gli amici si avvicendano dietro la vetrata della sala di rianimazione.<br \/>\nLa sua parrocchia S. Maria delle Grazie, tutta Ostuni, il GAM di tutt\u2019Italia si mobilitano, creando una catena di preghiera. Teresa \u00e8 in coma. Il 31 maggio per qualche istante apre gli occhi: il giorno dopo i medici comunicano che, nonostante il coma vigile, l\u2019ematoma sembra regredire. Quello stesso giorno due lacrime scendono ma la notte si aggrava. E\u2019 l\u2019ora: il 3 giugno 1998 alle 8,30 a soli 22 anni i medici dichiarano la morte clinica. Il giorno dopo la parrocchia Santa Maria delle Grazie \u00e8 stracolma di giovani, molti vengono da lontano. Parenti, amici, estranei pregano, cantano insieme. Teresa \u00e8 viva, l\u00ec in mezzo a loro, e tutti, chi in un modo, chi in un altro lo percepiscono. Tutti sono consapevoli, alcuni solo ora, di aver incontrato una creatura semplice ma straordinaria.<br \/>\nChi l\u2019ha conosciuta non pu\u00f2 dimenticare l\u2019intensit\u00e0 che la caratterizzava; c\u2019\u00e8 chi la ricorda come amica, come parente, chi come catechista, chi come animatrice, chi come compagna di studio o di divertimento: in ciascuno Teresa ha lasciato una traccia indelebile, come quella di una straordinaria luce, che rende pi\u00f9 chiare anche le pagine pi\u00f9 scontate e banali della vita di ogni giorno.<br \/>\nDalle testimonianze cos\u00ec autentiche, che te la dipingono davanti semplice, reale e concreta, quasi fosse viva, emerge un ritratto estremamente attuale. Ai giovani d\u2019oggi cos\u00ec fragili nella loro voglia di vivere la vita a 360 gradi, questa giovane cos\u00ec amante della vita in tutte le sue sfumature, cos\u00ec squisitamente umana, affettuosa, entusiasta, appassionata e nello stesso tempo cos\u00ec coerente, equilibrata, responsabile e autentica, Teresa ha certamente molto, molto da dire.<br \/>\nIl segreto della sua incisivit\u00e0 e della sua luce, come emerge chiaro dal ritratto che ci lasciano i suoi scritti e dalle testimonianze di chi l\u2019ha incontrata, era uno solo: Ges\u00f9 Cristo incontrato sotto la guida tenera e forte di Maria, sua Madre e testimoniato, senza timore, giorno per giorno a tutti quelli che la incontravano.<br \/>\nDai tratti della sua vita, dai suoi tantissimi impegni, si ha la certezza che l\u2019incontro con il Signore genera una gioia e una vitalit\u00e0 libere da passioni, vizi e superstizioni; che la gioia di una fede fresca, matura e trasparente si irradia inevitabilmente, cos\u00ec che sia possibile testimoniare \u201cle grandi opere di Dio\u201d. <\/p>\n<p>                                                                                                               Sac. Don Giuseppe Capriglia<\/p>\n","protected":false},"excerpt":{"rendered":"<p>Ad Ostuni nella parrocchia S. Maria delle Grazie quest\u2019anno a quasi 20 dalla nascita al Cielo di Teresa Lapenna, il 12 novembre (vigilia della sua nascita) il parroco don Giuseppe Capriglia dopo un cenacolo di preghiera animato dai giovani del Gam (Giovent\u00f9 Ardente Mariana) e la S. Messa inaugurer\u00e0 e dedicher\u00e0 il salone parrocchiale a \u201cTeresa Lapenna\u201d. Perch\u00e9 dedicare il salone parrocchiale Teresa Lapenna? Teresa vive la parrocchia, sin da piccola mostra un carattere forte e deciso, maturo e responsabile, coerente nella sua estrema vitalit\u00e0. Man mano, la sua spiritualit\u00e0 forte e matura, nel pieno della sua giovinezza, non si ferma alle teorie, ma si sbriciola in concretezze. Dall\u2019et\u00e0 di 13 anni inizia con il catechismo parrocchiale preparando i bambini con gioia, seriet\u00e0 e perseveranza ai sacramenti della confessione e comunione. Qualche anno pi\u00f9 tardi in contemporanea si ritrover\u00e0 a guidare, come animatrice, un gruppo di giovani attraverso la spiritualit\u00e0 del GAM, conosciuta in parrocchia, che incarna e vive. Fa suoi i 2 pilastri: preghiera ed evangelizzazione. \u201cLe anime, i&#8230;<\/p>\n","protected":false},"author":2,"featured_media":117569,"comment_status":"open","ping_status":"closed","sticky":false,"template":"","format":"standard","meta":{"footnotes":""},"categories":[7],"tags":[53],"class_list":["post-117568","post","type-post","status-publish","format-standard","has-post-thumbnail","hentry","category-news","tag-ostuni"],"_links":{"self":[{"href":"https:\/\/www.brundisium.net\/index.php\/wp-json\/wp\/v2\/posts\/117568","targetHints":{"allow":["GET"]}}],"collection":[{"href":"https:\/\/www.brundisium.net\/index.php\/wp-json\/wp\/v2\/posts"}],"about":[{"href":"https:\/\/www.brundisium.net\/index.php\/wp-json\/wp\/v2\/types\/post"}],"author":[{"embeddable":true,"href":"https:\/\/www.brundisium.net\/index.php\/wp-json\/wp\/v2\/users\/2"}],"replies":[{"embeddable":true,"href":"https:\/\/www.brundisium.net\/index.php\/wp-json\/wp\/v2\/comments?post=117568"}],"version-history":[{"count":1,"href":"https:\/\/www.brundisium.net\/index.php\/wp-json\/wp\/v2\/posts\/117568\/revisions"}],"predecessor-version":[{"id":117570,"href":"https:\/\/www.brundisium.net\/index.php\/wp-json\/wp\/v2\/posts\/117568\/revisions\/117570"}],"wp:featuredmedia":[{"embeddable":true,"href":"https:\/\/www.brundisium.net\/index.php\/wp-json\/wp\/v2\/media\/117569"}],"wp:attachment":[{"href":"https:\/\/www.brundisium.net\/index.php\/wp-json\/wp\/v2\/media?parent=117568"}],"wp:term":[{"taxonomy":"category","embeddable":true,"href":"https:\/\/www.brundisium.net\/index.php\/wp-json\/wp\/v2\/categories?post=117568"},{"taxonomy":"post_tag","embeddable":true,"href":"https:\/\/www.brundisium.net\/index.php\/wp-json\/wp\/v2\/tags?post=117568"}],"curies":[{"name":"wp","href":"https:\/\/api.w.org\/{rel}","templated":true}]}}