{"id":117719,"date":"2017-11-10T09:25:58","date_gmt":"2017-11-10T08:25:58","guid":{"rendered":"http:\/\/www.brundisium.net\/?p=117719"},"modified":"2017-11-09T23:29:49","modified_gmt":"2017-11-09T22:29:49","slug":"il-26-novembre-a-ceglie-messapica-parte-il-tour-della-partecipazione","status":"publish","type":"post","link":"https:\/\/www.brundisium.net\/index.php\/il-26-novembre-a-ceglie-messapica-parte-il-tour-della-partecipazione\/","title":{"rendered":"Il 26 Novembre a Ceglie Messapica parte il &#8220;tour della partecipazione&#8221;"},"content":{"rendered":"<p>Partir\u00e0 dal 26 novembre p.v. il primo \u201cTour della Partecipazione\u201d che coinvolger\u00e0 le diverse realt\u00e0 aggregative della citt\u00e0 e, in particolare, tutte le Associazioni, le Parrocchie e le Scuole del territorio fino al 4 febbraio 2018.<\/p>\n<p>&nbsp;<\/p>\n<p>Poco pi\u00f9 di due mesi di incontri ed iniziative dedicati al tema della partecipazione dei cittadini. Un periodo lungo di incontro e di ascolto, ideato per conoscere ancora meglio ed ancora pi\u00f9 da vicino i vari programmi ed i singoli cammini di ognuno, per dimostrare concretamente la vicinanza e per rendere i cittadini sempre pi\u00f9 protagonisti delle scelte e della vita della comunit\u00e0.<\/p>\n<p>&nbsp;<\/p>\n<p>L\u2019Amministrazione Comunale vuole, quindi, lanciare un messaggio nuovo ed incontrare i cittadini \u2018a casa loro\u2019 : non incontri presso il Municipio, ma momenti di condivisione della vita quotidiana e dei posti dove vivono e operano le diverse realt\u00e0 aggregative cittadine ed appuntamenti nei luoghi di aggregazione pi\u00f9 rappresentativi.<\/p>\n<p>&nbsp;<\/p>\n<p>Il \u201cTour della Partecipazione\u201d si svolger\u00e0 attraverso alcune iniziative concrete :<\/p>\n<p>&nbsp;<\/p>\n<p>\u201cUn Caff\u00e8 con il Sindaco\u201d :<\/p>\n<p>un incontro informale, attorno ad un caff\u00e8, tra il Sindaco e i cittadini, per ascoltare e condividere idee, proposte e problematiche della citt\u00e0.<\/p>\n<p>&nbsp;<\/p>\n<p>\u201cAgenda Blu Tour\u201d e \u201cSedia Gialla Tour\u201d :<\/p>\n<p>una serie di incontri a cui sono stati dati dei nomi riferiti a dei simboli ben precisi come l\u2019Agenda (dove fissare nero su bianco quanto emerso dagli incontri) e la Sedia (per dimostrare plasticamente il \u2018fermarsi\u2019 e lo \u2018stare\u2019 con le varie realt\u00e0 aggregative). La scelta dei colori \u00e8 naturalmente ispirata ai colori del Gonfalone della citt\u00e0.<\/p>\n<p>Entro il 25 novembre l\u2019Assessorato alla Partecipazione e all\u2019Associazionismo concorder\u00e0 con le singole Associazioni, le Parrocchie (con i diversi gruppi parrocchiali), le Istituzioni Scolastiche e i diversi Centri di aggregazione le date degli incontri.<\/p>\n<p>&nbsp;<\/p>\n<p>\u201cUna Settimana da Assessore\u201d :<\/p>\n<p>la seconda edizione della particolare iniziativa che consentir\u00e0 ad alcuni giovani del territorio, di et\u00e0 compresa tra i 18 e i 30 anni, di affiancare l\u2019Assessore all\u2019Ambiente e alla Smart City nella sua attivit\u00e0 di amministratore pubblico nei settori di sua competenza. I giovani potranno quotidianamente partecipare insieme all\u2019assessore a riunioni, incontri con i cittadini, programmazione delle attivit\u00e0 e a tutti gli impegni di cui si compone l\u2019agenda di un amministratore.<\/p>\n<p>&nbsp;<\/p>\n<p>\u201cConsiglio Comunale dei Giovani\u201d :<\/p>\n<p>sar\u00e0 avviata l\u2019attivazione di questo organismo di effettivo coinvolgimento degli adolescenti alla vita cittadina, formato da studenti appartenenti alla scuola secondaria di II grado. Il Consiglio Comunale dei Giovani \u00e8 un reale luogo di riflessione e di proposta dove i giovani diventeranno protagonisti attivi e positivi della vita della comunit\u00e0, attraverso un coinvolgimento autonomo e non vincolato a logiche di partito.<\/p>\n<p>&nbsp;<\/p>\n<p>Oltre a queste attivit\u00e0, di concerto con il Consiglio Direttivo della Consulta delle Associazioni, si \u00e8 gi\u00e0 avviato un percorso, dedicato a tutti i soggetti iscritti all\u2019Albo delle Associazioni e\/o facenti parte della Consulta stessa, che preveder\u00e0 successivamente anche alcuni appuntamenti di incontro.<\/p>\n<p>&nbsp;<\/p>\n<p>Con queste iniziative l\u2019Amministrazione Comunale vuole promuovere un processo partecipativo che coinvolga sempre pi\u00f9 i singoli, i gruppi e le istituzioni, favorendo un senso condiviso e generando una pluralit\u00e0 di valori mirati alla realizzazione del bene comune.<\/p>\n<p>&nbsp;<\/p>\n<p><strong>COMUNICATO STAMPA AMMINISTRAZIONE COMUNALE DI CEGLIE MESSAPICA<\/strong><\/p>\n","protected":false},"excerpt":{"rendered":"<p>Partir\u00e0 dal 26 novembre p.v. il primo \u201cTour della Partecipazione\u201d che coinvolger\u00e0 le diverse realt\u00e0 aggregative della citt\u00e0 e, in particolare, tutte le Associazioni, le Parrocchie e le Scuole del territorio fino al 4 febbraio 2018. &nbsp; Poco pi\u00f9 di due mesi di incontri ed iniziative dedicati al tema della partecipazione dei cittadini. Un periodo lungo di incontro e di ascolto, ideato per conoscere ancora meglio ed ancora pi\u00f9 da vicino i vari programmi ed i singoli cammini di ognuno, per dimostrare concretamente la vicinanza e per rendere i cittadini sempre pi\u00f9 protagonisti delle scelte e della vita della comunit\u00e0. &nbsp; L\u2019Amministrazione Comunale vuole, quindi, lanciare un messaggio nuovo ed incontrare i cittadini \u2018a casa loro\u2019 : non incontri presso il Municipio, ma momenti di condivisione della vita quotidiana e dei posti dove vivono e operano le diverse realt\u00e0 aggregative cittadine ed appuntamenti nei luoghi di aggregazione pi\u00f9 rappresentativi. &nbsp; Il \u201cTour della Partecipazione\u201d si svolger\u00e0 attraverso alcune iniziative concrete : &nbsp; \u201cUn Caff\u00e8 con il Sindaco\u201d : un incontro&#8230;<\/p>\n","protected":false},"author":2,"featured_media":10265,"comment_status":"open","ping_status":"closed","sticky":false,"template":"","format":"standard","meta":{"footnotes":""},"categories":[7],"tags":[87],"class_list":["post-117719","post","type-post","status-publish","format-standard","has-post-thumbnail","hentry","category-news","tag-ceglie-messapica"],"_links":{"self":[{"href":"https:\/\/www.brundisium.net\/index.php\/wp-json\/wp\/v2\/posts\/117719","targetHints":{"allow":["GET"]}}],"collection":[{"href":"https:\/\/www.brundisium.net\/index.php\/wp-json\/wp\/v2\/posts"}],"about":[{"href":"https:\/\/www.brundisium.net\/index.php\/wp-json\/wp\/v2\/types\/post"}],"author":[{"embeddable":true,"href":"https:\/\/www.brundisium.net\/index.php\/wp-json\/wp\/v2\/users\/2"}],"replies":[{"embeddable":true,"href":"https:\/\/www.brundisium.net\/index.php\/wp-json\/wp\/v2\/comments?post=117719"}],"version-history":[{"count":1,"href":"https:\/\/www.brundisium.net\/index.php\/wp-json\/wp\/v2\/posts\/117719\/revisions"}],"predecessor-version":[{"id":117722,"href":"https:\/\/www.brundisium.net\/index.php\/wp-json\/wp\/v2\/posts\/117719\/revisions\/117722"}],"wp:featuredmedia":[{"embeddable":true,"href":"https:\/\/www.brundisium.net\/index.php\/wp-json\/wp\/v2\/media\/10265"}],"wp:attachment":[{"href":"https:\/\/www.brundisium.net\/index.php\/wp-json\/wp\/v2\/media?parent=117719"}],"wp:term":[{"taxonomy":"category","embeddable":true,"href":"https:\/\/www.brundisium.net\/index.php\/wp-json\/wp\/v2\/categories?post=117719"},{"taxonomy":"post_tag","embeddable":true,"href":"https:\/\/www.brundisium.net\/index.php\/wp-json\/wp\/v2\/tags?post=117719"}],"curies":[{"name":"wp","href":"https:\/\/api.w.org\/{rel}","templated":true}]}}