{"id":117720,"date":"2017-11-10T08:26:00","date_gmt":"2017-11-10T07:26:00","guid":{"rendered":"http:\/\/www.brundisium.net\/?p=117720"},"modified":"2017-11-09T23:27:09","modified_gmt":"2017-11-09T22:27:09","slug":"futsal-brindisi-caselli-si-riprende-il-suo-8","status":"publish","type":"post","link":"https:\/\/www.brundisium.net\/index.php\/futsal-brindisi-caselli-si-riprende-il-suo-8\/","title":{"rendered":"Futsal Brindisi, Caselli si riprende il suo 8"},"content":{"rendered":"<p>Dopo circa un anno da un brutto infortunio ad un ginocchio rimediato in una gara di coppa torna tra i convocati Giammarco Caselli che si riprende la sua maglia numero 8. Se l&#8217;esterno-pivot sar\u00e0 schierato per qualche minuto dipender\u00e0 da diversi fattori, certamente la contemporanea assenza per squalifica di Simmini e di Tomassini potrebbero favorirne l&#8217;effettivo impiego. In ogni caso tornare a vivere il clima partita \u00e8 gi\u00e0 qualcosa per un combattente come il biancoazzurro.<\/p>\n<p>&nbsp;<\/p>\n<p>L&#8217;occasione per vederlo in campo \u00e8 la trasferta di questo sabato a Polignano contro il Neapolis, squadra che al momento non sta ripetendo il positivo rendimento della scorsa stagione. Non c\u2019\u00e8 per\u00f2 da fidarsi anche perch\u00e9 il palasport &#8220;Gino D&#8217;Aprile&#8221; in passato \u00e8 stato avaro di soddisfazioni per i brindisini che questo sabato cercheranno di sfatare il tabu.<\/p>\n<p>&nbsp;<\/p>\n<p>In settimana ha salutato il gruppo a disposizione di mister Di Serio il portiere Ivano Gigliola che pare destinato a ritornare al Futsal Lecce nella finestra di mercato di dicembre. L&#8217;estremo difensore, che la societ\u00e0 ringrazia per la professionalit\u00e0 dimostrata in questi mesi, \u00e8 stato sostituito dal collega di ruolo Antonio Ligliola, in forza all&#8217;Atletico Azzurri Santa Rita nella scorsa stagione.<\/p>\n<p>&nbsp;<\/p>\n<p>Dopo la trasferta di Polignano il Futsal Brindisi avr\u00e0 un inusuale doppio impegno casalingo consecutivo nell&#8217;arco di cinque giorni. Inusuale perch\u00e9 l&#8217;avversario sar\u00e0 sempre lo stesso, il Just Mola, che sar\u00e0 affrontato prima marted\u00ec 14 novembre, alle ore 21.30, nella gara di ritorno degli ottavi di finale di Coppa Italia (con tre reti da rimontare per Spagnolo e compagni per passare il turno) e poi sabato 18 novembre, alle ore 16, nell&#8217;ambito della tredicesima giornata di campionato.<\/p>\n<p>&nbsp;<\/p>\n<p>&nbsp;<\/p>\n<p>PROGRAMMA 12^ GIORNATA SERIE C1 (sabato 11 novembre 2017, ore 16)<br \/>\nDiaz Bisceglie-Latiano (ore 19), Dream Team Palo del Colle-Futsal Andria, Eraclio Barletta-Olympique Ostuni, Futsal Castellaneta-Futsal Bat Barletta, Just Mola-CSG Putignano, Neapolis Polignano-Futsal Brindisi, Pellegrino Altamura-Aquile Molfetta, Futsal Salapia-Polisp. di Adelfia<\/p>\n<p>&nbsp;<\/p>\n<p>&nbsp;<\/p>\n<p>CLASSIFICA<br \/>\nAquile Molfetta 28; Polisp. di Adelfia 24; Eraclio Barletta 22; Futsal Salapia 21; Latiano 20; Dream Team Palo del Colle 19; Diaz Bisceglie, Futsal Bat Barletta, Olympique Ostuni 18; Futsal Andria, Futsal Brindisi 14; Just Mola, Neapolis Polignano 8; Pellegrino Altamura 6; CSG Putignano 5; Futsal Castellaneta 4.<\/p>\n","protected":false},"excerpt":{"rendered":"<p>Dopo circa un anno da un brutto infortunio ad un ginocchio rimediato in una gara di coppa torna tra i convocati Giammarco Caselli che si riprende la sua maglia numero 8. Se l&#8217;esterno-pivot sar\u00e0 schierato per qualche minuto dipender\u00e0 da diversi fattori, certamente la contemporanea assenza per squalifica di Simmini e di Tomassini potrebbero favorirne l&#8217;effettivo impiego. In ogni caso tornare a vivere il clima partita \u00e8 gi\u00e0 qualcosa per un combattente come il biancoazzurro. &nbsp; L&#8217;occasione per vederlo in campo \u00e8 la trasferta di questo sabato a Polignano contro il Neapolis, squadra che al momento non sta ripetendo il positivo rendimento della scorsa stagione. Non c\u2019\u00e8 per\u00f2 da fidarsi anche perch\u00e9 il palasport &#8220;Gino D&#8217;Aprile&#8221; in passato \u00e8 stato avaro di soddisfazioni per i brindisini che questo sabato cercheranno di sfatare il tabu. &nbsp; In settimana ha salutato il gruppo a disposizione di mister Di Serio il portiere Ivano Gigliola che pare destinato a ritornare al Futsal Lecce nella finestra di mercato di dicembre. L&#8217;estremo difensore, che la societ\u00e0&#8230;<\/p>\n","protected":false},"author":2,"featured_media":117052,"comment_status":"open","ping_status":"closed","sticky":false,"template":"","format":"standard","meta":{"footnotes":""},"categories":[15],"tags":[2638],"class_list":["post-117720","post","type-post","status-publish","format-standard","has-post-thumbnail","hentry","category-calcio-a-5","tag-futsal-brindisi"],"_links":{"self":[{"href":"https:\/\/www.brundisium.net\/index.php\/wp-json\/wp\/v2\/posts\/117720","targetHints":{"allow":["GET"]}}],"collection":[{"href":"https:\/\/www.brundisium.net\/index.php\/wp-json\/wp\/v2\/posts"}],"about":[{"href":"https:\/\/www.brundisium.net\/index.php\/wp-json\/wp\/v2\/types\/post"}],"author":[{"embeddable":true,"href":"https:\/\/www.brundisium.net\/index.php\/wp-json\/wp\/v2\/users\/2"}],"replies":[{"embeddable":true,"href":"https:\/\/www.brundisium.net\/index.php\/wp-json\/wp\/v2\/comments?post=117720"}],"version-history":[{"count":1,"href":"https:\/\/www.brundisium.net\/index.php\/wp-json\/wp\/v2\/posts\/117720\/revisions"}],"predecessor-version":[{"id":117721,"href":"https:\/\/www.brundisium.net\/index.php\/wp-json\/wp\/v2\/posts\/117720\/revisions\/117721"}],"wp:featuredmedia":[{"embeddable":true,"href":"https:\/\/www.brundisium.net\/index.php\/wp-json\/wp\/v2\/media\/117052"}],"wp:attachment":[{"href":"https:\/\/www.brundisium.net\/index.php\/wp-json\/wp\/v2\/media?parent=117720"}],"wp:term":[{"taxonomy":"category","embeddable":true,"href":"https:\/\/www.brundisium.net\/index.php\/wp-json\/wp\/v2\/categories?post=117720"},{"taxonomy":"post_tag","embeddable":true,"href":"https:\/\/www.brundisium.net\/index.php\/wp-json\/wp\/v2\/tags?post=117720"}],"curies":[{"name":"wp","href":"https:\/\/api.w.org\/{rel}","templated":true}]}}