{"id":117879,"date":"2017-11-11T14:00:48","date_gmt":"2017-11-11T13:00:48","guid":{"rendered":"http:\/\/www.brundisium.net\/?p=117879"},"modified":"2017-11-11T14:55:36","modified_gmt":"2017-11-11T13:55:36","slug":"tari-gonfiata-ricostruiamo-cellino-lennesimo-errore-orrore-del-sindaco-de-luca","status":"publish","type":"post","link":"https:\/\/www.brundisium.net\/index.php\/tari-gonfiata-ricostruiamo-cellino-lennesimo-errore-orrore-del-sindaco-de-luca\/","title":{"rendered":"Tari Gonfiata, Ricostruiamo Cellino: &#8220;l&#8217;ennesimo errore-orrore del Sindaco De Luca&#8221;"},"content":{"rendered":"<p>Cari cittadini cellinesi il Ministero dell\u2019Economia e Finanze ha stabilito in modo chiaro e netto che il calcolo sulla quota variabile va fatto una sola volta per ogni utenza tenendo conto della superficie totale dell\u2019abitazione e a prescindere dal numero di pertinenze collegate all\u2019abitazione principale. E quindi va presentata domanda di rimborso.<\/p>\n<p>Il doppio calcolo della quota variabile, applicata non sull\u2019intera superficie dell\u2019immobile ma su abitazione e pertinenze, ha comportato quella che dalla stampa e dalle associazioni in difesa dei diritti dei contribuenti \u00e8 stata definita la Tari gonfiata con conseguente aumento considerevole della tassa rifiuti. Ad esempio, nel caso di un\u2019utenza domestica composta da abitazione, garage e cantina, mentre la quota fissa si calcola in base alla superficie totale delle tre unit\u00e0, la quota variabile si calcola in base al numero dei componenti del nucleo familiare (1 e solo per le tre unit\u00e0)&#8230;.quindi una sola volta!!!<\/p>\n<p>&nbsp;<\/p>\n<p>Il nostro Comune per chiara scelta politica purtroppo ha fatto cos\u00ec e ci siamo ritrovati a pagare importi che non dovevamo.<\/p>\n<p>Per questo invitiamo tutti i cittadini a presentare domanda di rimborso per gli anni precedenti direttamente al Comune controllando preventivamente se \u00e8 stato effettuato il calcolo della quota variabile della Tari indistintamente su immobile e pertinenze.<\/p>\n<p>&nbsp;<\/p>\n<p>E\u2019 necessario perci\u00f2 inviare la richiesta con raccomandata a.r. o posta elettronica certificata, firmata dal titolare dell\u2019utenza e citando gli estremi dell\u2019interrogazione parlamentare n. 5-10764 del 18\/10\/2017.<\/p>\n<p>&nbsp;<\/p>\n<p>Alla richiesta vanno allegati gli avvisi di pagamento della Tari che contengono:<br \/>\nil riepilogo dell\u2019importo da pagare e il dettaglio delle somme, i dati catastali dell\u2019immobile ,la superficie tassata, il numero degli occupanti, la quota fissa e variabile distinta per ogni unit\u00e0 immobiliare e le ricevute di pagamento. Se volete potete rivolgervi ai vostri consulenti, ai commercialisti, ai sindacati e ai patronati di fiducia.<\/p>\n<p>&nbsp;<\/p>\n<p>L\u2019Amministrazione del Sindaco De Luca con chiara scelta politica e di fronte a un servizio pessimo ha consapevolmente deliberato mesi fa le tariffe sapendo di sbagliare e di far pagare di pi\u00f9 i cellinesi, nonostante Ricostruiamo Cellino con i suoi consiglieri Budano e Cesano avessero contestato in Consiglio Comunale la doppia tassazione delle abitazioni e delle pertinenze, per non parlare della tassazione degli edifici diversi dalle abitazione principale per un numero di componenti il nucleo familiare pari a quelli che abitano nella prima casa. E siamo anche a conoscenza di tanti semplici cittadini che sono andati a segnalare la presunta anomalia.<\/p>\n<p>&nbsp;<\/p>\n<p>Sindaco e amministrazione, ci avete riso in faccia perch\u00e9 abbiamo difeso le tasche e i risparmi dei cellinesi, anche quando abbiamo messo a disposizione il nostro impegno proponendo una commissione speciale che studiasse appunto la riduzione delle tariffe sui rifiuti. Ci avete bocciati senza riserve e senza un motivo chiaro, ora restituite ai cittadini cellinesi quanto gli \u00e8 dovuto, senza aspettare le migliaia di richieste di ricorsi per i rimborsi. Ora Sindaco De Luca evita a noi cellinesi almeno il fastidio di fare ricorso. Occupa finalmente il tuo tempo per fare una cosa utile ai tuoi cittadini. Fai almeno questa bella figura, dopo due anni di Amministrazione, ormai da denominare AMMINISTRAZIONE DEL NULLA!!!<\/p>\n<p>&nbsp;<\/p>\n<p><strong>MOVIMENTO E GRUPPO CONSILIARE RICOSTRUIAMO CELLINO<\/strong><\/p>\n<p>&nbsp;<\/p>\n","protected":false},"excerpt":{"rendered":"<p>Cari cittadini cellinesi il Ministero dell\u2019Economia e Finanze ha stabilito in modo chiaro e netto che il calcolo sulla quota variabile va fatto una sola volta per ogni utenza tenendo conto della superficie totale dell\u2019abitazione e a prescindere dal numero di pertinenze collegate all\u2019abitazione principale. E quindi va presentata domanda di rimborso. Il doppio calcolo della quota variabile, applicata non sull\u2019intera superficie dell\u2019immobile ma su abitazione e pertinenze, ha comportato quella che dalla stampa e dalle associazioni in difesa dei diritti dei contribuenti \u00e8 stata definita la Tari gonfiata con conseguente aumento considerevole della tassa rifiuti. Ad esempio, nel caso di un\u2019utenza domestica composta da abitazione, garage e cantina, mentre la quota fissa si calcola in base alla superficie totale delle tre unit\u00e0, la quota variabile si calcola in base al numero dei componenti del nucleo familiare (1 e solo per le tre unit\u00e0)&#8230;.quindi una sola volta!!! &nbsp; Il nostro Comune per chiara scelta politica purtroppo ha fatto cos\u00ec e ci siamo ritrovati a pagare importi che non dovevamo. Per&#8230;<\/p>\n","protected":false},"author":2,"featured_media":85616,"comment_status":"open","ping_status":"closed","sticky":false,"template":"","format":"standard","meta":{"footnotes":""},"categories":[7],"tags":[5189,2193],"class_list":["post-117879","post","type-post","status-publish","format-standard","has-post-thumbnail","hentry","category-news","tag-ricostruiamo-cellino","tag-tari"],"_links":{"self":[{"href":"https:\/\/www.brundisium.net\/index.php\/wp-json\/wp\/v2\/posts\/117879","targetHints":{"allow":["GET"]}}],"collection":[{"href":"https:\/\/www.brundisium.net\/index.php\/wp-json\/wp\/v2\/posts"}],"about":[{"href":"https:\/\/www.brundisium.net\/index.php\/wp-json\/wp\/v2\/types\/post"}],"author":[{"embeddable":true,"href":"https:\/\/www.brundisium.net\/index.php\/wp-json\/wp\/v2\/users\/2"}],"replies":[{"embeddable":true,"href":"https:\/\/www.brundisium.net\/index.php\/wp-json\/wp\/v2\/comments?post=117879"}],"version-history":[{"count":1,"href":"https:\/\/www.brundisium.net\/index.php\/wp-json\/wp\/v2\/posts\/117879\/revisions"}],"predecessor-version":[{"id":117880,"href":"https:\/\/www.brundisium.net\/index.php\/wp-json\/wp\/v2\/posts\/117879\/revisions\/117880"}],"wp:featuredmedia":[{"embeddable":true,"href":"https:\/\/www.brundisium.net\/index.php\/wp-json\/wp\/v2\/media\/85616"}],"wp:attachment":[{"href":"https:\/\/www.brundisium.net\/index.php\/wp-json\/wp\/v2\/media?parent=117879"}],"wp:term":[{"taxonomy":"category","embeddable":true,"href":"https:\/\/www.brundisium.net\/index.php\/wp-json\/wp\/v2\/categories?post=117879"},{"taxonomy":"post_tag","embeddable":true,"href":"https:\/\/www.brundisium.net\/index.php\/wp-json\/wp\/v2\/tags?post=117879"}],"curies":[{"name":"wp","href":"https:\/\/api.w.org\/{rel}","templated":true}]}}