{"id":118180,"date":"2017-11-15T22:21:54","date_gmt":"2017-11-15T21:21:54","guid":{"rendered":"http:\/\/www.brundisium.net\/?p=118180"},"modified":"2017-11-16T12:55:07","modified_gmt":"2017-11-16T11:55:07","slug":"angela-carluccio-in-un-intervista-racconto-le-vere-ragioni-della-fine-della-mia-consigliatura","status":"publish","type":"post","link":"https:\/\/www.brundisium.net\/index.php\/angela-carluccio-in-un-intervista-racconto-le-vere-ragioni-della-fine-della-mia-consigliatura\/","title":{"rendered":"Angela Carluccio: &#8220;in un intervista racconto le vere ragioni della fine della mia consigliatura&#8221;"},"content":{"rendered":"<p>Dopo quasi sei mesi dalla caduta dell\u2019Amministrazione ho voluto dare voce alle mie riflessioni ripercorrendo il periodo della carica amministrativa, denunciando alcune verit\u00e0 mai dette e spiegando le vere ragioni della fine della Consigliatura.<\/p>\n<p>&nbsp;<\/p>\n<p>Tutto viene registrato negli studi dell\u2019emittente televisiva Studio100, dove alla giornalista Anna Saponaro ho rilasciato un\u2019intervista della durata di un\u2019ora e 22 minuti cercando di raccontare in maniera circostanziata fatti e personaggi principali e secondari dell\u2019Amministrazione Comunale.<\/p>\n<p>&nbsp;<\/p>\n<p>Rappresentare la verit\u00e0 \u00e8 un atto dovuto a chi ha creduto in me, mi ha dato fiducia e incarico per governare la nostra citt\u00e0\u2019.<\/p>\n<p>&nbsp;<\/p>\n<p>NOTA STAMPA Angela Carluccio<\/p>\n","protected":false},"excerpt":{"rendered":"<p>Dopo quasi sei mesi dalla caduta dell\u2019Amministrazione ho voluto dare voce alle mie riflessioni ripercorrendo il periodo della carica amministrativa, denunciando alcune verit\u00e0 mai dette e spiegando le vere ragioni della fine della Consigliatura. &nbsp; Tutto viene registrato negli studi dell\u2019emittente televisiva Studio100, dove alla giornalista Anna Saponaro ho rilasciato un\u2019intervista della durata di un\u2019ora e 22 minuti cercando di raccontare in maniera circostanziata fatti e personaggi principali e secondari dell\u2019Amministrazione Comunale. &nbsp; Rappresentare la verit\u00e0 \u00e8 un atto dovuto a chi ha creduto in me, mi ha dato fiducia e incarico per governare la nostra citt\u00e0\u2019. &nbsp; NOTA STAMPA Angela Carluccio<\/p>\n","protected":false},"author":2,"featured_media":74998,"comment_status":"open","ping_status":"closed","sticky":false,"template":"","format":"standard","meta":{"footnotes":""},"categories":[7],"tags":[3095],"class_list":["post-118180","post","type-post","status-publish","format-standard","has-post-thumbnail","hentry","category-news","tag-angela-carluccio"],"_links":{"self":[{"href":"https:\/\/www.brundisium.net\/index.php\/wp-json\/wp\/v2\/posts\/118180","targetHints":{"allow":["GET"]}}],"collection":[{"href":"https:\/\/www.brundisium.net\/index.php\/wp-json\/wp\/v2\/posts"}],"about":[{"href":"https:\/\/www.brundisium.net\/index.php\/wp-json\/wp\/v2\/types\/post"}],"author":[{"embeddable":true,"href":"https:\/\/www.brundisium.net\/index.php\/wp-json\/wp\/v2\/users\/2"}],"replies":[{"embeddable":true,"href":"https:\/\/www.brundisium.net\/index.php\/wp-json\/wp\/v2\/comments?post=118180"}],"version-history":[{"count":1,"href":"https:\/\/www.brundisium.net\/index.php\/wp-json\/wp\/v2\/posts\/118180\/revisions"}],"predecessor-version":[{"id":118181,"href":"https:\/\/www.brundisium.net\/index.php\/wp-json\/wp\/v2\/posts\/118180\/revisions\/118181"}],"wp:featuredmedia":[{"embeddable":true,"href":"https:\/\/www.brundisium.net\/index.php\/wp-json\/wp\/v2\/media\/74998"}],"wp:attachment":[{"href":"https:\/\/www.brundisium.net\/index.php\/wp-json\/wp\/v2\/media?parent=118180"}],"wp:term":[{"taxonomy":"category","embeddable":true,"href":"https:\/\/www.brundisium.net\/index.php\/wp-json\/wp\/v2\/categories?post=118180"},{"taxonomy":"post_tag","embeddable":true,"href":"https:\/\/www.brundisium.net\/index.php\/wp-json\/wp\/v2\/tags?post=118180"}],"curies":[{"name":"wp","href":"https:\/\/api.w.org\/{rel}","templated":true}]}}