{"id":118192,"date":"2017-11-16T00:56:05","date_gmt":"2017-11-15T23:56:05","guid":{"rendered":"http:\/\/www.brundisium.net\/?p=118192"},"modified":"2017-11-16T12:55:21","modified_gmt":"2017-11-16T11:55:21","slug":"direzione-italia-nominato-il-coordinamento-di-erchie","status":"publish","type":"post","link":"https:\/\/www.brundisium.net\/index.php\/direzione-italia-nominato-il-coordinamento-di-erchie\/","title":{"rendered":"Direzione Italia: nominato il coordinamento di Erchie"},"content":{"rendered":"<p>Direzione Italia si riorganizza ad Erchie e per far farlo riparte dai cittadini, nominato nelle scorse ore il nuovo coordinamento che contribuir\u00e0 a concretizzare il progetto politico di centro destra.<\/p>\n<p>Prosegue con impegno il lavoro di Direzione Italia qui a Erchie, oggi, in comune accordo con il nostro coordinatore provinciale, il senatore Vittorio Zizza, \u00e8 stato definito il nuovo coordinamento che vede vice coordinatore Cittadino Vicario, Cosimo Argentoni; vice coordinatore Cittadino, Avv. Gregorio Daggiano. Nominati anche i componenti del coordinamento cittadino: tesoriere, Angelo Ciccarese; responsabile organizzativo, prof. Francesco Mancini; responsabile giovanile, avv. Maria Antonietta Bianco; responsabile elezioni e primarie, Avv. Alfredo Russo; responsabile comunicazioni, Marcello Ciccarese; giustizia, dott.ssa Annamaria Mancini; attivit\u00e0 portuali e attivit\u00e0 produttive, Ottavio Carbone; sanit\u00e0, salute, politiche sociali e volontariato, rag. Alessandro Coccioli; urbanistica, trasporti e infrastrutture, rag. Sandro Di Lecce; ambiente, agricoltura e green economy, Marcello Costantini; sicurezza e immigrazione, Antonio Cavallo; pubblica istruzione, dott.ssa Imma Mancini; cultura e turismo, Serena Mim\u00f2; lavoro, innovazione, rapporti con i sindacati e pubblica amministrazione, Angelo Ferrara; politiche giovanili, rag. Luca Antonaci; lavori pubblici, Antonio Di Lecce; pari opportunit\u00e0, Addolorata Del Vecchio; rapporti sindacali, Angelo Ferrara.<\/p>\n<p>&nbsp;<\/p>\n<p>A tutti i responsabili va il mio ringraziamento e auguro a tutti buon lavoro. Le cose da fare saranno tante, soprattutto ad Erchie che sta vivendo un momento politicamente molto delicato. Rimaniamo garantisti ma crediamo, per il bene dei cittadini, che questa citt\u00e0 debba iniziare a guardare di nuovo avanti e a scrivere il proprio futuro soprattutto quando si parla di scelte determinanti come quella relativa alla questione del compostaggio, per la quale Direzione Italia ha gi\u00e0 preso la propria posizione. Noi ci saremo e lavoreremo con la passione e l&#8217;impegno di sempre. Cos\u00ec in una nota il Coordinatore Cittadino, Avv. Domenico Mancini, di Direzione Italia.<\/p>\n<p>&nbsp;<\/p>\n<p><strong>C.S.<\/strong><\/p>\n","protected":false},"excerpt":{"rendered":"<p>Direzione Italia si riorganizza ad Erchie e per far farlo riparte dai cittadini, nominato nelle scorse ore il nuovo coordinamento che contribuir\u00e0 a concretizzare il progetto politico di centro destra. Prosegue con impegno il lavoro di Direzione Italia qui a Erchie, oggi, in comune accordo con il nostro coordinatore provinciale, il senatore Vittorio Zizza, \u00e8 stato definito il nuovo coordinamento che vede vice coordinatore Cittadino Vicario, Cosimo Argentoni; vice coordinatore Cittadino, Avv. Gregorio Daggiano. Nominati anche i componenti del coordinamento cittadino: tesoriere, Angelo Ciccarese; responsabile organizzativo, prof. Francesco Mancini; responsabile giovanile, avv. Maria Antonietta Bianco; responsabile elezioni e primarie, Avv. Alfredo Russo; responsabile comunicazioni, Marcello Ciccarese; giustizia, dott.ssa Annamaria Mancini; attivit\u00e0 portuali e attivit\u00e0 produttive, Ottavio Carbone; sanit\u00e0, salute, politiche sociali e volontariato, rag. Alessandro Coccioli; urbanistica, trasporti e infrastrutture, rag. Sandro Di Lecce; ambiente, agricoltura e green economy, Marcello Costantini; sicurezza e immigrazione, Antonio Cavallo; pubblica istruzione, dott.ssa Imma Mancini; cultura e turismo, Serena Mim\u00f2; lavoro, innovazione, rapporti con i sindacati e pubblica amministrazione, Angelo Ferrara; politiche giovanili, rag&#8230;.<\/p>\n","protected":false},"author":2,"featured_media":118193,"comment_status":"open","ping_status":"closed","sticky":false,"template":"","format":"standard","meta":{"footnotes":""},"categories":[7],"tags":[3590],"class_list":["post-118192","post","type-post","status-publish","format-standard","has-post-thumbnail","hentry","category-news","tag-direzione-italia"],"_links":{"self":[{"href":"https:\/\/www.brundisium.net\/index.php\/wp-json\/wp\/v2\/posts\/118192","targetHints":{"allow":["GET"]}}],"collection":[{"href":"https:\/\/www.brundisium.net\/index.php\/wp-json\/wp\/v2\/posts"}],"about":[{"href":"https:\/\/www.brundisium.net\/index.php\/wp-json\/wp\/v2\/types\/post"}],"author":[{"embeddable":true,"href":"https:\/\/www.brundisium.net\/index.php\/wp-json\/wp\/v2\/users\/2"}],"replies":[{"embeddable":true,"href":"https:\/\/www.brundisium.net\/index.php\/wp-json\/wp\/v2\/comments?post=118192"}],"version-history":[{"count":1,"href":"https:\/\/www.brundisium.net\/index.php\/wp-json\/wp\/v2\/posts\/118192\/revisions"}],"predecessor-version":[{"id":118194,"href":"https:\/\/www.brundisium.net\/index.php\/wp-json\/wp\/v2\/posts\/118192\/revisions\/118194"}],"wp:featuredmedia":[{"embeddable":true,"href":"https:\/\/www.brundisium.net\/index.php\/wp-json\/wp\/v2\/media\/118193"}],"wp:attachment":[{"href":"https:\/\/www.brundisium.net\/index.php\/wp-json\/wp\/v2\/media?parent=118192"}],"wp:term":[{"taxonomy":"category","embeddable":true,"href":"https:\/\/www.brundisium.net\/index.php\/wp-json\/wp\/v2\/categories?post=118192"},{"taxonomy":"post_tag","embeddable":true,"href":"https:\/\/www.brundisium.net\/index.php\/wp-json\/wp\/v2\/tags?post=118192"}],"curies":[{"name":"wp","href":"https:\/\/api.w.org\/{rel}","templated":true}]}}