{"id":118269,"date":"2017-11-16T14:58:49","date_gmt":"2017-11-16T13:58:49","guid":{"rendered":"http:\/\/www.brundisium.net\/?p=118269"},"modified":"2017-11-16T17:00:47","modified_gmt":"2017-11-16T16:00:47","slug":"caso-tari-cellino-san-marco-pezzuto-fdi-an-il-consiglio-comunale-si-presenti-ai-cittadini","status":"publish","type":"post","link":"https:\/\/www.brundisium.net\/index.php\/caso-tari-cellino-san-marco-pezzuto-fdi-an-il-consiglio-comunale-si-presenti-ai-cittadini\/","title":{"rendered":"Caso Tari Cellino San Marco, Pezzuto (FdI-AN): il Consiglio Comunale si presenti ai cittadini"},"content":{"rendered":"<p>Il caso Tari \u00e8 un caso nazionale che per caduta si ribalta, come ogni cosa, sempre ed esclusivamente sulle Amministrazioni Locali.<br \/>\nCHI NE PAGA LE CONSEGUENZE? &#8211; IL CITTADINO E GLI AMMINISTRATORI LOCALI CHE DEVONO VIGILARE E TUTELARE I CITTADINI, E, NESSUN ALTRO.<br \/>\nRITENIAMO CHE PRIMA DI ATTACCARE &#8220;A SPADA TRATTA&#8221; &#8211; SI DEBBA FARE UNA CONSIDERAZIONE ELEMENTARE E LOGICA:<br \/>\nCHI VERAMENTE HA GENERATO L&#8217;ERRORE?<br \/>\nCHI POI HA FATTO SI CHE L&#8217;ERRORE ASSUMESSE PROPORZIONI CICLOPICHE?&#8230;&#8230;&#8230;..<br \/>\nSENZA VOLER GIUSTIFICARE, OLTREMODO, L&#8217;OPERATO DEGLI AMMINISTRATORI LOCALI CHE SICURAMENTE, NON POSSEDENDO COMPETENZA E PROFESSIONALITA&#8217; SPECIFICA IN MATERIA, SI SONO AFFIDATI E FIDATI DELLA MACCHINA BUROCRATICA DEI DIRIGENTI E DEI FUNZIONARI PUBBLICI LOCALI.<br \/>\nAPPARE OVVIO A QUESTO PUNTO PORSI  DOMANDE:<br \/>\nMA E&#8217; MAI POSSIBILE CHE QUESTI BUROCRATI, CHE PERCEPISCONO FIOR DI STIPENDI, NON FACCIAMO CIO&#8217; CHE GLI COMPETE?<br \/>\nE AMMESSO CHE FACCIAMO CIO&#8217; CHE A LORO E DEMANDATO PER ISTITUTO, PERCHE&#8217; NON ESCONO DALLA GABBIA DEL BUROCRATESE E OPERINO SENZA SUPERFICIALITA&#8217; E PRESSAPOSCHISMO?<br \/>\nQUANTO AFFERMATO, NON INTENDE ESSERE UN ATTACCO A TUTTI I DIPENDENTI PUBBLICI, MA SEMPLICEMENTE UNA CONSIDERAZIONE, NON TUTTI SI COMPORTANO NELLO STESSO MODO, ANZI DI CONTRO, C&#8217;E&#8217; UNA SUFFICIENTE PARTE DI LORO CHE SI SFORZA E SI SACRIFICA NELL&#8217;ADEMPIMENTO DEL PROPRIO DOVERE, MA E&#8217; MOLTO AL DI SOTTO DEL RESTO, DI QUELLA BUONA PARTE CHE COMPLICA LE COSE SEMPLICI, PERCHE&#8217;,&#8230; NON HA LE COMPETENZE, DISCONOSCE LA MATERIA, NON HA PAZIENZA E CAPACITA&#8217; DI ASCOLTO E RELAZIONE CON I CITTADINI, SI RIVESTE DI PRESUPPONENZA E ARROGANZA, E OGNUNO DI NOI POTREBBE AGGIUNGERE TANTA ROBA ANCORA.<br \/>\nPRESSAPOCHISMO, SUPERFICIALITA&#8217;, ECC&#8230;, ECC.., SONO L&#8217;HUMUS DELL&#8217;ESASPERANTE BUROCRAZIA CHE POI, INEVITABILMENTE CONDUCE ANCHE, E NON SOLO, AL CASO TARI.<br \/>\nMentre scribacchiamo la presente lettera aperta, iniziano ad arrivare i primi chiarimenti del Tesoro sulle modalit\u00e0 per il corretto calcolo della Tari.<br \/>\nIntanto si preannunciano valanghe di ricorsi da parte dei contribuenti vittime del pluriennale gonfiamento (fino al doppio) della tassa sui rifiuti fatto da alcuni Comuni, con il rischio di mandare in default gli enti locali \u201crei\u201d dell\u2019 errore di conteggio.<br \/>\n \u201cIl dipartimento finanze del ministero dell\u2019Economia emaner\u00e0 in tempi molto brevi un documento di chiarimento sulle modalit\u00e0 di corretta applicazione della Tari\u201d fanno sapere fonti Mef, sottolineando che \u201csono gi\u00e0 previste modalit\u00e0 per chiedere i rimborsi qualora un Comune non applichi la tassa in maniera corretta\u201d.<\/p>\n<p>Le associazioni dei consumatori prevedono gi\u00e0 raffiche di cause risarcitorie che potrebbero mandare in rosso i conti, gi\u00e0 di per s\u00e9 non brillanti, di molte Amministrazioni Locali. <\/p>\n<p>Il Codacons si \u00e8 fatto promotore di una azione risarcitoria collettiva contro i comuni che hanno riscosso somme illecite. <\/p>\n<p>\u00abUna valanga di cause patrocinate dal Codacons sta per abbattersi sui comuni, che saranno chiamati non solo a restituire il maltolto, ma anche a pagare gli interessi di legge e le spese nei confronti dei cittadini che agiranno attraverso la nostra associazione \u2013 spiega il presidente Carlo Rienzi, intanto presenteremo un esposto alle Procure della Repubblica affinch\u00e9 indaghino per il reato di truffa e appropriazione indebita, chiedendo al tempo stesso il sequestro cautelare delle somme incamerate dai Comuni negli ultimi 5 anni attraverso la Tari\u00bb. <\/p>\n<p>Il codacons ha messo a disposizione anche un forum telefono che fornir\u00e0 informazioni e istruzioni agli utenti su come verificare eventuali errori sulle bolletta Tari e avviare le pratiche per la restituzione.<\/p>\n<p>Riportiamo una dichiarazione del sottosegretario al Mef Pier Paolo Baretta che &#8220;ha confermato che c\u2019 \u00e8 stata un\u2019 errata comprensione della legge di primo livello, secondo la quale la Tari, per la parte variabile, va applicata soltanto all\u2019 abitazione e non anche alle pertinenze, cosa che molti comuni non hanno fatto&#8221;.<\/p>\n<p>Fin troppo semplice addossare le colpe alle Amministrazioni Locali, il solito &#8220;scarica barile&#8221;&#8230;&#8230;&#8230;&#8230;.. <\/p>\n<p>Tanto alla fine chi paga sempre, per colpe altrui, \u00e8 il cittadino contribuente.<\/p>\n<p>Senza scendere in particolari tecnici, di applicazione dei calcoli, di algoritmi, di percentuali, statistiche, ecc&#8230;, ecc&#8230; resta un fatto &#8220;Che tutti i cittadini italiani, Cellinesi compresi, sono gi\u00e0 pesantemente tartassati da imposte di ogni genere e vorremmo che almeno i calcoli fossero eseguiti nella giusta maniera&#8221;, da semplici professionisti, e non da chi gi\u00e0, a tutti i livelli, ha bruciato la pietanza con  libero arbitrio dell&#8217;esecutore. <\/p>\n<p>Quindi cosa vogliamo dire: desideriamo che il calcolo sia volto proprio ad eliminare ogni possibile errore per un\u2019 applicazione corretta della tassa sui rifiuti.<\/p>\n<p>Non pi\u00f9 volte come invece \u00e8 accaduto in molti comuni superficiali.<\/p>\n<p>Ci auguriamo che il governo, almeno questa volta, non faccia orecchia da mercante e prenda seriamente in considerazione &#8220;tutti i cittadini italiani che sono stanchi di essere vessati&#8221;.<\/p>\n<p>Non \u00e8 accettabile che i cittadini siano sempre penalizzati da errori amministrativi e mala gestione.<\/p>\n<p>Per il nostro Comune cosa si fa?<br \/>\nIntanto evidenziamo che il Sindaco \u00e8 a tutti gli effetti, un contribuente come gli tutti gli altri concittadini, evitiamo di fomentare la cosiddetta &#8220;Guerra dei Poveri&#8221;, attribuendogli &#8220;orrori&#8221;, parliamo degli ultimi 5 anni, teniamolo bene in mente.<\/p>\n<p>Ci\u00f2 non vuole giustificare e colpevolizzare assolutamente l&#8217;attuale e le precedenti Amministrazioni, ma siamo del parere che in questi casi tanto per cercare di risolvere questa delicata questione, ci voglia analisi critica e non polemica ad ogni costo e per ogni cosa, oggi non serve la ricerca forsennata del o dei colpevoli,  oggi serve solo sintesi con tutto il Consiglio Comunale e tutti cittadini.<br \/>\nSperiamo che l&#8217;attuale Amministrazione, in tempi brevi, indica una Pubblica Assemblea, con l&#8217;immancabile presenza dei Dirigenti e Funzionari Comunali, i quali devono fornire risposte dell&#8217;accaduto e di come stanno procedendo in relazione alle indicazioni del Governo.<\/p>\n<p>Evitiamo la politica della &#8220;Caccia alle Streghe&#8221;, invece inchiodiamo alle proprie responsabilit\u00e0 chi \u00e8 pagato per fornire alla CITTADINANZA UN SERVIZIO PUBBLICO, esortando gli Amministratori, a far si, che il loro Istituto di Indirizzo Politico Amministrativo di vigilanza e tutela dei Cittadini Contribuenti, non sia ostaggio della burocrazia asfissiante che vige, non solo nel Comune di Cellino San Marco, ma in tanti altri Comuni.<\/p>\n<p>A coloro che hanno pubblicato sul Social, una nota, vogliamo semplicemente invitarli ad una riflessione, \u00e8 chiaro che a tutti \u00e8 concesso il diritto di replica, in questo caso pi\u00f9 che mai, ma la terminologia usata, ci \u00e8 sembrata un po&#8217; pesante e priva di etica politica &#8220;Vendere Fumo&#8221; potrebbe passare, ma di seguito usare il termine &#8220;SPACCIATE FUMO&#8221;, ci sembra quantomeno diffamatorio e dimostra la mancanza della certezza di risposta, praticamente un &#8220;BOOMERANG&#8221;.<\/p>\n<p>Comprendiamo la volont\u00e0 di difesa del Sindaco, ma il Sindaco, credo, sappia difendersi da solo, poi come su affermato, difendersi da quali colpe?&#8230;&#8230;..<\/p>\n<p>Per quanto scrivete, non comprendiamo i citati aspetti Sociali, non siamo nella &#8220;Foresta di  Sherwood&#8221; dove Robin Hood, rubava ai ricchi per dare ai poveri, &#8220;ma dai erano altri tempi&#8221;, oggi la questione \u00e8 molto pi\u00f9 grave.<\/p>\n<p>Si potrebbe fare una disquisizione accademica:<br \/>\nin base a quali parametri si \u00e8 affermato l&#8217;80% e il 20%?<br \/>\nquali sono i riferimenti adottati per stabilire la soglia di povert\u00e0 locale?<br \/>\nma in ultimo, perch\u00e9 dovrebbe essere il contribuente pi\u00f9 facoltoso a coprire i costi dei meno facoltosi? quando esistono per ISTITUTO Nazionale, Regionale, Locale delle norme e leggi che tutelano le classi pi\u00f9 disagiate.<\/p>\n<p>In questo modo si avvalora la giustificata tesi che siano sempre i cittadini contribuenti pi\u00f9 virtuosi a subire il danno maggiore.<\/p>\n<p>Non crediamo sia il giusto modo di approcciare, rispondere con polemica ad un volantino polemico (definiamolo cos\u00ec), speriamo solo, che ci\u00f2 che \u00e8 stato scritto sia una paturnia tra fanciulli, e non l&#8217;affrontare un problema con verve politica risolutiva, da una parte e da dall&#8217;altra.<\/p>\n<p>L&#8217;Amministrazione Locale non \u00e8 un sistema privato e privatistico, \u00e8 di tutti, maggioranza, opposizione, cittadinanza attiva, e tutti abbiamo l&#8217;obbligo e il dovere di dire la nostra in tutte le sedi opportune e possibili, e sopratutto ricercare la risoluzione agli accadimenti, cos\u00ec come sancito nella nostra COSTITUZIONE.<br \/>\nLA PRESENTE ESPRIME SEMPLICEMENTE ED UMILMENTE UNA ANALISI CRITICA, LE POLEMICHE  LASCIAMOLE AGLI ALTRI.<\/p>\n<p>Invitiamo tutto il CONSIGLIO COMUNALE di Cellino San Marco a formalizzare una ASSEMBLEA PUBBLICA, in tempi brevissimi.<\/p>\n<p>Coordinatore Cittadino Fratelli d&#8217;Italia &#8211; AN &#8211; Cellino San Marco<br \/>\nEmanuele Pezzuto<\/p>\n","protected":false},"excerpt":{"rendered":"<p>Il caso Tari \u00e8 un caso nazionale che per caduta si ribalta, come ogni cosa, sempre ed esclusivamente sulle Amministrazioni Locali. CHI NE PAGA LE CONSEGUENZE? &#8211; IL CITTADINO E GLI AMMINISTRATORI LOCALI CHE DEVONO VIGILARE E TUTELARE I CITTADINI, E, NESSUN ALTRO. RITENIAMO CHE PRIMA DI ATTACCARE &#8220;A SPADA TRATTA&#8221; &#8211; SI DEBBA FARE UNA CONSIDERAZIONE ELEMENTARE E LOGICA: CHI VERAMENTE HA GENERATO L&#8217;ERRORE? CHI POI HA FATTO SI CHE L&#8217;ERRORE ASSUMESSE PROPORZIONI CICLOPICHE?&#8230;&#8230;&#8230;.. SENZA VOLER GIUSTIFICARE, OLTREMODO, L&#8217;OPERATO DEGLI AMMINISTRATORI LOCALI CHE SICURAMENTE, NON POSSEDENDO COMPETENZA E PROFESSIONALITA&#8217; SPECIFICA IN MATERIA, SI SONO AFFIDATI E FIDATI DELLA MACCHINA BUROCRATICA DEI DIRIGENTI E DEI FUNZIONARI PUBBLICI LOCALI. APPARE OVVIO A QUESTO PUNTO PORSI DOMANDE: MA E&#8217; MAI POSSIBILE CHE QUESTI BUROCRATI, CHE PERCEPISCONO FIOR DI STIPENDI, NON FACCIAMO CIO&#8217; CHE GLI COMPETE? E AMMESSO CHE FACCIAMO CIO&#8217; CHE A LORO E DEMANDATO PER ISTITUTO, PERCHE&#8217; NON ESCONO DALLA GABBIA DEL BUROCRATESE E OPERINO SENZA SUPERFICIALITA&#8217; E PRESSAPOSCHISMO? QUANTO AFFERMATO, NON INTENDE ESSERE UN ATTACCO A TUTTI I DIPENDENTI PUBBLICI,&#8230;<\/p>\n","protected":false},"author":2,"featured_media":118271,"comment_status":"open","ping_status":"closed","sticky":false,"template":"","format":"standard","meta":{"footnotes":""},"categories":[7],"tags":[2352,5214,2193],"class_list":["post-118269","post","type-post","status-publish","format-standard","has-post-thumbnail","hentry","category-news","tag-cellino","tag-pezzuto","tag-tari"],"_links":{"self":[{"href":"https:\/\/www.brundisium.net\/index.php\/wp-json\/wp\/v2\/posts\/118269","targetHints":{"allow":["GET"]}}],"collection":[{"href":"https:\/\/www.brundisium.net\/index.php\/wp-json\/wp\/v2\/posts"}],"about":[{"href":"https:\/\/www.brundisium.net\/index.php\/wp-json\/wp\/v2\/types\/post"}],"author":[{"embeddable":true,"href":"https:\/\/www.brundisium.net\/index.php\/wp-json\/wp\/v2\/users\/2"}],"replies":[{"embeddable":true,"href":"https:\/\/www.brundisium.net\/index.php\/wp-json\/wp\/v2\/comments?post=118269"}],"version-history":[{"count":1,"href":"https:\/\/www.brundisium.net\/index.php\/wp-json\/wp\/v2\/posts\/118269\/revisions"}],"predecessor-version":[{"id":118272,"href":"https:\/\/www.brundisium.net\/index.php\/wp-json\/wp\/v2\/posts\/118269\/revisions\/118272"}],"wp:featuredmedia":[{"embeddable":true,"href":"https:\/\/www.brundisium.net\/index.php\/wp-json\/wp\/v2\/media\/118271"}],"wp:attachment":[{"href":"https:\/\/www.brundisium.net\/index.php\/wp-json\/wp\/v2\/media?parent=118269"}],"wp:term":[{"taxonomy":"category","embeddable":true,"href":"https:\/\/www.brundisium.net\/index.php\/wp-json\/wp\/v2\/categories?post=118269"},{"taxonomy":"post_tag","embeddable":true,"href":"https:\/\/www.brundisium.net\/index.php\/wp-json\/wp\/v2\/tags?post=118269"}],"curies":[{"name":"wp","href":"https:\/\/api.w.org\/{rel}","templated":true}]}}