{"id":11835,"date":"2014-04-24T15:46:06","date_gmt":"2014-04-24T13:46:06","guid":{"rendered":"http:\/\/www.brundisium.net\/brun\/?p=11835"},"modified":"2014-04-27T08:21:44","modified_gmt":"2014-04-27T06:21:44","slug":"su-sky-giovanni-paolo-ii-e-giovanni-xxiii-raccontati-da-un-regista-brindisino","status":"publish","type":"post","link":"https:\/\/www.brundisium.net\/index.php\/su-sky-giovanni-paolo-ii-e-giovanni-xxiii-raccontati-da-un-regista-brindisino\/","title":{"rendered":"Su Sky Giovanni Paolo II e Giovanni XXIII raccontati da un regista brindisino"},"content":{"rendered":"<p>Domenica 27 aprile sar\u00e0 una data particolare nella recente storia del Cristianesimo: a Roma si terr\u00e0 la santificazione di due dei Papi pi\u00f9 amati di sempre: Giovanni Paolo II e Giovanni XXIII.<\/p>\n<p>&nbsp;<\/p>\n<p>Nella citt\u00e0 Eterna sono attesi oltre tre milioni di pellegrini, ma si prevede che l&#8217;audience della doppia canonizzazionE superi il miliardo di spettatori interessati nel mondo.<\/p>\n<p>L&#8217;evento di piazza San Pietro sar\u00e0 seguito in diretta dalla Rai e da Sky.<br \/>\nE proprio la pay-tv, da qualche giorno, ha programmato diversi programmi legati all&#8217;evento sui vari canali tematici.<\/p>\n<p>&nbsp;<\/p>\n<p>Tra questi vi \u00e8 &#8220;<strong>IOANNES Storie di Santi<\/strong>&#8220;, lungometraggio realizzato dal <strong>regista sanvitese Gianluigi Attorre <\/strong>che andr\u00e0 in onda sabato 26 aprile su S<strong>KYARTEHD (canale 400)<\/strong>, alle ore 21.10.<\/p>\n<p>&nbsp;<\/p>\n<p>\u201cIOANNES Storie di Santi\u201d \u00e8 una biografia dei due grandi pontefici accomunati dal nome di due grandi santi.<\/p>\n<p>Da un lato Angelo Roncalli che si presenta al popolo di Roma col celebre discorso della Luna. Dall\u2019altro Karol Wojtyla chiamato \u201cda un paese lontano\u201d, come lui stesso dichiara, a segnare per sempre un\u2019epoca.<\/p>\n<p>Entrambi sotto il nome di Giovanni, Battista per il primo in onore del padre, ed Evangelista il secondo, ereditando il nome del suo predecessore papa Luciani.<\/p>\n<p>Due figure di grandissimo rilievo del Cristianesimo ed estremamente ricorrenti nell\u2019arte: da Leonardo a Caravaggio, da Botticelli a Bosh e Piero della Francesca.<\/p>\n<p>IOANNES \u00e8 un viaggio nell\u2019iconografia sacra e nella vita di due figure carismatiche che da pi\u00f9 di duemila anni continuano ad ispirare credenze, studi, interpretazioni e rappresentazioni artistiche.<\/p>\n<p>Il punto di partenza sar\u00e0 il discorso di elezione dei due papi. L\u2019assegnazione del nome da pontefice, che li accomuner\u00e0, porter\u00e0 ad un racconto artistico sulla rappresentazione di due patriarchi della chiesa: Giovanni il Battista e Giovanni Evangelista.<\/p>\n<p>Due figure estremamente diverse. Il primo, Giovanni Battista, l\u2019asceta ebraico, il grande predicatore che riconobbe in Cristo il grande Messia predicato dai profeti e che ebbe il primato di battezzarlo nelle acque del Giordano. Giovanni Evangelista, il secondo, il discepolo prediletto, il teologo autore del IV vangelo. Ma anche dell\u2019Apocalisse, tra le opere pi\u00f9 visionarie della tradizione cristiana che ha ispirato grandi artisti, dal medioevo a Tiziano.<\/p>\n<p>&nbsp;<\/p>\n<p>Le vite e i prodigi dei due santi saranno segnate dalle opere dei grandi artisti e si incroceranno con il cammino dei due pontefici attraverso il racconto dei media.<\/p>\n<p>I capolavori saranno analizzati seguendo l\u2019evoluzione della rappresentazione e della simbologia nei diversi periodi storici e nelle influenze dettate dalle correnti artistiche.<br \/>\nQuattro personaggi e quattro percorsi proiettati verso un\u2019unica meta.<br \/>\nE un punto d\u2019incontro che costituisce una tappa fondamentale che continua a far storia. Il contesto \u00e8 quello della Basilica di San Giovanni in Laterano, cattedrale dedicata al Battista e all\u2019Evangelista, dove i due pontefici, dopo una settimana dalla loro nomina, si insediano come vescovi di Roma.<\/p>\n<p>Ancora una volta \u00e8 l\u2019arte a fare da cornice: sotto l\u2019abside della basilica, con le decorazioni cosmatesche, la cattedra papale, che fa di San Giovanni in Laterano la cattedrale di Roma. Un capolavoro carico di simbologia, dove i pontefici posano i piedi sulla lastra del basamento, risalente alla prima edificazione della basilica, con incise le immagini di un gallo, una vipera, un leone e un drago.<\/p>\n","protected":false},"excerpt":{"rendered":"<p>Domenica 27 aprile sar\u00e0 una data particolare nella recente storia del Cristianesimo: a Roma si terr\u00e0 la santificazione di due dei Papi pi\u00f9 amati di sempre: Giovanni Paolo II e Giovanni XXIII. &nbsp; Nella citt\u00e0 Eterna sono attesi oltre tre milioni di pellegrini, ma si prevede che l&#8217;audience della doppia canonizzazionE superi il miliardo di spettatori interessati nel mondo. L&#8217;evento di piazza San Pietro sar\u00e0 seguito in diretta dalla Rai e da Sky. E proprio la pay-tv, da qualche giorno, ha programmato diversi programmi legati all&#8217;evento sui vari canali tematici. &nbsp; Tra questi vi \u00e8 &#8220;IOANNES Storie di Santi&#8220;, lungometraggio realizzato dal regista sanvitese Gianluigi Attorre che andr\u00e0 in onda sabato 26 aprile su SKYARTEHD (canale 400), alle ore 21.10. &nbsp; \u201cIOANNES Storie di Santi\u201d \u00e8 una biografia dei due grandi pontefici accomunati dal nome di due grandi santi. Da un lato Angelo Roncalli che si presenta al popolo di Roma col celebre discorso della Luna. Dall\u2019altro Karol Wojtyla chiamato \u201cda un paese lontano\u201d, come lui stesso dichiara, a segnare&#8230;<\/p>\n","protected":false},"author":2,"featured_media":11836,"comment_status":"open","ping_status":"open","sticky":false,"template":"","format":"standard","meta":{"footnotes":""},"categories":[700,198,7],"tags":[1795,1797,1796],"class_list":["post-11835","post","type-post","status-publish","format-standard","has-post-thumbnail","hentry","category-cinema","category-cultura-2","category-news","tag-canonizzazione","tag-giovanni-paolo-ii","tag-giovanni-xxiii"],"_links":{"self":[{"href":"https:\/\/www.brundisium.net\/index.php\/wp-json\/wp\/v2\/posts\/11835","targetHints":{"allow":["GET"]}}],"collection":[{"href":"https:\/\/www.brundisium.net\/index.php\/wp-json\/wp\/v2\/posts"}],"about":[{"href":"https:\/\/www.brundisium.net\/index.php\/wp-json\/wp\/v2\/types\/post"}],"author":[{"embeddable":true,"href":"https:\/\/www.brundisium.net\/index.php\/wp-json\/wp\/v2\/users\/2"}],"replies":[{"embeddable":true,"href":"https:\/\/www.brundisium.net\/index.php\/wp-json\/wp\/v2\/comments?post=11835"}],"version-history":[{"count":2,"href":"https:\/\/www.brundisium.net\/index.php\/wp-json\/wp\/v2\/posts\/11835\/revisions"}],"predecessor-version":[{"id":11838,"href":"https:\/\/www.brundisium.net\/index.php\/wp-json\/wp\/v2\/posts\/11835\/revisions\/11838"}],"wp:featuredmedia":[{"embeddable":true,"href":"https:\/\/www.brundisium.net\/index.php\/wp-json\/wp\/v2\/media\/11836"}],"wp:attachment":[{"href":"https:\/\/www.brundisium.net\/index.php\/wp-json\/wp\/v2\/media?parent=11835"}],"wp:term":[{"taxonomy":"category","embeddable":true,"href":"https:\/\/www.brundisium.net\/index.php\/wp-json\/wp\/v2\/categories?post=11835"},{"taxonomy":"post_tag","embeddable":true,"href":"https:\/\/www.brundisium.net\/index.php\/wp-json\/wp\/v2\/tags?post=11835"}],"curies":[{"name":"wp","href":"https:\/\/api.w.org\/{rel}","templated":true}]}}