{"id":118376,"date":"2017-11-17T13:54:56","date_gmt":"2017-11-17T12:54:56","guid":{"rendered":"http:\/\/www.brundisium.net\/?p=118376"},"modified":"2017-11-17T16:56:52","modified_gmt":"2017-11-17T15:56:52","slug":"ceglie-si-mobilita-per-la-settimana-europea-per-la-riduzione-dei-rifiuti","status":"publish","type":"post","link":"https:\/\/www.brundisium.net\/index.php\/ceglie-si-mobilita-per-la-settimana-europea-per-la-riduzione-dei-rifiuti\/","title":{"rendered":"Ceglie si mobilita per la Settimana Europea per la Riduzione dei Rifiuti"},"content":{"rendered":"<p>La Settimana Europea per la Riduzione dei Rifiuti (SERR), dal 18 al 26 novembre 2017, \u00e8 tra le pi\u00f9 grandi campagne europee di sensibilizzazione sulla prevenzione e la riduzione dei rifiuti.<\/p>\n<p>&nbsp;<\/p>\n<p>Questa grande mobilitazione vede l\u2019impegno diretto di pubbliche amministrazioni, associazioni, organizzazioni, imprese, scuole e cittadini.<\/p>\n<p>&nbsp;<\/p>\n<p>L\u2019obiettivo della SERR mira alla riduzione degli imballaggi, del loro consumo, del loro utilizzo. La prevenzione dei rifiuti passa attraverso la creazione di una coscienza condivisa sulla necessit\u00e0 di ridurre alla base la quantit\u00e0 di rifiuti prodotti, anche perch\u00e9 il miglior rifiuto \u00e8 quello che non viene prodotto, con azioni che rendano il cittadino cosciente nel momento in cui opera un acquisto, chiedendosi se l\u2019acquisto \u00e8 veramente necessario per un prodotto nuovo, comprendendo l\u2019impatto che esso ha in termini ambientali, sociologici ed economici. Tema specifico dell\u2019edizione 2017 \u00e8 \u201cDiamo una seconda vita agli oggetti\u201d.<\/p>\n<p>&nbsp;<\/p>\n<p>La Settimana Europea per la Riduzione dei Rifiuti rappresenta la principale e pi\u00f9 ampia campagna di informazione e sensibilizzazione dei cittadini europei circa l\u2019impatto della produzione di rifiuti sull\u2019ambiente.<\/p>\n<p>&nbsp;<\/p>\n<p>Pertanto, come Amministrazione Comunale, desideriamo riproporre delle buone pratiche per ridurre i rifiuti, prendendo spunto da alcune campagne e battaglie storiche (di Legambiente e di Comuni Virtuosi) sul tema:<br \/>\n\u201cRIDURRE SI PU\u00d2\u201d: un occhio attento quando facciamo la spesa ci permette di iniziare la catena virtuosa della riduzione, non creando a monte il problema del rifiuto. Promuovere la spesa \u201calla spina\u201d, una spesa senza spreco; combattere gli imballaggi inutili; promuovere la raccolta corretta e la riparazione di piccoli e grandi oggetti\/elettrodomestici per dargli una nuova vita; promuovere il compostaggio domestico o di condominio o di quartiere; usare la fantasia per il recupero creativo degli oggetti di cui vogliamo disfarci.<\/p>\n<p>&nbsp;<\/p>\n<p>\u201cIMBROCCHIAMOLA\u201d: l\u2019acqua del rubinetto \u00e8 buona, pulita e giusta. Abituarci a berla e promuoverne l\u2019uso, fa bene a noi, al portafoglio e all\u2019ambiente. Visto gli scarsi controlli sulle acque minerali e il consumo di plastica e benzina tra l\u2019imbottigliamento e il trasporto per far arrivare bottiglie e bottigliette a noi consumatori, \u00e8 molto utile farlo capire a quante pi\u00f9 persone possibile. Alcune volte \u00e8 necessario usare acqua imbottigliata, ma sta a noi l\u2019intelligenza di capire quando e come utilizzarla.<\/p>\n<p>&nbsp;<\/p>\n<p>\u201cPORTA LA SPORTA\u201d: la Campagna Porta la Sporta promuove la riduzione\/eliminazione del sacchetto monouso, promuovendo l\u2019utilizzo della \u2018sporta\u2019 in materiale pi\u00f9 solido e duraturo. Inoltre tale campagna ha messo in evidenza la necessit\u00e0 di andare oltre un consumo \u201cusa e getta\u201d per evitare che, invece di ridurre drasticamente il consumo di plastica, si possa passare, a parit\u00e0 di consumo, a produrre altro \u201cusa e getta\u201d da risorse di origine vegetale. La biodegradabilit\u00e0 dei materiali (cos\u00ec come la possibilit\u00e0 di riciclarli o compostarli a fine vita) non annulla l\u2019impatto ambientale complessivo dell\u2019imballaggio e non pu\u00f2 costituire un alibi per continuare a fare spreco di risorse invece di considerare altre modalit\u00e0 di erogazione e distribuzione dei prodotti.<\/p>\n<p>&nbsp;<\/p>\n<p>Inoltre, in occasione della Settimana Europea per la Riduzione dei Rifiuti, si terranno anche alcuni eventi concreti :<br \/>\nDomenica 26 novembre, dalle ore 16.30 alle 18.00 presso il Castello Ducale, si terr\u00e0 un \u201dLaboratorio di Riciclo Creativo\u201d, per i pi\u00f9 piccoli, a cura del Sistema Gusto d\u2019Arte;<br \/>\nDomenica 17 dicembre, in pieno clima natalizio, si terr\u00e0, dalle ore 10.00 alle 13.00 in Piazza Sant\u2019Antonio, la sesta edizione della \u201cFesta del Baratto\u201d durante la quale, riattivando un circuito virtuoso come quello del baratto, ogni cittadino potr\u00e0 in prima persona contribuire alla crescita della propria comunit\u00e0, coniugando il vantaggio ambientale a quello economico e sociale.<\/p>\n<p>&nbsp;<\/p>\n<p>&nbsp;<\/p>\n<p><strong>Comune di Ceglie Messapica<\/strong><\/p>\n","protected":false},"excerpt":{"rendered":"<p>La Settimana Europea per la Riduzione dei Rifiuti (SERR), dal 18 al 26 novembre 2017, \u00e8 tra le pi\u00f9 grandi campagne europee di sensibilizzazione sulla prevenzione e la riduzione dei rifiuti. &nbsp; Questa grande mobilitazione vede l\u2019impegno diretto di pubbliche amministrazioni, associazioni, organizzazioni, imprese, scuole e cittadini. &nbsp; L\u2019obiettivo della SERR mira alla riduzione degli imballaggi, del loro consumo, del loro utilizzo. La prevenzione dei rifiuti passa attraverso la creazione di una coscienza condivisa sulla necessit\u00e0 di ridurre alla base la quantit\u00e0 di rifiuti prodotti, anche perch\u00e9 il miglior rifiuto \u00e8 quello che non viene prodotto, con azioni che rendano il cittadino cosciente nel momento in cui opera un acquisto, chiedendosi se l\u2019acquisto \u00e8 veramente necessario per un prodotto nuovo, comprendendo l\u2019impatto che esso ha in termini ambientali, sociologici ed economici. Tema specifico dell\u2019edizione 2017 \u00e8 \u201cDiamo una seconda vita agli oggetti\u201d. &nbsp; La Settimana Europea per la Riduzione dei Rifiuti rappresenta la principale e pi\u00f9 ampia campagna di informazione e sensibilizzazione dei cittadini europei circa l\u2019impatto della produzione di&#8230;<\/p>\n","protected":false},"author":2,"featured_media":118377,"comment_status":"open","ping_status":"closed","sticky":false,"template":"","format":"standard","meta":{"footnotes":""},"categories":[7],"tags":[87],"class_list":["post-118376","post","type-post","status-publish","format-standard","has-post-thumbnail","hentry","category-news","tag-ceglie-messapica"],"_links":{"self":[{"href":"https:\/\/www.brundisium.net\/index.php\/wp-json\/wp\/v2\/posts\/118376","targetHints":{"allow":["GET"]}}],"collection":[{"href":"https:\/\/www.brundisium.net\/index.php\/wp-json\/wp\/v2\/posts"}],"about":[{"href":"https:\/\/www.brundisium.net\/index.php\/wp-json\/wp\/v2\/types\/post"}],"author":[{"embeddable":true,"href":"https:\/\/www.brundisium.net\/index.php\/wp-json\/wp\/v2\/users\/2"}],"replies":[{"embeddable":true,"href":"https:\/\/www.brundisium.net\/index.php\/wp-json\/wp\/v2\/comments?post=118376"}],"version-history":[{"count":1,"href":"https:\/\/www.brundisium.net\/index.php\/wp-json\/wp\/v2\/posts\/118376\/revisions"}],"predecessor-version":[{"id":118378,"href":"https:\/\/www.brundisium.net\/index.php\/wp-json\/wp\/v2\/posts\/118376\/revisions\/118378"}],"wp:featuredmedia":[{"embeddable":true,"href":"https:\/\/www.brundisium.net\/index.php\/wp-json\/wp\/v2\/media\/118377"}],"wp:attachment":[{"href":"https:\/\/www.brundisium.net\/index.php\/wp-json\/wp\/v2\/media?parent=118376"}],"wp:term":[{"taxonomy":"category","embeddable":true,"href":"https:\/\/www.brundisium.net\/index.php\/wp-json\/wp\/v2\/categories?post=118376"},{"taxonomy":"post_tag","embeddable":true,"href":"https:\/\/www.brundisium.net\/index.php\/wp-json\/wp\/v2\/tags?post=118376"}],"curies":[{"name":"wp","href":"https:\/\/api.w.org\/{rel}","templated":true}]}}