{"id":118447,"date":"2017-11-18T12:04:20","date_gmt":"2017-11-18T11:04:20","guid":{"rendered":"http:\/\/www.brundisium.net\/?p=118447"},"modified":"2017-11-19T00:08:36","modified_gmt":"2017-11-18T23:08:36","slug":"post-fascista-lass-vacca-rilancia-dopo-le-polemiche-la-verita-e-la-medicina-con-cui-far-sparire-le-tracce-di-odio","status":"publish","type":"post","link":"https:\/\/www.brundisium.net\/index.php\/post-fascista-lass-vacca-rilancia-dopo-le-polemiche-la-verita-e-la-medicina-con-cui-far-sparire-le-tracce-di-odio\/","title":{"rendered":"Post fascista, l&#8217;Ass. Vacca rilancia dopo le polemiche: &#8220;la verit\u00e0 \u00e8 la medicina con cui far sparire le tracce di odio&#8221;"},"content":{"rendered":"<p><a href=\"http:\/\/www.brundisium.net\/brun\/wp-content\/uploads\/2017\/11\/post-vacca.jpg\"><img loading=\"lazy\" decoding=\"async\" class=\"alignleft size-medium wp-image-118170\" src=\"http:\/\/www.brundisium.net\/brun\/wp-content\/uploads\/2017\/11\/post-vacca-242x300.jpg\" alt=\"\" width=\"242\" height=\"300\" srcset=\"https:\/\/www.brundisium.net\/brun\/wp-content\/uploads\/2017\/11\/post-vacca-242x300.jpg 242w, https:\/\/www.brundisium.net\/brun\/wp-content\/uploads\/2017\/11\/post-vacca.jpg 514w\" sizes=\"auto, (max-width: 242px) 100vw, 242px\" \/><\/a><\/p>\n<p>Sono obbligato, dallo accanimento contro di me e dal clamore mediatico suscitato da una mia esternazione su facebook, ad intervenire non solo per tutelare la mia persona ma sopra tutto per tutelare la mia famiglia e le Istituzioni che rappresento.<br \/>\nE&#8217; evidente che quella mia dichiarazione ha consentito ad alcuni una speculazione frutto anche di un voluto stravolgimento di quanto da me sinteticamente scritto e, forse anche, a causa della sinteticit\u00e0, poco chiaramente scritto.<br \/>\nHo sempre avuto le mie idee politiche che non rinnegher\u00f2. Non sono di sinistra e forse questo \u00e8 il peccato originale per cui da parte di alcuni mi si chiede il \u201cconto\u201d.<\/p>\n<p>&nbsp;<\/p>\n<p>Non rinnegher\u00f2 le mie radici e i miei principi basati sulla onest\u00e0 e sul rispetto in termini assoluti dello Stato e delle Istituzioni. In anni di militanza politica e di partecipazione all&#8217;interno delle istituzioni pubbliche le mie mani e la mia coscienza sono pulite e terse. Altri credo non possano dire la stessa cosa.<br \/>\nSono fascista?<br \/>\nAgisco e predico si da fare apologia del fascismo?<\/p>\n<p>&nbsp;<\/p>\n<p>NO nel modo pi\u00f9 assoluto. Se essere fascista \u00e8 mettere lo Stato, le Istituzioni prima di tutto forse lo sono. Se essere fascista \u00e8 riuscire a dire che dopo anni, oltre SETTANTA, \u00e8 il momento di ricordare anche quei ragazzi che fecero un\u2019altra scelta e morirono per un\u2019altra scelta, allora forse lo sono.<br \/>\nNon ho mai predicato ritorni, storicamente, logicamente impossibili. Sarei demente e credo di non esserlo.<br \/>\nNon ho mai ritenuto la guerra civile come un fatto storico da dimenticare. Credo invece che coloro che si schierarono contro il fascismo e il nazismo credevano in qualcosa che tutti dobbiamo rispettare.<\/p>\n<p>&nbsp;<\/p>\n<p>Il rispetto non \u00e8 per\u00f2 dimenticare, non pu\u00f2 obnubilarci. Se da una parte, furono commessi crimini, \u00e8 dovere di tutti noi condannarli come \u00e8 dovere di tutti noi, e invito i miei detrattori a leggere Pansa, condannare chi predicando odio, dopo la fine della guerra, commise crimini e realizz\u00f2 vendette fuori da ogni comprensibile logica conseguenza.<\/p>\n<p>&nbsp;<\/p>\n<p>Quando parlavo di servi ed invasori mi riferivo a questi sopra tutto alle truppe di Tito. Ad esempio, che invasero i territori italiani e complici alcune bande di italiani realizzarono le stragi nelle Foibe del Carso. Questa \u00e8 storia certificata da sentenze penali .<br \/>\nIn particolare a queste vicende mi riferivo.<\/p>\n<p>&nbsp;<\/p>\n<p>Si chiedono le mie dimissioni. Non mi dimetter\u00f2 convinto che la VERITA&#8217; \u00e8 la medicina ,per alcuni, forse amara, con la quale potremo far scomparire le ultime tracce di odio che purtroppo vedo ancora esistono.<\/p>\n<p>Si chiede l&#8217;intervento del Prefetto in mio danno. Sono pronto a rispondere al Rappresentante dello Stato come \u00e8 giusto che sia se mi verranno da quella Autorit\u00e0 poste domande o richieste giustificazioni.<\/p>\n<p>&nbsp;<\/p>\n<p>Ai Cittadini del mio piccolo Paese dico: scusate per il clamore mediatico che altri hanno voluto e sappiate che io sono al Vostro servizio come sempre perch\u00e9 la mia storia ed il mio credo mi impongono di essere al Vostro servizio. La Politica per me \u00e8 servizio e verit\u00e0, pulizia morale e onest\u00e0.<\/p>\n<p>&nbsp;<\/p>\n<p><strong>Vincenzo Vacca<\/strong><\/p>\n","protected":false},"excerpt":{"rendered":"<p>Sono obbligato, dallo accanimento contro di me e dal clamore mediatico suscitato da una mia esternazione su facebook, ad intervenire non solo per tutelare la mia persona ma sopra tutto per tutelare la mia famiglia e le Istituzioni che rappresento. E&#8217; evidente che quella mia dichiarazione ha consentito ad alcuni una speculazione frutto anche di un voluto stravolgimento di quanto da me sinteticamente scritto e, forse anche, a causa della sinteticit\u00e0, poco chiaramente scritto. Ho sempre avuto le mie idee politiche che non rinnegher\u00f2. Non sono di sinistra e forse questo \u00e8 il peccato originale per cui da parte di alcuni mi si chiede il \u201cconto\u201d. &nbsp; Non rinnegher\u00f2 le mie radici e i miei principi basati sulla onest\u00e0 e sul rispetto in termini assoluti dello Stato e delle Istituzioni. In anni di militanza politica e di partecipazione all&#8217;interno delle istituzioni pubbliche le mie mani e la mia coscienza sono pulite e terse. Altri credo non possano dire la stessa cosa. Sono fascista? Agisco e predico si da fare apologia&#8230;<\/p>\n","protected":false},"author":2,"featured_media":118448,"comment_status":"open","ping_status":"closed","sticky":false,"template":"","format":"standard","meta":{"footnotes":""},"categories":[7],"tags":[299,5231],"class_list":["post-118447","post","type-post","status-publish","format-standard","has-post-thumbnail","hentry","category-news","tag-carovigno","tag-enzo-vacca"],"_links":{"self":[{"href":"https:\/\/www.brundisium.net\/index.php\/wp-json\/wp\/v2\/posts\/118447","targetHints":{"allow":["GET"]}}],"collection":[{"href":"https:\/\/www.brundisium.net\/index.php\/wp-json\/wp\/v2\/posts"}],"about":[{"href":"https:\/\/www.brundisium.net\/index.php\/wp-json\/wp\/v2\/types\/post"}],"author":[{"embeddable":true,"href":"https:\/\/www.brundisium.net\/index.php\/wp-json\/wp\/v2\/users\/2"}],"replies":[{"embeddable":true,"href":"https:\/\/www.brundisium.net\/index.php\/wp-json\/wp\/v2\/comments?post=118447"}],"version-history":[{"count":3,"href":"https:\/\/www.brundisium.net\/index.php\/wp-json\/wp\/v2\/posts\/118447\/revisions"}],"predecessor-version":[{"id":118453,"href":"https:\/\/www.brundisium.net\/index.php\/wp-json\/wp\/v2\/posts\/118447\/revisions\/118453"}],"wp:featuredmedia":[{"embeddable":true,"href":"https:\/\/www.brundisium.net\/index.php\/wp-json\/wp\/v2\/media\/118448"}],"wp:attachment":[{"href":"https:\/\/www.brundisium.net\/index.php\/wp-json\/wp\/v2\/media?parent=118447"}],"wp:term":[{"taxonomy":"category","embeddable":true,"href":"https:\/\/www.brundisium.net\/index.php\/wp-json\/wp\/v2\/categories?post=118447"},{"taxonomy":"post_tag","embeddable":true,"href":"https:\/\/www.brundisium.net\/index.php\/wp-json\/wp\/v2\/tags?post=118447"}],"curies":[{"name":"wp","href":"https:\/\/api.w.org\/{rel}","templated":true}]}}