{"id":118583,"date":"2017-11-20T10:17:19","date_gmt":"2017-11-20T09:17:19","guid":{"rendered":"http:\/\/www.brundisium.net\/?p=118583"},"modified":"2017-11-20T10:17:19","modified_gmt":"2017-11-20T09:17:19","slug":"domani-si-celebra-la-virgo-fidelis-patrona-dellarma-dei-carabinieri","status":"publish","type":"post","link":"https:\/\/www.brundisium.net\/index.php\/domani-si-celebra-la-virgo-fidelis-patrona-dellarma-dei-carabinieri\/","title":{"rendered":"Domani si celebra la &#8220;Virgo Fidelis&#8221;, patrona dell\u2019Arma dei Carabinieri"},"content":{"rendered":"<p>Domani 21 novembre, alle ore 11.00, presso il Duomo di Brindisi, sar\u00e0 celebrata la cerimonia della &#8220;VIRGO FIDELIS&#8221;, patrona dell&#8217;Arma dei Carabinieri, del 76\u00b0 Anniversario della &#8220;Battaglia di Culqualber&#8221; e della &#8220;Giornata dell&#8217;Orfano&#8221;.<\/p>\n<p>&nbsp;<\/p>\n<p>La funzione religiosa sar\u00e0 officiata da Sua Eccellenza Monsignor Domenico Caliandro, Vescovo della Diocesi di Brindisi\u2013Ostuni.<\/p>\n<p>&nbsp;<\/p>\n<p>Al termine della celebrazione, il Comandante Provinciale, Colonnello Giuseppe DE MAGISTRIS, illustrer\u00e0 il significato della giornata e rievocher\u00e0 il glorioso fatto d&#8217;armi, alla presenza delle Autorit\u00e0 civili e militari provinciali e delle vedove e degli orfani dei militari dell&#8217;Arma.<\/p>\n","protected":false},"excerpt":{"rendered":"<p>Domani 21 novembre, alle ore 11.00, presso il Duomo di Brindisi, sar\u00e0 celebrata la cerimonia della &#8220;VIRGO FIDELIS&#8221;, patrona dell&#8217;Arma dei Carabinieri, del 76\u00b0 Anniversario della &#8220;Battaglia di Culqualber&#8221; e della &#8220;Giornata dell&#8217;Orfano&#8221;. &nbsp; La funzione religiosa sar\u00e0 officiata da Sua Eccellenza Monsignor Domenico Caliandro, Vescovo della Diocesi di Brindisi\u2013Ostuni. &nbsp; Al termine della celebrazione, il Comandante Provinciale, Colonnello Giuseppe DE MAGISTRIS, illustrer\u00e0 il significato della giornata e rievocher\u00e0 il glorioso fatto d&#8217;armi, alla presenza delle Autorit\u00e0 civili e militari provinciali e delle vedove e degli orfani dei militari dell&#8217;Arma.<\/p>\n","protected":false},"author":2,"featured_media":88063,"comment_status":"open","ping_status":"closed","sticky":false,"template":"","format":"standard","meta":{"footnotes":""},"categories":[7],"tags":[62,5235],"class_list":["post-118583","post","type-post","status-publish","format-standard","has-post-thumbnail","hentry","category-news","tag-carabinieri","tag-virgo-fidelis"],"_links":{"self":[{"href":"https:\/\/www.brundisium.net\/index.php\/wp-json\/wp\/v2\/posts\/118583","targetHints":{"allow":["GET"]}}],"collection":[{"href":"https:\/\/www.brundisium.net\/index.php\/wp-json\/wp\/v2\/posts"}],"about":[{"href":"https:\/\/www.brundisium.net\/index.php\/wp-json\/wp\/v2\/types\/post"}],"author":[{"embeddable":true,"href":"https:\/\/www.brundisium.net\/index.php\/wp-json\/wp\/v2\/users\/2"}],"replies":[{"embeddable":true,"href":"https:\/\/www.brundisium.net\/index.php\/wp-json\/wp\/v2\/comments?post=118583"}],"version-history":[{"count":1,"href":"https:\/\/www.brundisium.net\/index.php\/wp-json\/wp\/v2\/posts\/118583\/revisions"}],"predecessor-version":[{"id":118584,"href":"https:\/\/www.brundisium.net\/index.php\/wp-json\/wp\/v2\/posts\/118583\/revisions\/118584"}],"wp:featuredmedia":[{"embeddable":true,"href":"https:\/\/www.brundisium.net\/index.php\/wp-json\/wp\/v2\/media\/88063"}],"wp:attachment":[{"href":"https:\/\/www.brundisium.net\/index.php\/wp-json\/wp\/v2\/media?parent=118583"}],"wp:term":[{"taxonomy":"category","embeddable":true,"href":"https:\/\/www.brundisium.net\/index.php\/wp-json\/wp\/v2\/categories?post=118583"},{"taxonomy":"post_tag","embeddable":true,"href":"https:\/\/www.brundisium.net\/index.php\/wp-json\/wp\/v2\/tags?post=118583"}],"curies":[{"name":"wp","href":"https:\/\/api.w.org\/{rel}","templated":true}]}}