{"id":118635,"date":"2017-11-20T18:04:00","date_gmt":"2017-11-20T17:04:00","guid":{"rendered":"http:\/\/www.brundisium.net\/?p=118635"},"modified":"2017-11-20T18:04:00","modified_gmt":"2017-11-20T17:04:00","slug":"cosa-fare-da-grandi-a-fasano-il-festival-dellorientamento-destinato-a-ragazzi-e-famiglie","status":"publish","type":"post","link":"https:\/\/www.brundisium.net\/index.php\/cosa-fare-da-grandi-a-fasano-il-festival-dellorientamento-destinato-a-ragazzi-e-famiglie\/","title":{"rendered":"Cosa fare da grandi? a Fasano il Festival dell\u2019orientamento destinato a ragazzi e famiglie"},"content":{"rendered":"<p>Si chiama \u201cOrizzonte 360\u00b0\u201d, il festival dell\u2019orientamento destinato a ragazzini delle terze classi delle scuole secondarie di primo grado, a ragazzi che frequentano la quinta classe delle scuole d\u2019istruzione secondarie superiori ed alle loro famiglie. Lo scopo \u00e8 quello di capire cosa i ragazzi vogliano scegliere dopo la conclusione delle scuole secondarie di primo e di secondo grado: scegliere i Licei o gli Istituti tecnici e Professionali? Le Universit\u00e0 o le Accademie militari? O corsi professionali? Il festival dell\u2019orientamento si terr\u00e0 dal 1\u00b0 al 3 dicembre nel Palazzo dei congressi a Selva di Fasano ed \u00e8 organizzato dal Comune di Fasano. A questo scopo, e per coinvolgere le stesse scuole, le Universit\u00e0, le associazioni ed i soggetti che fanno formazione in genere, oltre che le stesse Accademie militari, possono partecipare ad un Avviso pubblico (che scadr\u00e0 il 24 novembre) per allestire il proprio stand informativo nel Palazzo dei congressi o tenere incontri pubblici sulle loro proposte. L\u2019Avviso pubblico \u00e8 consultabili sul sito www.comune.fasano.br.it<\/p>\n<p>&nbsp;<\/p>\n<p>\u00abUno dei capitali pi\u00f9 importante per una comunit\u00e0 \u00e8 costituito dai suoi giovani e dalla possibilit\u00e0 che viene offerta loro di seguire un progetto di vita che li realizzi pienamente come persone e come professionisti \u2013 spiega cos\u00ec l\u2019iniziativa il vicesindaco Giovanni Cisternino -. Questa possibilit\u00e0 \u00e8 legata ad un processo virtuoso di informazione e orientamento che investe i giovani, le famiglie, le scuole che frequentano e tutte le offerte formative raggiungibili \u2013 aggiunge -. Il festival, alla sua prima edizione, \u00e8 organizzato grazie alla sinergia del mio assessorato alle Politiche giovanili e del lavoro ed agli assessorati gestiti dalle colleghe Cinzia Caroli (Pubblica istruzione) e Annarita Angelini (Cultura): sar\u00e0 l\u2019occasione perch\u00e9 studenti, famiglie, scuole, universit\u00e0, accademie e scuole militari, ordini professionali, associazioni ed enti formativi del territorio possano incontrarsi, discutere, dialogare e affiancarsi tra stand, tavole rotonde, sportelli di consulenza, career coaching e tanto altro. Ci auguriamo \u2013 \u00e8 l\u2019auspicio del vicesindaco Cisternino \u2013 che i soggetti interessati partecipino al nostro Avviso pubblico e che i ragazzi e le loro famiglie vengano a trovarci in quei tre giorni del festival per capirne qualcosa di pi\u00f9 e dialogare con i loro figli sul futuro scolastico, universitario o formativo che intenderanno scegliere\u00bb.<\/p>\n<p>&nbsp;<\/p>\n<p>Tutte le associazioni e gli enti di formazione interessati potranno richiedere il proprio stand nel Palazzo dei congressi scrivendo, entro il 24 novembre, all\u2019indirizzo di posta elettronica orizzonte360@comune.fasano.br.it<\/p>\n<p>&nbsp;<\/p>\n<p>\u00abSiamo consapevoli che l\u2019Amministrazione comunale debba svolgere il proprio insostituibile ruolo istituzionale di promotore e facilitatore di questo processo di scelta del futuro per ciascun ragazzo \u2013 sottolinea Cisternino \u2013: \u00e8 giusto che gli studenti e le studentesse abbiano dinanzi un ventaglio ampio di possibilit\u00e0 di scelte consapevoli\u00bb.<\/p>\n<p>&nbsp;<\/p>\n<p>Il 1\u00b0 dicembre il percorso di orientamento sar\u00e0 espressamente dedicato ai ragazzini ed alle ragazzine (con le loro famiglie) delle terze classi delle scuole secondarie di primo grado che potranno visitare gli stand allestiti dagli istituti secondari di secondo grado. Il 2 dicembre, invece, l\u2019iniziativa \u00e8 dedicata agli studenti ed alle studentesse delle quinte classi delle scuole secondarie superiori che potranno visitare gli stand delle Universit\u00e0, mentre il 3 dicembre sar\u00e0 destinato ai giovani che vorranno sapere qualcosa in pi\u00f9 su tutte le proposte di formazione organizzate da enti ed associazioni.<\/p>\n<p>Oltre al sito internet comunale, si potranno visitare le pagine https:\/\/www.facebook.com\/orizzonte360\/ e https:\/\/www.facebook.com\/events\/54459 6542542637\/<\/p>\n<p><strong> Comune di Fasano<\/strong><br \/>\n<strong> Ufficio Stampa<\/strong><\/p>\n","protected":false},"excerpt":{"rendered":"<p>Si chiama \u201cOrizzonte 360\u00b0\u201d, il festival dell\u2019orientamento destinato a ragazzini delle terze classi delle scuole secondarie di primo grado, a ragazzi che frequentano la quinta classe delle scuole d\u2019istruzione secondarie superiori ed alle loro famiglie. Lo scopo \u00e8 quello di capire cosa i ragazzi vogliano scegliere dopo la conclusione delle scuole secondarie di primo e di secondo grado: scegliere i Licei o gli Istituti tecnici e Professionali? Le Universit\u00e0 o le Accademie militari? O corsi professionali? Il festival dell\u2019orientamento si terr\u00e0 dal 1\u00b0 al 3 dicembre nel Palazzo dei congressi a Selva di Fasano ed \u00e8 organizzato dal Comune di Fasano. A questo scopo, e per coinvolgere le stesse scuole, le Universit\u00e0, le associazioni ed i soggetti che fanno formazione in genere, oltre che le stesse Accademie militari, possono partecipare ad un Avviso pubblico (che scadr\u00e0 il 24 novembre) per allestire il proprio stand informativo nel Palazzo dei congressi o tenere incontri pubblici sulle loro proposte. L\u2019Avviso pubblico \u00e8 consultabili sul sito www.comune.fasano.br.it &nbsp; \u00abUno dei capitali pi\u00f9 importante per&#8230;<\/p>\n","protected":false},"author":2,"featured_media":118636,"comment_status":"open","ping_status":"closed","sticky":false,"template":"","format":"standard","meta":{"footnotes":""},"categories":[7],"tags":[244,5238],"class_list":["post-118635","post","type-post","status-publish","format-standard","has-post-thumbnail","hentry","category-news","tag-fasano","tag-festival-dellorientamento"],"_links":{"self":[{"href":"https:\/\/www.brundisium.net\/index.php\/wp-json\/wp\/v2\/posts\/118635","targetHints":{"allow":["GET"]}}],"collection":[{"href":"https:\/\/www.brundisium.net\/index.php\/wp-json\/wp\/v2\/posts"}],"about":[{"href":"https:\/\/www.brundisium.net\/index.php\/wp-json\/wp\/v2\/types\/post"}],"author":[{"embeddable":true,"href":"https:\/\/www.brundisium.net\/index.php\/wp-json\/wp\/v2\/users\/2"}],"replies":[{"embeddable":true,"href":"https:\/\/www.brundisium.net\/index.php\/wp-json\/wp\/v2\/comments?post=118635"}],"version-history":[{"count":1,"href":"https:\/\/www.brundisium.net\/index.php\/wp-json\/wp\/v2\/posts\/118635\/revisions"}],"predecessor-version":[{"id":118637,"href":"https:\/\/www.brundisium.net\/index.php\/wp-json\/wp\/v2\/posts\/118635\/revisions\/118637"}],"wp:featuredmedia":[{"embeddable":true,"href":"https:\/\/www.brundisium.net\/index.php\/wp-json\/wp\/v2\/media\/118636"}],"wp:attachment":[{"href":"https:\/\/www.brundisium.net\/index.php\/wp-json\/wp\/v2\/media?parent=118635"}],"wp:term":[{"taxonomy":"category","embeddable":true,"href":"https:\/\/www.brundisium.net\/index.php\/wp-json\/wp\/v2\/categories?post=118635"},{"taxonomy":"post_tag","embeddable":true,"href":"https:\/\/www.brundisium.net\/index.php\/wp-json\/wp\/v2\/tags?post=118635"}],"curies":[{"name":"wp","href":"https:\/\/api.w.org\/{rel}","templated":true}]}}