{"id":11870,"date":"2014-04-25T17:20:20","date_gmt":"2014-04-25T15:20:20","guid":{"rendered":"http:\/\/www.brundisium.net\/brun\/?p=11870"},"modified":"2014-04-29T11:12:28","modified_gmt":"2014-04-29T09:12:28","slug":"compostaggio-a-francavilla-contrari-pd-ncd-e-curto-favorevole-vitali-fi","status":"publish","type":"post","link":"https:\/\/www.brundisium.net\/index.php\/compostaggio-a-francavilla-contrari-pd-ncd-e-curto-favorevole-vitali-fi\/","title":{"rendered":"Compostaggio a Francavilla: contrari PD, NCD e Curto, favorevole Vitali (FI)"},"content":{"rendered":"<p>Fa infuriare il Partito Democratico ed il NCD di Francavilla, la\u00a0delibera del Commissario Prefettizio N. 22 del 10\/04\/2014 con la quale si consente la\u00a0realizzazione\u00a0nella zona industriale di\u00a0un impianto di compostaggio della frazione organica, con eventuale sistema di produzione di biogas e recupero energetico .<\/p>\n<p>Il <strong>Partito Democratico,<\/strong> per voce dell&#8217;Architetto Vozza, componente della segreteria di circolo\u00a0\u00a0esprime\u00a0&#8220;<em>sgomento e indignazione&#8221;<\/em> per una decisione<em> &#8220;presa alle spalle dei francavillesi&#8221;, <\/em>assunta<em> &#8220;in totale assenza di alcuna condivisione con la cittadinanza ed in spregio della volont\u00e0 dei cittadini francavillesi di autodeterminare le scelte che riguardano il loro futuro e la loro salute&#8221;.<\/em><\/p>\n<p><em>Scrive Vozza: &#8220;Un\u2019altra enorme \u201cdiscarica\u201d per trattare 48.000 tonnellate all\u2019anno di rifiuti degli altri comuni della provincia (per comprendere la dimensione si pensi che l\u2019impianto di Brindisi tratter\u00e0 12.000 tonnellate all\u2019anno, un quarto di quello previsto per Francavilla). Hanno fatto in modo da farci diventare ancora una volta la \u201cpattumiera\u201d della provincia!<\/em><\/p>\n<p><em>Sono state fatte svariate riunioni tra i sindaci ed il Commissario Prefettizio dottoressa Iaculli, l\u2019ultima il giorno 8 aprile 2014, e tutti insieme hanno dato il via libera all\u2019Organo di Governo d\u2019Ambito Brindisi per l\u2019ubicazione dii questo impianto a Francavilla Fontana. Noi non avevamo un sindaco a rappresentarci e a difendere le nostre sacrosante ragioni perch\u00e9 il nostro era stato costretto a dimettersi per i problemi giudiziari che tutti conosciamo.<\/em><br \/>\n<em> Non solo! Il Commissario ha messo a disposizione gratuitamente un\u2019area e degli immobili di propriet\u00e0 del Comune, \u201cper evitare le lunghe procedure di esproprio nonch\u00e9 quelle connesse ad eventuali varianti urbanistiche\u201d. Gli altri comuni non spenderanno un euro, n\u00e9 daranno le loro aree o i loro immobili, e risparmieranno sui costi di trasporto che attualmente sostengono per conferire la frazione organica presso impianti privati.<\/em><br \/>\n<em> A Francavilla in cambio vi sar\u00e0 solo la previsione in tariffa (quindi pagheremo anche noi come gli altri) di una aliquota per il \u201cristoro ambientale\u201d a favore del Comune di Francavilla Fontana uguale a quella prevista per Brindisi!<\/em><br \/>\n<em> Al danno si aggiunge quindi la beffa! Uno schiaffo inaccettabile per una citt\u00e0 che per decenni ha dovuto ricevere i rifiuti degli altri comuni con la conseguente inguaribile ferita delle discariche, regolari ed abusive, l\u2019inquinamento dei terreni delle falde e dell\u2019aria, ed infine il costo economico per le bonifiche e la manutenzione che avrebbe dovuto essere di chi ha incassato il denaro e non intende tenere fede ai patti.<\/em><br \/>\n<em> Una tale scelta fatta di imperio da un Commissario Prefettizio \u00e8 a parer nostro inopportuna e soprattutto al supera il limite oltre il quale le prerogative di questa carica possono spingersi.<\/em><br \/>\n<em> Ma la responsabilit\u00e0 principale di questo ricade come un macigno sulle amministrazioni di centrodestra che hanno gi\u00e0 nel 2007 (delibera n 92 del 30 marzo 2007) stabilito la realizzazione di un impianto simile che non fu per fortuna realizzato, e poi nel 2012 (delibera n. 58 del 17 dicembre 2012) ha dato parer non ostativo alla realizzazione di un impianto di compostaggio.<\/em><br \/>\n<em> Si sono venduti la nostra salute per poter gestire appalti e per poter sfruttare i pochissimi posti di lavoro come al solito in cambio di voti. Ora proveranno a dire che non erano o non sono d\u2019accordo, ma le delibere e gli atti li inchiodano alle loro responsabilit\u00e0.<\/em><br \/>\n<em> Nel PUG era stato previsto di spostare le attivit\u00e0 inquinanti (sansificio, impianti di rottamazione) esistenti in zona PIP nell\u2019area ASI creando una APEA (area produttiva ecologicamente attrezzata). Anche questa nuova emergenza ambientale si va ad aggiungere alle altre come problema che ancor prima di nascere \u00e8 irrisolvibile per i prossimi decenni.<\/em><br \/>\n<em> Quindi quando vedrete passare centinaia di camion maleodoranti, e cumuli di spazzatura, e sentirete odori nauseabondi trasportati dal vento assieme a quelli della sansa saprete chi ringraziare.<\/em><br \/>\n<em> Il Partito Democratico intanto \u00e8 fortemente contrario a questa sciagurata iniziativa e chiede urgentemente al Commissario Prefettizio e all\u2019O.g.A. di esporre ai cittadini in una udienza pubblica lo stato dell\u2019arte. Chiede inoltre di intervenire urgentemente per una riduzione del danno arrecato alla citt\u00e0, e per la rinegoziazione delle condizioni, che allo stato sono per Francavilla, incredibilmente gravose e sfavorevoli&#8221;.<\/em><\/p>\n<p>&nbsp;<\/p>\n<p>Sulla stessa falsariga si esprime <strong>Mimmo Bianco del NCD c<\/strong>he parla senza mezzi termini di\u00a0&#8220;<em>48.000.000 kili di &#8220;monnezza&#8221; su Francavilla&#8221;<\/em>.<br \/>\n<em>Scrive Bianco:\u00a0\u00a0Il NCD e&#8217; assolutamente contrario alla realizzazione di un impianto di compostaggio su Francavilla, dichiara Mimmo Bianco del NCD, lo siamo stati nel passato, prosegue, votando contro la delibera della Amministrazione uscente DellaCorte, lo saremo ancor di pi\u00f9 oggi che tale decisione viene presa con un atto di fatto &#8220;straordinario&#8221; della Commissario IACULLI.<\/em><br \/>\n<em> La nostra Citt\u00e0 ha gi\u00e0 pagato tanto in termini di inquinamento del territorio per farsi ulteriormente carico delle problematiche relative allo smaltimento dei rifiuti di tutto l&#8217;ambito che ricordiamo comprende ben 9 comuni limitrofi.<\/em><br \/>\n<em> Non si comprende perch\u00e9 l&#8217;Amministrazione uscente prima e la IACULLI ora, abbiano deciso di mortificare ulteriormente la nostra Citt\u00e0, anche in presenza, ci risulta, dell&#8217;interessamento di altri Comuni limitrofi quali Erchie (?) ed in ultimo Carovigno.<\/em><br \/>\n<em> \u00a0Ora si vorrebbe motivare questa sconcezza con l&#8217;urgenza di non perdere i finanziamenti previsti!!!<\/em><br \/>\n<em> \u00a0Dal nostro punto di vista, se i tempi per soluzioni alternative dovessero essere &#8220;troppo stretti&#8221;, cos\u00ec come si legge nelle righe della delibera, vuol dire che qualcuno fin&#8217;ora ha dormito, e se lo ha fatto, questa volta, dovr\u00e0 pagare.<\/em><br \/>\n<em> Basta con il presentare il conto ai Francavillesi !!<\/em><br \/>\n<em> \u00a0Se l&#8217;Amministrazione uscente si \u00e8 dimostrata inadeguata, anche a gestire questa delicatissima questione, non possiamo nemmeno subire a questo punto il decisionismo del Commissario IACULLI.<\/em><br \/>\n<em> Ci opporremo con tutte le nostre forze a questo progetto del quale ci riserviamo di conoscere\u00a0\u00a0eventuali celate opportunit\u00e0, augurandoci che tutti i candidati Sindaci, nessuno escluso, prendano una posizione, senza se \u00e8 senza ma, perch\u00e9 i Cittadini di Francavilla hanno bisogno di capire, una volta per tutte, da che parte stanno (i Sindaci), per capire loro (i Cittadini) da che parte stare!!<\/em><\/p>\n<p>Contrario \u00e8 anche il <strong>consigliere regionale Curto<\/strong> che ha espresso le sue nette riserve in una lettera indirizzata al Commissario Iaculli.<br \/>\nPer Curto si tratta di una decisione:<em> &#8220;di assoluta e inaudita gravit\u00e0&#8221; perch\u00e9:<\/em><br \/>\n<em> &#8211; la citt\u00e0 ha ribadito in pi\u00f9 occasioni di non voler pi\u00f9 ospitare impianti capaci di determinare un evidente impatto ambientale;<\/em><br \/>\n<em> &#8211; l\u2019area interessata \u00e8 stata sede di un importante istituto agrario che, anche alla luce della possibile istituzione di una nuova facolt\u00e0 universitaria con indirizzo agrario, potrebbe tornare a risplendere di nuova luce;<\/em><br \/>\n<em> &#8211; la medesima area \u00e8 interessata da importanti strutture e attivit\u00e0 industriali, artigianali e commerciali che gi\u00e0 vivono uno stato di grave crisi, e che da quell\u2019insediamento potrebbero subire un colpo mortale;<\/em><br \/>\n<em> &#8211; inquieta, e non poco, l\u2019adiacente presenza di un sansificio, anche perch\u00e9 la circostanza potrebbe far ritenere ipotizzabile una sinergia tra le due attivit\u00e0, sicuramente molto remunerativa sotto il profilo speculativo-imprenditoriale, ma devastante per Francavilla Fontana sotto tutti gli altri aspetti;<\/em><br \/>\n<em> &#8211; la scelta di Francavilla come sede di impianto di Compostaggio non pu\u00f2 reggere sulla scorta della delibera della G.C. di Francavilla Fontana n. 92 del 30 marzo 2007, sia perch\u00e9, a mia memoria, tale delibera fu approvata al fine di evitare contenziosi ad altissimo rischio con il soggetto all\u2019epoca legittimamente concessionario sulla scorta di idoneo provvedimento della Giunta che guidava la Regione Puglia, sia perch\u00e9, all\u2019epoca, la presenza di una discarica ancora in attivit\u00e0 ne rendeva, se non auspicabile, sicuramente in parte giustificabile la sua realizzazione;<\/em><br \/>\n<em> &#8211; non \u00e8 dato conoscere i motivi per i quali sia stata vigorosamente reiterata la \u201ccandidatura\u201d di Francavilla Fontana, nonostante, stando a notizie accreditate, altri comuni della nostra provincia, attraverso i rispettivi sindaci, si sarebbero proposti. Al riguardo, La pregherei di farmi avere copia dei verbali relativi conseguenti alle riunioni O.g.A.;- assumersi la responsabilit\u00e0 politica \u2013 si badi bene: \u201cpolitica\u201d e non \u201cistituzionale\u201d \u2013 di una tale decisione a poche settimane dal voto, e quindi dall\u2019ingresso di una nuova Amministrazione comunale, unica legittima espressione del corpo elettorale e della citt\u00e0, rappresenta \u2013 faccia Lei \u2013 o il massimo di una inopportuna provocazione, oppure \u2013 Dio non voglia \u2013 l\u2019atto conclusivo di un disegno economico ambientale perverso di cui se non si \u00e8 protagonisti si \u00e8 sicuramente strumento.<\/em><\/p>\n<p><em>E\u2019 pertanto sulla scorta di queste motivazioni che sono a chiederLe, sia nella veste istituzionale di consigliere regionale, sia in quella di responsabile del movimento politico \u201cProgetto per l\u2019Italia\u201d, sia in quella di semplice cittadino francavillese, di revocare la sciagurata delibera.<\/em><\/p>\n<p><em>Eviter\u00e0 una durissima contrapposizione che potrebbe protrarsi ben oltre la sua restante esperienza commissariale.<\/em><\/p>\n<p>&nbsp;<\/p>\n<p>Sul\u00a0versante opposto c&#8217;\u00e8 <strong>Luigi Vitali (FI)<\/strong>. Queste le sue dichiarazioni:<\/p>\n<p><em>&#8220;Leggo roboanti dichiarazioni da parte di esponenti del PD francavillese\u00a0\u00a0che se la prendono con il mondo accusando vecchia amministrazione e Commissario prefettizio (sic!) di voler trasformare Francavilla Fontana in una discarica&#8221; E&#8217; quanto dichiarato dall&#8217;on Luigi Vitali segretario provinciale di Forza Italia e candidato al consiglio comunale di Francavilla Fontana commentando l&#8217;ultimo comunicato stampa del PD Francavillese&#8221;.<\/em><em>\u00a0&#8220;Francavilla&#8221; ha proseguito &#8220;non avr\u00e0 mai pi\u00f9 una discarica perch\u00e9 questa e&#8217; stata la volont\u00e0 del centrodestra e di tutto il Consiglio Comunale che in tal senso ha votato un ordine del giorno. Prima di parlare sparando fesserie bisognerebbe informarsi . Secondo il piano regionale sui rifiuti nella provincia di Brindisi sono stati previsti due centri di stoccaggio, proprio per evitare\u00a0<\/em><em>la realizzazione di mega discariche : uno a Brindisi e l&#8217;altro a Francavilla&#8221; E&#8217; sempre Vitali a parlare. &#8220;Detti impianti , oltre a non essere inquinanti come le discariche ed avendo un impatto ambientale sostenibile attese le tecnologie di ultima generazione con le quali vengono realizzati, rappresentano un vantaggio enorme per le comunit\u00e0 dove vengono realizzate; infatti quei cittadini , oltre a non pagare nessun onere relativamente al costo del trasporto, vedono riconosciuta alla comunit\u00e0 una royalti da utilizzare per la collettivit\u00e0 . Se non fosse cos\u00ec non ci sarebbe stato, da parte del Comune di Carovigno, una delibera con la quale si proponeva quale sito dell&#8217;impianto al posto di Francavilla Fontana approfittando del fatto che la citt\u00e0 degli Imperiali era commissariata.&#8221; Vitali ha poi concluso &#8220;Il Commissario prefettizio non ha fatto altro che adempier a quanto previsto rispettando le volont\u00e0 a suo tempo espressesi e cambiando solo il sito\u00a0\u00a0evidentemente per evitare lungaggini collegate alle pratiche di esproprio. Comunque se il PD voleva iniziare la sua campagna elettorale non poteva farlo in maniera peggiore!&#8221;<\/em><\/p>\n","protected":false},"excerpt":{"rendered":"<p>Fa infuriare il Partito Democratico ed il NCD di Francavilla, la\u00a0delibera del Commissario Prefettizio N. 22 del 10\/04\/2014 con la quale si consente la\u00a0realizzazione\u00a0nella zona industriale di\u00a0un impianto di compostaggio della frazione organica, con eventuale sistema di produzione di biogas e recupero energetico . Il Partito Democratico, per voce dell&#8217;Architetto Vozza, componente della segreteria di circolo\u00a0\u00a0esprime\u00a0&#8220;sgomento e indignazione&#8221; per una decisione &#8220;presa alle spalle dei francavillesi&#8221;, assunta &#8220;in totale assenza di alcuna condivisione con la cittadinanza ed in spregio della volont\u00e0 dei cittadini francavillesi di autodeterminare le scelte che riguardano il loro futuro e la loro salute&#8221;. Scrive Vozza: &#8220;Un\u2019altra enorme \u201cdiscarica\u201d per trattare 48.000 tonnellate all\u2019anno di rifiuti degli altri comuni della provincia (per comprendere la dimensione si pensi che l\u2019impianto di Brindisi tratter\u00e0 12.000 tonnellate all\u2019anno, un quarto di quello previsto per Francavilla). Hanno fatto in modo da farci diventare ancora una volta la \u201cpattumiera\u201d della provincia! Sono state fatte svariate riunioni tra i sindaci ed il Commissario Prefettizio dottoressa Iaculli, l\u2019ultima il giorno 8 aprile 2014, e&#8230;<\/p>\n","protected":false},"author":2,"featured_media":2137,"comment_status":"open","ping_status":"open","sticky":false,"template":"","format":"standard","meta":{"footnotes":""},"categories":[7],"tags":[1807,353,558,27,251,43],"class_list":["post-11870","post","type-post","status-publish","format-standard","has-post-thumbnail","hentry","category-news","tag-compostaggio","tag-curto","tag-fi","tag-francavilla","tag-ncd","tag-pd"],"_links":{"self":[{"href":"https:\/\/www.brundisium.net\/index.php\/wp-json\/wp\/v2\/posts\/11870","targetHints":{"allow":["GET"]}}],"collection":[{"href":"https:\/\/www.brundisium.net\/index.php\/wp-json\/wp\/v2\/posts"}],"about":[{"href":"https:\/\/www.brundisium.net\/index.php\/wp-json\/wp\/v2\/types\/post"}],"author":[{"embeddable":true,"href":"https:\/\/www.brundisium.net\/index.php\/wp-json\/wp\/v2\/users\/2"}],"replies":[{"embeddable":true,"href":"https:\/\/www.brundisium.net\/index.php\/wp-json\/wp\/v2\/comments?post=11870"}],"version-history":[{"count":1,"href":"https:\/\/www.brundisium.net\/index.php\/wp-json\/wp\/v2\/posts\/11870\/revisions"}],"predecessor-version":[{"id":12014,"href":"https:\/\/www.brundisium.net\/index.php\/wp-json\/wp\/v2\/posts\/11870\/revisions\/12014"}],"wp:featuredmedia":[{"embeddable":true,"href":"https:\/\/www.brundisium.net\/index.php\/wp-json\/wp\/v2\/media\/2137"}],"wp:attachment":[{"href":"https:\/\/www.brundisium.net\/index.php\/wp-json\/wp\/v2\/media?parent=11870"}],"wp:term":[{"taxonomy":"category","embeddable":true,"href":"https:\/\/www.brundisium.net\/index.php\/wp-json\/wp\/v2\/categories?post=11870"},{"taxonomy":"post_tag","embeddable":true,"href":"https:\/\/www.brundisium.net\/index.php\/wp-json\/wp\/v2\/tags?post=11870"}],"curies":[{"name":"wp","href":"https:\/\/api.w.org\/{rel}","templated":true}]}}