{"id":118884,"date":"2017-11-23T07:56:59","date_gmt":"2017-11-23T06:56:59","guid":{"rendered":"http:\/\/www.brundisium.net\/?p=118884"},"modified":"2017-11-23T00:59:54","modified_gmt":"2017-11-22T23:59:54","slug":"sabato-25-ad-ostuni-il-28-premio-nazionale-di-lettere-e-arti-citta-viva-2017","status":"publish","type":"post","link":"https:\/\/www.brundisium.net\/index.php\/sabato-25-ad-ostuni-il-28-premio-nazionale-di-lettere-e-arti-citta-viva-2017\/","title":{"rendered":"Sabato 25 ad Ostuni il 28\u00b0 Premio Nazionale di Lettere e Arti \u201cCitt\u00e0 Viva\u201d 2017"},"content":{"rendered":"<p><a href=\"http:\/\/www.brundisium.net\/brun\/wp-content\/uploads\/2017\/11\/cviva1.jpg\"><img loading=\"lazy\" decoding=\"async\" class=\"alignleft size-medium wp-image-118885\" src=\"http:\/\/www.brundisium.net\/brun\/wp-content\/uploads\/2017\/11\/cviva1-300x200.jpg\" alt=\"\" width=\"300\" height=\"200\" srcset=\"https:\/\/www.brundisium.net\/brun\/wp-content\/uploads\/2017\/11\/cviva1-300x200.jpg 300w, https:\/\/www.brundisium.net\/brun\/wp-content\/uploads\/2017\/11\/cviva1-768x512.jpg 768w, https:\/\/www.brundisium.net\/brun\/wp-content\/uploads\/2017\/11\/cviva1.jpg 960w\" sizes=\"auto, (max-width: 300px) 100vw, 300px\" \/><\/a>\u00a0Sabato 25 novembre alle 18,00 si rinnova ad Ostuni la tradizionale serata di poesia e arte organizzata da ben ventotto anni dall\u2019Associazione culturale Citt\u00e0 Viva per il conferimento degli omonimi premi. Anche quest\u2019anno la cerimonia avr\u00e0 luogo presso il Centro di Spiritualit\u00e0 \u201cMadonna della Nova\u201d in Ostuni alla presenza del consueto parterre di autorit\u00e0 e personalit\u00e0 del mondo della cultura e della societ\u00e0.<\/p>\n<p>&nbsp;<\/p>\n<p>Sar\u00e0 l\u2019occasione per conoscere i nomi dei vincitori del 28\u00b0 Premio Nazionale di Lettere e Arti \u201cCitt\u00e0 Viva\u201d 2017, il cui prestigio \u00e8 confermato di anno in anno dalla notevole qualit\u00e0 e quantit\u00e0 di elaborati in concorso nonch\u00e9 garantito dalla Medaglia d\u2019argento del Presidente della Repubblica conferita in occasione della venticinquesima edizione.<\/p>\n<p>A condurre la serata vi sar\u00e0 l\u2019Avv. Gianmichele Pavone, giornalista e promotore culturale, mentre gli interventi musicali saranno a cura del soprano Marta Nigro e del tenore Giampiero Ruffano, accompagnati al pianoforte dal Maestro Ettore Papadia. Verr\u00e0 presentato come ogni anno il volume contenente l\u2019insieme dei lavori premiati con la copertina opera del pittore Pino Nardelli.<\/p>\n<p>&nbsp;<\/p>\n<p><a href=\"http:\/\/www.brundisium.net\/brun\/wp-content\/uploads\/2017\/11\/norah_zapata_prill.jpg\"><img loading=\"lazy\" decoding=\"async\" class=\"alignleft size-medium wp-image-118887\" src=\"http:\/\/www.brundisium.net\/brun\/wp-content\/uploads\/2017\/11\/norah_zapata_prill-225x300.jpg\" alt=\"\" width=\"225\" height=\"300\" srcset=\"https:\/\/www.brundisium.net\/brun\/wp-content\/uploads\/2017\/11\/norah_zapata_prill-225x300.jpg 225w, https:\/\/www.brundisium.net\/brun\/wp-content\/uploads\/2017\/11\/norah_zapata_prill-300x400.jpg 300w, https:\/\/www.brundisium.net\/brun\/wp-content\/uploads\/2017\/11\/norah_zapata_prill.jpg 720w\" sizes=\"auto, (max-width: 225px) 100vw, 225px\" \/><br \/>\n<\/a>Presidente onorario del premio sar\u00e0 la poetessa boliviana ma naturalizzata svizzera Norah Zapata Prill. Studentessa in medicina, poi laureata in Lingua e letteratura castigliana, Norah Zapata Prill si dedica alla poesia dall\u2019et\u00e0 di vent\u2019anni.<\/p>\n<p>Nel 1973 e nel 1977 si aggiudica il prestigioso &#8220;Gran Premio Nazionale Franz Tamayo&#8221;. A seguito delle alterne vicende politiche del suo paese, si trasferisce in Svizzera nel 1978 e dal 1993 dirige uno stabilimento geriatrico. Norah \u00e8 co-fondatrice e direttrice a Losanna della &#8220;Fondazione Donatella Mauri&#8221;, che si occupa di anziani che soffrono di demenza e corrispondente dell\u2019\u201cAcademia Boliviana de la Lengua\u201d.<\/p>\n","protected":false},"excerpt":{"rendered":"<p>\u00a0Sabato 25 novembre alle 18,00 si rinnova ad Ostuni la tradizionale serata di poesia e arte organizzata da ben ventotto anni dall\u2019Associazione culturale Citt\u00e0 Viva per il conferimento degli omonimi premi. Anche quest\u2019anno la cerimonia avr\u00e0 luogo presso il Centro di Spiritualit\u00e0 \u201cMadonna della Nova\u201d in Ostuni alla presenza del consueto parterre di autorit\u00e0 e personalit\u00e0 del mondo della cultura e della societ\u00e0. &nbsp; Sar\u00e0 l\u2019occasione per conoscere i nomi dei vincitori del 28\u00b0 Premio Nazionale di Lettere e Arti \u201cCitt\u00e0 Viva\u201d 2017, il cui prestigio \u00e8 confermato di anno in anno dalla notevole qualit\u00e0 e quantit\u00e0 di elaborati in concorso nonch\u00e9 garantito dalla Medaglia d\u2019argento del Presidente della Repubblica conferita in occasione della venticinquesima edizione. A condurre la serata vi sar\u00e0 l\u2019Avv. Gianmichele Pavone, giornalista e promotore culturale, mentre gli interventi musicali saranno a cura del soprano Marta Nigro e del tenore Giampiero Ruffano, accompagnati al pianoforte dal Maestro Ettore Papadia. Verr\u00e0 presentato come ogni anno il volume contenente l\u2019insieme dei lavori premiati con la copertina opera del pittore&#8230;<\/p>\n","protected":false},"author":2,"featured_media":118886,"comment_status":"open","ping_status":"closed","sticky":false,"template":"","format":"standard","meta":{"footnotes":""},"categories":[7],"tags":[5254,53],"class_list":["post-118884","post","type-post","status-publish","format-standard","has-post-thumbnail","hentry","category-news","tag-citta-viva","tag-ostuni"],"_links":{"self":[{"href":"https:\/\/www.brundisium.net\/index.php\/wp-json\/wp\/v2\/posts\/118884","targetHints":{"allow":["GET"]}}],"collection":[{"href":"https:\/\/www.brundisium.net\/index.php\/wp-json\/wp\/v2\/posts"}],"about":[{"href":"https:\/\/www.brundisium.net\/index.php\/wp-json\/wp\/v2\/types\/post"}],"author":[{"embeddable":true,"href":"https:\/\/www.brundisium.net\/index.php\/wp-json\/wp\/v2\/users\/2"}],"replies":[{"embeddable":true,"href":"https:\/\/www.brundisium.net\/index.php\/wp-json\/wp\/v2\/comments?post=118884"}],"version-history":[{"count":1,"href":"https:\/\/www.brundisium.net\/index.php\/wp-json\/wp\/v2\/posts\/118884\/revisions"}],"predecessor-version":[{"id":118888,"href":"https:\/\/www.brundisium.net\/index.php\/wp-json\/wp\/v2\/posts\/118884\/revisions\/118888"}],"wp:featuredmedia":[{"embeddable":true,"href":"https:\/\/www.brundisium.net\/index.php\/wp-json\/wp\/v2\/media\/118886"}],"wp:attachment":[{"href":"https:\/\/www.brundisium.net\/index.php\/wp-json\/wp\/v2\/media?parent=118884"}],"wp:term":[{"taxonomy":"category","embeddable":true,"href":"https:\/\/www.brundisium.net\/index.php\/wp-json\/wp\/v2\/categories?post=118884"},{"taxonomy":"post_tag","embeddable":true,"href":"https:\/\/www.brundisium.net\/index.php\/wp-json\/wp\/v2\/tags?post=118884"}],"curies":[{"name":"wp","href":"https:\/\/api.w.org\/{rel}","templated":true}]}}