{"id":119150,"date":"2017-11-25T17:31:32","date_gmt":"2017-11-25T16:31:32","guid":{"rendered":"http:\/\/www.brundisium.net\/?p=119150"},"modified":"2017-11-25T17:31:32","modified_gmt":"2017-11-25T16:31:32","slug":"segretario-adsp-tomaselli-siano-tenute-in-considerazione-le-professionalita-che-vengono-dalla-comunita-brindisina","status":"publish","type":"post","link":"https:\/\/www.brundisium.net\/index.php\/segretario-adsp-tomaselli-siano-tenute-in-considerazione-le-professionalita-che-vengono-dalla-comunita-brindisina\/","title":{"rendered":"Segretario AdSP, Tomaselli: &#8220;siano tenute in considerazione le professionalit\u00e0 che vengono dalla comunit\u00e0 brindisina&#8221;"},"content":{"rendered":"<p>La nomina del segretario generale dell\u2019Autorit\u00e0 di Sistema Portuale dell\u2019Adriatico Meridionale si \u00e8 protratta oltremodo per non considerare del tutto legittimi gli interrogativi che da giorni si pongono gli attori istituzionali e gli stessi operatori del cluster portuale adriatico, interessati alla piena funzionalit\u00e0 ed efficacia dell\u2019azione di un cos\u00ec importante e decisivo ente.<\/p>\n<p>&nbsp;<\/p>\n<p>Al di l\u00e0 dei tempi tecnici necessari ed utili ad istruire una scelta cos\u00ec delicata, che ha visto raccogliere curriculum e validarli tramite l\u2019Anac con una procedura non scontata n\u00e8 richiesta dalle norme e per questo ancora pi\u00f9 apprezzabile per trasparenza, \u00e9 pur vero che la nomina del Presidente Patroni Griffi risale ad aprile e ormai siamo alle porte di dicembre.<\/p>\n<p>&nbsp;<\/p>\n<p>E, quindi, delle due l\u2019una: o tra i curriculum esaminati, considerata la natura fiduciaria della nomina, il Presidente non ritiene ve ne sia alcuno degno di valutazione positiva oppure attorno a questa vicenda (non sarebbe la prima volta) si giocano relazioni e pressioni, anche di natura politico-istituzionale, che finora hanno impedito di scegliere a chi affidare una cos\u00ec importante responsabilit\u00e0.<\/p>\n<p>&nbsp;<\/p>\n<p>Conoscendo e stimando profondamente il Presidente Patroni Griffi sono certo che questa seconda ipotesi sia infondata ed estranea.<\/p>\n<p>&nbsp;<\/p>\n<p>Ed allora, voglio sperare che lo stesso Presidente possa accogliere un sommesso e disinteressato invito: sciolga nei prossimi giorni questo nodo, in piena autonomia e confidando nelle qualit\u00e0 e nelle competenze che gli sono gi\u00e0 state avanzate o in altre che, magari, ulteriormente potranno rendersi disponibili in questo tempo che si protrae.<\/p>\n<p>&nbsp;<\/p>\n<p>In una scelta di tale natura, tutta di merito, sono certo che non mancheranno di essere tenute in debita considerazione le stesse professionalit\u00e0 che sono venute o che verranno dalla comunit\u00e0 brindisina e che, per affidabilit\u00e0 e senso delle istituzioni, ben possono concorrere alla responsabilit\u00e0 di partecipare, sotto la guida del Presidente Patroni Griffi, alla piena valorizzazione del patrimonio di infrastrutture e di opportunit\u00e0 di sviluppo che i porti adriatici pugliesi potranno cogliere in modo coeso ed unitario.<\/p>\n<p>&nbsp;<\/p>\n<p>&nbsp;<\/p>\n<p><strong>COMUNICATO STAMPA<br \/>\nSen. Salvatore Tomaselli (PD)<\/strong><\/p>\n","protected":false},"excerpt":{"rendered":"<p>La nomina del segretario generale dell\u2019Autorit\u00e0 di Sistema Portuale dell\u2019Adriatico Meridionale si \u00e8 protratta oltremodo per non considerare del tutto legittimi gli interrogativi che da giorni si pongono gli attori istituzionali e gli stessi operatori del cluster portuale adriatico, interessati alla piena funzionalit\u00e0 ed efficacia dell\u2019azione di un cos\u00ec importante e decisivo ente. &nbsp; Al di l\u00e0 dei tempi tecnici necessari ed utili ad istruire una scelta cos\u00ec delicata, che ha visto raccogliere curriculum e validarli tramite l\u2019Anac con una procedura non scontata n\u00e8 richiesta dalle norme e per questo ancora pi\u00f9 apprezzabile per trasparenza, \u00e9 pur vero che la nomina del Presidente Patroni Griffi risale ad aprile e ormai siamo alle porte di dicembre. &nbsp; E, quindi, delle due l\u2019una: o tra i curriculum esaminati, considerata la natura fiduciaria della nomina, il Presidente non ritiene ve ne sia alcuno degno di valutazione positiva oppure attorno a questa vicenda (non sarebbe la prima volta) si giocano relazioni e pressioni, anche di natura politico-istituzionale, che finora hanno impedito di scegliere a&#8230;<\/p>\n","protected":false},"author":2,"featured_media":82008,"comment_status":"open","ping_status":"closed","sticky":false,"template":"","format":"standard","meta":{"footnotes":""},"categories":[7],"tags":[4877,116],"class_list":["post-119150","post","type-post","status-publish","format-standard","has-post-thumbnail","hentry","category-news","tag-adsp","tag-tomaselli"],"_links":{"self":[{"href":"https:\/\/www.brundisium.net\/index.php\/wp-json\/wp\/v2\/posts\/119150","targetHints":{"allow":["GET"]}}],"collection":[{"href":"https:\/\/www.brundisium.net\/index.php\/wp-json\/wp\/v2\/posts"}],"about":[{"href":"https:\/\/www.brundisium.net\/index.php\/wp-json\/wp\/v2\/types\/post"}],"author":[{"embeddable":true,"href":"https:\/\/www.brundisium.net\/index.php\/wp-json\/wp\/v2\/users\/2"}],"replies":[{"embeddable":true,"href":"https:\/\/www.brundisium.net\/index.php\/wp-json\/wp\/v2\/comments?post=119150"}],"version-history":[{"count":1,"href":"https:\/\/www.brundisium.net\/index.php\/wp-json\/wp\/v2\/posts\/119150\/revisions"}],"predecessor-version":[{"id":119151,"href":"https:\/\/www.brundisium.net\/index.php\/wp-json\/wp\/v2\/posts\/119150\/revisions\/119151"}],"wp:featuredmedia":[{"embeddable":true,"href":"https:\/\/www.brundisium.net\/index.php\/wp-json\/wp\/v2\/media\/82008"}],"wp:attachment":[{"href":"https:\/\/www.brundisium.net\/index.php\/wp-json\/wp\/v2\/media?parent=119150"}],"wp:term":[{"taxonomy":"category","embeddable":true,"href":"https:\/\/www.brundisium.net\/index.php\/wp-json\/wp\/v2\/categories?post=119150"},{"taxonomy":"post_tag","embeddable":true,"href":"https:\/\/www.brundisium.net\/index.php\/wp-json\/wp\/v2\/tags?post=119150"}],"curies":[{"name":"wp","href":"https:\/\/api.w.org\/{rel}","templated":true}]}}