{"id":119277,"date":"2017-11-27T17:09:28","date_gmt":"2017-11-27T16:09:28","guid":{"rendered":"http:\/\/www.brundisium.net\/?p=119277"},"modified":"2017-11-27T14:51:35","modified_gmt":"2017-11-27T13:51:35","slug":"lunedi-4-al-pertini-si-presenta-il-libro-come-le-rose-a-maggio","status":"publish","type":"post","link":"https:\/\/www.brundisium.net\/index.php\/lunedi-4-al-pertini-si-presenta-il-libro-come-le-rose-a-maggio\/","title":{"rendered":"Luned\u00ec 4 al Pertini si presenta il libro: &#8220;Come le Rose a Maggio&#8221;"},"content":{"rendered":"<p>Presso l&#8217;Istituto scolastico I. P. S. S. E. O. A. &#8220;Sandro Pertini&#8221;, servizi per l&#8217;enogastronomia e l&#8217;ospitalit\u00e0 alberghiera di Brindisi, luned\u00ec 4 dicembre 2017, alle ore 10.00, ci sar\u00e0 la presentazione del libro: &#8220;Come le Rose a Maggio. Una Storia Vera&#8221;, di Antonello D&#8217;Ajello.<\/p>\n<p>&nbsp;<\/p>\n<p>L&#8217;autore, dopo avere affrontato tante difficolt\u00e0 esistenziali e lavorative, scopre la vena letteraria che lo porter\u00e0 a trascrivere su carta la toccante esperienza della malattia e disabilita&#8217; dell&#8217;amato figlio Matteo.<\/p>\n<p>Dopo i saluti del dirigente scolastico dell&#8217;Alberghiero, prof. Vincenzo Micia, dialoghera&#8217; con l&#8217;autore la prof.ssa Anna Consales.<\/p>\n<p>Moderera&#8217; l&#8217;incontro la prof.ssa Maria Rosaria Cuzzupe&#8217;.<\/p>\n<p>&nbsp;<\/p>\n<p>&nbsp;<\/p>\n<p><strong>COMUNICATO STAMPA I. P. S. S. E. O. A. &#8220;Sandro Pertini&#8221; BRINDISI<\/strong><\/p>\n","protected":false},"excerpt":{"rendered":"<p>Presso l&#8217;Istituto scolastico I. P. S. S. E. O. A. &#8220;Sandro Pertini&#8221;, servizi per l&#8217;enogastronomia e l&#8217;ospitalit\u00e0 alberghiera di Brindisi, luned\u00ec 4 dicembre 2017, alle ore 10.00, ci sar\u00e0 la presentazione del libro: &#8220;Come le Rose a Maggio. Una Storia Vera&#8221;, di Antonello D&#8217;Ajello. &nbsp; L&#8217;autore, dopo avere affrontato tante difficolt\u00e0 esistenziali e lavorative, scopre la vena letteraria che lo porter\u00e0 a trascrivere su carta la toccante esperienza della malattia e disabilita&#8217; dell&#8217;amato figlio Matteo. Dopo i saluti del dirigente scolastico dell&#8217;Alberghiero, prof. Vincenzo Micia, dialoghera&#8217; con l&#8217;autore la prof.ssa Anna Consales. Moderera&#8217; l&#8217;incontro la prof.ssa Maria Rosaria Cuzzupe&#8217;. &nbsp; &nbsp; COMUNICATO STAMPA I. P. S. S. E. O. A. &#8220;Sandro Pertini&#8221; BRINDISI<\/p>\n","protected":false},"author":2,"featured_media":119278,"comment_status":"open","ping_status":"closed","sticky":false,"template":"","format":"standard","meta":{"footnotes":""},"categories":[224,7],"tags":[5281],"class_list":["post-119277","post","type-post","status-publish","format-standard","has-post-thumbnail","hentry","category-libri","category-news","tag-pertini"],"_links":{"self":[{"href":"https:\/\/www.brundisium.net\/index.php\/wp-json\/wp\/v2\/posts\/119277","targetHints":{"allow":["GET"]}}],"collection":[{"href":"https:\/\/www.brundisium.net\/index.php\/wp-json\/wp\/v2\/posts"}],"about":[{"href":"https:\/\/www.brundisium.net\/index.php\/wp-json\/wp\/v2\/types\/post"}],"author":[{"embeddable":true,"href":"https:\/\/www.brundisium.net\/index.php\/wp-json\/wp\/v2\/users\/2"}],"replies":[{"embeddable":true,"href":"https:\/\/www.brundisium.net\/index.php\/wp-json\/wp\/v2\/comments?post=119277"}],"version-history":[{"count":1,"href":"https:\/\/www.brundisium.net\/index.php\/wp-json\/wp\/v2\/posts\/119277\/revisions"}],"predecessor-version":[{"id":119279,"href":"https:\/\/www.brundisium.net\/index.php\/wp-json\/wp\/v2\/posts\/119277\/revisions\/119279"}],"wp:featuredmedia":[{"embeddable":true,"href":"https:\/\/www.brundisium.net\/index.php\/wp-json\/wp\/v2\/media\/119278"}],"wp:attachment":[{"href":"https:\/\/www.brundisium.net\/index.php\/wp-json\/wp\/v2\/media?parent=119277"}],"wp:term":[{"taxonomy":"category","embeddable":true,"href":"https:\/\/www.brundisium.net\/index.php\/wp-json\/wp\/v2\/categories?post=119277"},{"taxonomy":"post_tag","embeddable":true,"href":"https:\/\/www.brundisium.net\/index.php\/wp-json\/wp\/v2\/tags?post=119277"}],"curies":[{"name":"wp","href":"https:\/\/api.w.org\/{rel}","templated":true}]}}