{"id":119353,"date":"2017-11-29T10:05:29","date_gmt":"2017-11-29T09:05:29","guid":{"rendered":"http:\/\/www.brundisium.net\/?p=119353"},"modified":"2017-11-29T14:32:51","modified_gmt":"2017-11-29T13:32:51","slug":"giornata-internazionale-delle-persone-con-disabilita-ostuni-la-celebra-con-un-interessante-convegno","status":"publish","type":"post","link":"https:\/\/www.brundisium.net\/index.php\/giornata-internazionale-delle-persone-con-disabilita-ostuni-la-celebra-con-un-interessante-convegno\/","title":{"rendered":"Giornata Internazionale delle Persone con Disabilit\u00e0: Ostuni la celebra con un interessante convegno"},"content":{"rendered":"<p>Il 3 dicembre ricorre la \u201cGiornata Internazionale delle Persone con Disabilit\u00e0\u201d e sabato 2 , il M.E.I.C. &#8211; Gruppo di Ostuni, il Rotary Club di Ostuni e la Biblioteca Comunale &#8220;F. Trinchera&#8221; hanno organizzato un convegno sul tema.<\/p>\n<p>&nbsp;<\/p>\n<p>La Giornata \u00e8 stata istituita nel 1981 (Anno Internazionale delle Persone Disabili), per promuovere una pi\u00f9 diffusa e approfondita conoscenza sui temi della disabilit\u00e0, per sostenere la piena inclusione delle persone con disabilit\u00e0 in ogni ambito della vita e per allontanare ogni forma di discriminazione e violenza. Dal luglio del 1993, inoltre, il 3 dicembre \u00e8 diventato anche Giornata Europea delle Persone con Disabilit\u00e0, come voluto dalla Commissione Europea, in accordo con le Nazioni Unite.<\/p>\n<p>&nbsp;<\/p>\n<p>L&#8217;evento si terr\u00e0 presso l&#8217;auditorium &#8220;G. Semerano&#8221; della Biblioteca Comunale di Ostuni alle ore 17:00 e dopo gli indirizzi di saluto del Dott. Gianfranco Coppola (Sindaco del Comune di Ostuni), della Dott.ssa Francesca Garziano (Direttrice Biblioteca Comunale \u201cF. Trinchera senior\u201d), del Dott. Michele Sgura (Presidente M.E.I.C. &#8211; Gruppo di Ostuni), dell&#8217;Avv. Gianmichele Pavone (Presidente del Rotary Club \u201cOstuni &#8211; Valle d\u2019Itria &#8211; Rosamarina\u201d) e dell&#8217;Avv. Vincenzo Falabella (Presidente FISH e FAIP), interverranno: la Dott.ssa Elena Martucci (Amministratore Ostuni Palace), il Dott. Sergio Quaranta (Presidente AIPD &#8211; Sezione di Brindisi), il Dott. Giuseppe di Giorgio (Vice presidente AISM &#8211; Sezione di Brindisi), l&#8217;Avv. Rosario Almiento (Presidente Societ\u00e0 Trasporti Pubblici Brindisi S.p.a.), il Dott. Franceso Pecere (Presidente UNITALSI &#8211; Sezione di Ostuni), gli Arch. Francesco Semerano e Cosimo Venerito (Progettisti \u201cConcattedrale Accessibile\u201d), la Prof.ssa Franca Tanzarella (Presidente Associazione \u201cIl Gabbiano\u201d) ed il Dott. Franco Colizzi (Coordinatore AIFO &#8211; Sezione Puglia).<\/p>\n<p>&nbsp;<\/p>\n<p>Coordiner\u00e0 i lavori Maria Lora Minetti (Segretaria M.E.I.C. &#8211; Gruppo di Ostuni).<\/p>\n","protected":false},"excerpt":{"rendered":"<p>Il 3 dicembre ricorre la \u201cGiornata Internazionale delle Persone con Disabilit\u00e0\u201d e sabato 2 , il M.E.I.C. &#8211; Gruppo di Ostuni, il Rotary Club di Ostuni e la Biblioteca Comunale &#8220;F. Trinchera&#8221; hanno organizzato un convegno sul tema. &nbsp; La Giornata \u00e8 stata istituita nel 1981 (Anno Internazionale delle Persone Disabili), per promuovere una pi\u00f9 diffusa e approfondita conoscenza sui temi della disabilit\u00e0, per sostenere la piena inclusione delle persone con disabilit\u00e0 in ogni ambito della vita e per allontanare ogni forma di discriminazione e violenza. Dal luglio del 1993, inoltre, il 3 dicembre \u00e8 diventato anche Giornata Europea delle Persone con Disabilit\u00e0, come voluto dalla Commissione Europea, in accordo con le Nazioni Unite. &nbsp; L&#8217;evento si terr\u00e0 presso l&#8217;auditorium &#8220;G. Semerano&#8221; della Biblioteca Comunale di Ostuni alle ore 17:00 e dopo gli indirizzi di saluto del Dott. Gianfranco Coppola (Sindaco del Comune di Ostuni), della Dott.ssa Francesca Garziano (Direttrice Biblioteca Comunale \u201cF. Trinchera senior\u201d), del Dott. Michele Sgura (Presidente M.E.I.C. &#8211; Gruppo di Ostuni), dell&#8217;Avv. Gianmichele Pavone (Presidente del&#8230;<\/p>\n","protected":false},"author":2,"featured_media":119467,"comment_status":"open","ping_status":"closed","sticky":false,"template":"","format":"standard","meta":{"footnotes":""},"categories":[7],"tags":[5295,53],"class_list":["post-119353","post","type-post","status-publish","format-standard","has-post-thumbnail","hentry","category-news","tag-giornata-internazionale-delle-persone-con-disabilita","tag-ostuni"],"_links":{"self":[{"href":"https:\/\/www.brundisium.net\/index.php\/wp-json\/wp\/v2\/posts\/119353","targetHints":{"allow":["GET"]}}],"collection":[{"href":"https:\/\/www.brundisium.net\/index.php\/wp-json\/wp\/v2\/posts"}],"about":[{"href":"https:\/\/www.brundisium.net\/index.php\/wp-json\/wp\/v2\/types\/post"}],"author":[{"embeddable":true,"href":"https:\/\/www.brundisium.net\/index.php\/wp-json\/wp\/v2\/users\/2"}],"replies":[{"embeddable":true,"href":"https:\/\/www.brundisium.net\/index.php\/wp-json\/wp\/v2\/comments?post=119353"}],"version-history":[{"count":1,"href":"https:\/\/www.brundisium.net\/index.php\/wp-json\/wp\/v2\/posts\/119353\/revisions"}],"predecessor-version":[{"id":119468,"href":"https:\/\/www.brundisium.net\/index.php\/wp-json\/wp\/v2\/posts\/119353\/revisions\/119468"}],"wp:featuredmedia":[{"embeddable":true,"href":"https:\/\/www.brundisium.net\/index.php\/wp-json\/wp\/v2\/media\/119467"}],"wp:attachment":[{"href":"https:\/\/www.brundisium.net\/index.php\/wp-json\/wp\/v2\/media?parent=119353"}],"wp:term":[{"taxonomy":"category","embeddable":true,"href":"https:\/\/www.brundisium.net\/index.php\/wp-json\/wp\/v2\/categories?post=119353"},{"taxonomy":"post_tag","embeddable":true,"href":"https:\/\/www.brundisium.net\/index.php\/wp-json\/wp\/v2\/tags?post=119353"}],"curies":[{"name":"wp","href":"https:\/\/api.w.org\/{rel}","templated":true}]}}