{"id":119582,"date":"2017-11-30T13:44:07","date_gmt":"2017-11-30T12:44:07","guid":{"rendered":"http:\/\/www.brundisium.net\/?p=119582"},"modified":"2017-11-30T14:06:54","modified_gmt":"2017-11-30T13:06:54","slug":"giornata-internazionale-delle-persone-con-disabilita-le-iniziative-dellassociazione-culturale-le-colonne","status":"publish","type":"post","link":"https:\/\/www.brundisium.net\/index.php\/giornata-internazionale-delle-persone-con-disabilita-le-iniziative-dellassociazione-culturale-le-colonne\/","title":{"rendered":"Giornata Internazionale delle Persone con Disabilit\u00e0: le iniziative dell\u2019Associazione culturale \u201cLe Colonne&#8221;"},"content":{"rendered":"<p>In occasione della Giornata Internazionale delle Persone con Disabilit\u00e0 2017 l\u2019Associazione culturale \u201cLe Colonne, arte antica e contemporanea\u201d che gestisce la Collezione Archeologica Faldetta esposta nelle sale della Palazzina del Belvedere, sita sul Lungomare di Brindisi, promuove una iniziativa denominata\u201cLa Collezione Archeologica Faldetta\u201d una realt\u00e0 museale in tutti i SENSI\u201d .<\/p>\n<p>&nbsp;<\/p>\n<p>L\u2019iniziativa ha ottenuto il patrocinio del Comune di Brindisi e di FIABA ONLUS la quale si pone come obiettivo primario l\u2019abbattimento delle barriere culturali e fisiche che impediscono la qualit\u00e0 di vita e pari opportunit\u00e0 per tutte le persone .<\/p>\n<p>&nbsp;<\/p>\n<p>Nella giornata di sabato 2 dicembre &#8211; ore 16.30 avr\u00e0 luogo l\u2019iniziativa \u201cArte accessibile\u201d che prevede una visita guidata gratuita dedicata a persone con disabilit\u00e0 e ridotta mobilit\u00e0 e loro accompagnatori alla Palazzina del Belvedere per conoscere la Collezione Archeologica.<\/p>\n<p>&nbsp;<\/p>\n<p>Nella mattina di domenica, 3 dicembre &#8211; ore 10.30 si svolger\u00e0 \u201cL\u2019Arte si tocca\u201d un\u2019esclusiva esperienza di riscoperta tattile delle riproduzioni tridimensionali di alcuni reperti archeologici della Collezione, con approfondimento di dettagli e ascolto simultaneo di audio in cuffia.<\/p>\n<p>&nbsp;<\/p>\n<p>La mission della Associazione \u201cLe Colonne, arte antica e contemporanea\u201d \u00e8 particolarmente orientata a rendere la realt\u00e0 museale accessibile ai pubblici promuovendo il superamento di barriere fisiche, percettive, sensoriali, cognitive e valorizzando le buone pratiche rivolte all\u2019inclusione e metter\u00e0 a disposizione di FIABA un corner informativo all\u2019interno della Palazzina del Belvedere, al fine di sensibilizzare i visitatori sui temi del superamento delle barriere architettoniche e culturali.<\/p>\n<p>&nbsp;<\/p>\n<p>&nbsp;<\/p>\n","protected":false},"excerpt":{"rendered":"<p>In occasione della Giornata Internazionale delle Persone con Disabilit\u00e0 2017 l\u2019Associazione culturale \u201cLe Colonne, arte antica e contemporanea\u201d che gestisce la Collezione Archeologica Faldetta esposta nelle sale della Palazzina del Belvedere, sita sul Lungomare di Brindisi, promuove una iniziativa denominata\u201cLa Collezione Archeologica Faldetta\u201d una realt\u00e0 museale in tutti i SENSI\u201d . &nbsp; L\u2019iniziativa ha ottenuto il patrocinio del Comune di Brindisi e di FIABA ONLUS la quale si pone come obiettivo primario l\u2019abbattimento delle barriere culturali e fisiche che impediscono la qualit\u00e0 di vita e pari opportunit\u00e0 per tutte le persone . &nbsp; Nella giornata di sabato 2 dicembre &#8211; ore 16.30 avr\u00e0 luogo l\u2019iniziativa \u201cArte accessibile\u201d che prevede una visita guidata gratuita dedicata a persone con disabilit\u00e0 e ridotta mobilit\u00e0 e loro accompagnatori alla Palazzina del Belvedere per conoscere la Collezione Archeologica. &nbsp; Nella mattina di domenica, 3 dicembre &#8211; ore 10.30 si svolger\u00e0 \u201cL\u2019Arte si tocca\u201d un\u2019esclusiva esperienza di riscoperta tattile delle riproduzioni tridimensionali di alcuni reperti archeologici della Collezione, con approfondimento di dettagli e ascolto simultaneo di&#8230;<\/p>\n","protected":false},"author":2,"featured_media":119584,"comment_status":"open","ping_status":"closed","sticky":false,"template":"","format":"standard","meta":{"footnotes":""},"categories":[7],"tags":[5295],"class_list":["post-119582","post","type-post","status-publish","format-standard","has-post-thumbnail","hentry","category-news","tag-giornata-internazionale-delle-persone-con-disabilita"],"_links":{"self":[{"href":"https:\/\/www.brundisium.net\/index.php\/wp-json\/wp\/v2\/posts\/119582","targetHints":{"allow":["GET"]}}],"collection":[{"href":"https:\/\/www.brundisium.net\/index.php\/wp-json\/wp\/v2\/posts"}],"about":[{"href":"https:\/\/www.brundisium.net\/index.php\/wp-json\/wp\/v2\/types\/post"}],"author":[{"embeddable":true,"href":"https:\/\/www.brundisium.net\/index.php\/wp-json\/wp\/v2\/users\/2"}],"replies":[{"embeddable":true,"href":"https:\/\/www.brundisium.net\/index.php\/wp-json\/wp\/v2\/comments?post=119582"}],"version-history":[{"count":1,"href":"https:\/\/www.brundisium.net\/index.php\/wp-json\/wp\/v2\/posts\/119582\/revisions"}],"predecessor-version":[{"id":119585,"href":"https:\/\/www.brundisium.net\/index.php\/wp-json\/wp\/v2\/posts\/119582\/revisions\/119585"}],"wp:featuredmedia":[{"embeddable":true,"href":"https:\/\/www.brundisium.net\/index.php\/wp-json\/wp\/v2\/media\/119584"}],"wp:attachment":[{"href":"https:\/\/www.brundisium.net\/index.php\/wp-json\/wp\/v2\/media?parent=119582"}],"wp:term":[{"taxonomy":"category","embeddable":true,"href":"https:\/\/www.brundisium.net\/index.php\/wp-json\/wp\/v2\/categories?post=119582"},{"taxonomy":"post_tag","embeddable":true,"href":"https:\/\/www.brundisium.net\/index.php\/wp-json\/wp\/v2\/tags?post=119582"}],"curies":[{"name":"wp","href":"https:\/\/api.w.org\/{rel}","templated":true}]}}