{"id":119781,"date":"2017-12-02T20:11:43","date_gmt":"2017-12-02T19:11:43","guid":{"rendered":"http:\/\/www.brundisium.net\/?p=119781"},"modified":"2017-12-02T20:11:43","modified_gmt":"2017-12-02T19:11:43","slug":"fasano-a-natale-2017-il-calendario-delle-iniziative-si-parte-con-degustazioni-e-musica-in-piazza-ciaia","status":"publish","type":"post","link":"https:\/\/www.brundisium.net\/index.php\/fasano-a-natale-2017-il-calendario-delle-iniziative-si-parte-con-degustazioni-e-musica-in-piazza-ciaia\/","title":{"rendered":"Fasano a Natale 2017: il calendario delle iniziative. Si parte con degustazioni e musica in piazza Ciaia"},"content":{"rendered":"<p><strong><a href=\"http:\/\/www.brundisium.net\/brun\/wp-content\/uploads\/2017\/12\/aspettando-il-natale.jpg\"><img loading=\"lazy\" decoding=\"async\" class=\"alignleft size-medium wp-image-119783\" src=\"http:\/\/www.brundisium.net\/brun\/wp-content\/uploads\/2017\/12\/aspettando-il-natale-212x300.jpg\" alt=\"\" width=\"212\" height=\"300\" srcset=\"https:\/\/www.brundisium.net\/brun\/wp-content\/uploads\/2017\/12\/aspettando-il-natale-212x300.jpg 212w, https:\/\/www.brundisium.net\/brun\/wp-content\/uploads\/2017\/12\/aspettando-il-natale.jpg 500w\" sizes=\"auto, (max-width: 212px) 100vw, 212px\" \/><br \/>\n<\/a><\/strong>\u201cFasano a Natale 2017\u201d \u00e8 il variegato calendario d\u2019iniziative rivolto a tutti, famiglie, giovani, bambini ed anziani messo a punto dall\u2019Amministrazione comunale in collaborazione con associazioni culturali, di volontariato e con i commercianti.<\/p>\n<p>&nbsp;<\/p>\n<p>\u00abNatale \u00e8 sicuramente la festa pi\u00f9 magica dell\u2019anno, dove la suggestione e le emozioni s\u2019intersecano alla condivisione \u2013 afferma Luana Amati, assessora alle Attivit\u00e0 produttive che ha fatto da coordinamento per la predisposizione della programmazione cittadina -. Il periodo natalizio \u00e8 quello che, assieme alla Festa patronale, coinvolge tutti ed esprime al massimo il senso dell\u2019appartenenza al proprio territorio \u2013 aggiunge -. E questo spirito di \u201ccalore\u201d e d\u2019incanto incornicer\u00e0 l\u2019atmosfera che disegneremo fatta di luci, colori, suoni, canti e addobbi. Colgo l\u2019occasione per ringraziare tutti \u2013 sottolinea l\u2019assessora Amati \u2013 a cominciare dalle associazioni che hanno aderito al nostro Avviso pubblico proponendo iniziative, a tutti quei commercianti che, con le loro, contribuiranno a dare vitalit\u00e0 e bellezza a Fasano divenendo co-protagonisti di questa grande Festa. Grazie anche ai singoli cittadini che hanno voluto mettersi in gioco offrendo tempo, idee ed impegno. Infine, invito tutti i giovani artisti di Fasano, ma anche di fuori citt\u00e0, a voler utilizzare il palco che allestiremo dal 23 dicembre in piazza Ciaia, richiedendone ovviamente l\u2019autorizzazione al Comune \u2013 conclude l\u2019assessora Amati \u2013 per esprimere il proprio talento, cantando, suonando, recitando o ballando\u00bb.<\/p>\n<p>&nbsp;<\/p>\n<p>&nbsp;<\/p>\n<p>Il calendario d\u2019iniziative vedr\u00e0 anche momenti destinati agli anziani con pranzo e giochi natalizi, ai bambini in situazioni socio-familiari difficili (con pacchi dono e giochi), alle famiglie in difficolt\u00e0 (con pacchi di alimenti ed indumenti). \u00abQuest\u2019anno abbiamo voluto puntare un\u2019attenzione particolare ai bambini con tanti appuntamenti, da quelli culturali e di riflessione con la lettura spiegata di favole e racconti ai laboratori in cui impareranno a realizzare manufatti; dalla musica al canto, dai giochi all\u2019aperto a momenti suggestivi con un piccolo \u201cviaggio\u201d nel centro cittadino a bordo di un apposito trenino \u2013 sottolinea Cinzia Caroli, assessora alle Pari opportunit\u00e0 -. E poi, mascotte dei cartoni animati pi\u00f9 noti, colori, magia e divertimento. Non abbiamo voluto trascurare neanche il coinvolgimento del territorio e, per la prima volta, utilizzeremo il nostro bell\u2019androne di Palazzo di Citt\u00e0 per concerti a tema natalizio, cos\u00ec come androni di altri Palazzi e chiese cittadine, al fine di creare un\u2019atmosfera di autentica comunit\u00e0\u00bb. Risorse sono state destinate anche ad iniziative a sfondo sociale. \u00abIl Natale deve essere una festa per tutti, anche per chi non ha possibilit\u00e0 e si ritrova in difficolt\u00e0 socio-economiche \u2013 sottolinea Giacomo Maringelli, assessore alle Politiche sociali -; per questa ragione doneremo fondi al Banco alimentare per l\u2019acquisto ordinario di viveri, ed altre risorse per l\u2019acquisto di pacchi-viveri che, a cura del Volontariato Vincenziano, saranno consegnati alle famiglie seguite dai nostri Servizi sociali come segno di vicinanza e di augurio dell\u2019Amministrazione comunale. Consegneremo anche pacchi-dono ai bambini in difficolt\u00e0 ed ai minori ospiti nelle tre strutture socio-educative presenti a Fasano ed in questo quadro di sostegno augurale coinvolgeremo anche gli anziani con un pranzo natalizio e la distribuzione di piccoli cadeau\u00bb.<\/p>\n<p>&nbsp;<\/p>\n<p><strong><a href=\"http:\/\/www.brundisium.net\/brun\/wp-content\/uploads\/2017\/12\/christmas-family-day.jpg\"><img loading=\"lazy\" decoding=\"async\" class=\"alignleft size-medium wp-image-119782\" src=\"http:\/\/www.brundisium.net\/brun\/wp-content\/uploads\/2017\/12\/christmas-family-day-225x300.jpg\" alt=\"\" width=\"225\" height=\"300\" srcset=\"https:\/\/www.brundisium.net\/brun\/wp-content\/uploads\/2017\/12\/christmas-family-day-225x300.jpg 225w, https:\/\/www.brundisium.net\/brun\/wp-content\/uploads\/2017\/12\/christmas-family-day-300x400.jpg 300w, https:\/\/www.brundisium.net\/brun\/wp-content\/uploads\/2017\/12\/christmas-family-day.jpg 495w\" sizes=\"auto, (max-width: 225px) 100vw, 225px\" \/><\/a>\u00a0IL PROGRAMMA<\/strong><\/p>\n<p>&nbsp;<\/p>\n<p>Intanto, saranno installate luminarie a Fasano, Pezze di Greco, Montalbano, Speziale, Pozzo Faceto, Torre Canne, Savelletri e Selva di Fasano. Musica in filodiffusione partir\u00e0 dal 7 dicembre a Fasano, in piazza Ciaia, a Pezze, in piazza XX Settembre, a Montalbano, in piazza della Libert\u00e0 ed alberi di Natale campeggeranno a Fasano, Pezze di Greco, Montalbano, Savelletri, Torre Canne, Speziale e Pozzo Faceto. Il grande presepe sar\u00e0 allestito in piazza Ciaia.<\/p>\n<p>&nbsp;<\/p>\n<p>Le iniziative partiranno domenica 3 dicembre a Fasano (ai Portici delle Teresiane) dalle ore 18.30 \u201cChristmas Family Day\u201d, la musica natalizia con l\u2019accensione delle luminarie installate dai commercianti. A seguire, in differenti punti dei Portici, ci saranno:il Clown con spettacoli d\u2019intrattenimento, ballon art, clownerie musicomiche, ballon gigante; il magico spettacolo delle bolle; fachiri e fuoco; trampolieri e le loro giocolerie; gli elfi truccabimbi; il mercatino artigianale natalizio e gli stand enogastronomici di pettole. Dalle ore 19 in piazza Ciaia degustazioni di prodotti tipici e stand di artigianato, oltre a musica del gruppo folk \u201cEgnathium\u201d con pizziche e tammurriate.<\/p>\n<p>&nbsp;<\/p>\n<p>Il 7 dicembre \u201cLa notte bianca dei bambini\u201d a Fasano: dalle ore 19.30 in piazza Ciaia e nei corsi Garibaldi e Vittorio Emanuele giochi, canti, balli, spettacoli di magia ed il \u201cviaggio\u201d in un trenino accanto a mascotte dei pi\u00f9 famosi cartoni animati.<\/p>\n<p>&nbsp;<\/p>\n<p>L\u20198 dicembre, sempre a Fasano, dalle ore 18.30 ai Portici delle Teresiane pettolata e musica dal vivo, mentre dalla stessa ora, in via Forcella, esposizione e vendita di prodotti tipici del Natale, artigianato tipico ed artisti di strada con postazioni fisse e itineranti; dalle ore 19 in piazza Ciaia ancora degustazioni di prodotti tipici, stand di oggetti d\u2019artigianato e musica col gruppo folk \u201cEgnathium\u201d.<\/p>\n<p>&nbsp;<\/p>\n<p>Il 9 dicembre alle ore 17 \u201cFavole in biblioteca\u201d (nella Biblioteca comunale) cui seguir\u00e0 un laboratorio per bambini, mentre in via Forcella, a partire dalle 18.30 esposizione e vendita di prodotti tipici del Natale, artigianato tipico ed artisti di strada con postazioni fisse e itineranti.<\/p>\n<p>&nbsp;<\/p>\n<p>Il 10 dicembre Mercatino natalizio dalle ore 8.30 alle 22 in corso Perrini (a Fasano), mentre ai Portici delle Teresiane (sempre in citt\u00e0) dalle ore 18.30 musica natalizia, oltre a trampolieri, al magico spettacolo delle bolle, agli elfi truccabimbi, agli stand enogastronomici di pettole ed al mercatino artigianale natalizio; dalla stessa ora, ma in via Forcella, esposizione e vendita di prodotti tipici del Natale, artigianato tipico ed artisti di strada con postazioni fisse e itineranti; alle ore 19 concerto di fisarmonica e chitarre nell\u2019androne del Palazzo municipale, mentre in piazza Ciaia, sempre a partire dalle ore 19, degustazioni di prodotti tipici, stand di oggetti d\u2019artigianato e musica con trio di fisarmonica e chitarre.<\/p>\n<p>&nbsp;<\/p>\n<p>Il 13 dicembre alle ore 17.30 sar\u00e0 accesa la grande e suggestiva stella cometa (composta di oltre 5mila lampadine) adagiata sul Monte Rivolta (nella frazione di Laureto).<\/p>\n<p>&nbsp;<\/p>\n<p>Il 15 dicembre a Fasano, in via Forcella a partire dalle ore 18.30, esposizione e vendita di prodotti tipici del Natale, artigianato tipico ed artisti di strada con postazioni fisse e itineranti.<\/p>\n<p>&nbsp;<\/p>\n<p>Il 16 dicembre a Pezze di Greco alle ore 17 si terr\u00e0 il corteo dei figuranti del Presepe Vivente, cui seguir\u00e0 alle 18.30 la celebrazione eucaristica nella chiesa parrocchiale; a Fasano, invece, dalle ore 18.30 (e a scansione di ogni 25 minuti) si terranno il concerto per pianoforte a 4 mani nell\u2019androne del Palazzo municipale, il concerto per violino e chitarra nella chiesa di san Nicola ed il concerto di fiati nell\u2019androne del Palazzo Dipierdomenico, mentre, sempre dalle ore 18.30 in via Forcella, esposizione e vendita di prodotti tipici del Natale, artigianato tipico ed artisti di strada con postazioni fisse e itineranti.<\/p>\n<p>&nbsp;<\/p>\n<p>Il 17 dicembre a Fasano il Mercatino natalizio dalle ore 8.30 alle 22 in corso Perrini, mentre in via Forcella, a partire dalle 18.30, esposizione e vendita di prodotti tipici del Natale, artigianato tipico ed artisti di strada con postazioni fisse e itineranti; dalla stessa ora, ma ai Portici delle Teresiane, si terr\u00e0 l\u2019apertura del villaggio di Babbo Natale accompagnata dalla splendida melodia delle zampogne, dagli archi di palloncini a forma di sweet candy, dalla neve, dal mercatino artigianale natalizio e dagli stand enogastronomici di pettole; a partire dalle ore 19, invece, in piazza Ciaia si terr\u00e0 un particolare flash-mob (tra colori, musica e danza) curato dal Conservatorio di Monopoli in collaborazione col gruppo di danza \u201cImpronte di Puglia\u201d.<\/p>\n<p>&nbsp;<\/p>\n<p>Il 21 dicembre alle ore 20 sul sagrato della chiesa Matrice (a Fasano) concerto gospel del gruppo americano \u201cThe Orlando Gospel Singers\u201d.<\/p>\n<p>&nbsp;<\/p>\n<p>Il 22 dicembre a Fasano, alle ore 17, spettacolo di burattini nell\u2019Arco del Bal\u00ec, mentre dalle ore 18.30 in via Forcella esposizione e vendita di prodotti tipici del Natale, artigianato tipico ed artisti di strada con postazioni fisse e itineranti.<\/p>\n<p>&nbsp;<\/p>\n<p>Il 23 dicembre fiaccolata alle ore 17 dalla chiesa di Laureto cui seguir\u00e0 l\u2019inaugurazione del presepe nella grotta di Monte Rivolta; a Fasano, in via Forcella a partire dalle 18.30 esposizione e vendita di prodotti tipici del Natale, artigianato tipico ed artisti di strada con postazioni fisse e itineranti, mentre, sempre dalle 18.30 ma ai Portici delle Teresiane coro gospel, villaggio di Babbo Natale, mercatino natalizio, stand di pettole e Dj set con musica italiana. Dalle ore 19 alle 24 \u201cFesta del Solstizio d\u2019inverno\u201d in piazza XX Settembre, a Pezze di Greco, mentre alle ore 20, sul sagrato della chiesa Matrice di Fasano, spettacolo \u201cFermarono i cieli\u201d, canti della tradizione napoletana natalizia reinterpretati in chiave attoriale e jazz da Peppe Servillo e da Ambrogio Sparagna.<\/p>\n<p>&nbsp;<\/p>\n<p>Il 24 dicembre dalle ore 8.30 alle 22, a Fasano, Mercatino natalizio in corso Vittorio Emanuele, mentre dalle ore 16.30 \u201cBabbo Natale Consegna i Doni\u201d nella frazione di Montalbano; dalle ore 17 alle 21.30 presepe da visitare nella grotta di Monte Rivolta (nella frazione collinare di Laureto); a Fasano, in via Forcella, dalle ore 18.30 esposizione e vendita di prodotti tipici del Natale, artigianato tipico ed artisti di strada con postazioni fisse e itineranti; dalle ore 22 all\u2019una di notte ai Portici delle Teresiane (sempre a Fasano) \u201cFacciamoci gli auguri: dj set con musica italiana\u201d.<\/p>\n<p>&nbsp;<\/p>\n<p>Il 25 dicembre alle ore 7.30 a Fasano (con partenza dal \u201cBarbacco\u201d) passeggiata mattutina di running verso la grotta di Monte Rivolta (sulle colline di Laureto) per la visita al presepe. Lo stesso allestimento presepiale sar\u00e0 visitabile, per tutti, dalle ore 17 alle 21.30, mentre a Fasano, ai Portici delle Teresiane, dalle ore 22 all\u2019una di notte \u201cFacciamoci gli auguri: dj set con musica italiana\u201d.<\/p>\n<p>&nbsp;<\/p>\n<p>Il 26 dicembre dalle ore 16 alle 21 apertura del Presepe Vivente, a Lama del Trappeto (Pezze di Greco), mentre dalle ore 17 alle 21.30 si potr\u00e0 visitare il presepe nella grotta di Monte Rivolta (a Laureto); a Fasano, nell\u2019androne del Palazzo municipale alle ore 19 concerto di fisarmonica e chitarre, mentre alle ore 21 in piazza Ciaia il concerto gospel del gruppo \u201cWanted Chorus\u201d. Il 27 dicembre dalle ore 16 alle 21 si potr\u00e0 visitare il Presepe Vivente nella Lama del Trappeto (a Pezze di Greco).<\/p>\n<p>&nbsp;<\/p>\n<p>Il 29 dicembre nella Biblioteca comunale di Fasano \u201cFavole in biblioteca\u201d alle ore 17, lettura di racconti per bambini cui seguir\u00e0 la visita all\u2019effigie del Bambinello di Praga nella chiesa del Rosario. Il 30 dicembre alle ore 14.30 pellegrinaggio verso la grotta di Monte Rivolta (a Laureto), mentre dalle ore 16 alle 21 si potr\u00e0 visitare il Presepe Vivente a Lama del Trappeto (a Pezze di Greco). A Fasano, alle ore 17 nell\u2019Arco del Bal\u00ec, spettacolo del Mago Nin\u00ec dedicato ai bambini, mentre dalle ore 18.30 (e a scansione di ogni 25 minuti) concerti di fiati e di archi nell\u2019androne del Palazzo municipale e nelle chiese di san Nicola e del Purgatorio. Alle ore 20, a Montalbano, concerto gospel nella chiesa parrocchiale.<\/p>\n<p>&nbsp;<\/p>\n<p>Il 1\u00b0 gennaio 2018 dalle ore 16 alle 21 si potr\u00e0 visitare il Presepe Vivente a Lama del Trappeto (a Pezze di Greco), mentre dalle ore 17 alle 21.30 si potr\u00e0 visitare il presepe a Monte Rivolta (a Laureto).<\/p>\n<p>&nbsp;<\/p>\n<p>Il 5 gennaio concerto gospel alle ore 20 nella chiesa parrocchiale di Pezze di Greco. Il 6 gennaio a Fasano, alle ore 8 del mattino partenza da piazza Ciaia della passeggiata in bicicletta verso la grotta di Monte Rivolta (a Laureto); dalle ore 10.30 in piazza Ciaia \u201cLa calza della Befana\u201d dedicata a tutti i bambini, mentre alle ore 12 corteo dei figuranti vestiti da Re Magi per le vie di Pezze di Greco; sempre a Pezze, nella Lama del Trappeto, dalle ore 16 alle 21 si potr\u00e0 visitare il Presepe Vivente, mentre dalle ore 17 alle 21.30 si potr\u00e0 visitare il presepe nella grotta di Monte Rivolta (a Laureto); sempre alle ore 17, ma a Fasano nella sede dell\u2019\u201dUniversit\u00e0 del Tempo Libero\u201d, si terr\u00e0 una lettura di favole per bambini cui seguir\u00e0 la visita all\u2019effigie del Bambinello di Praga nella chiesa del Rosario. Alle ore 19.30 a Montalbano (in piazza della Libert\u00e0) \u201cTutti in piazza a salutare la Befana\u201d col gruppo teatrale \u201cGli amici di Gi\u00f9\u00e0ann\u00e8edd\u201d.<\/p>\n<p>&nbsp;<\/p>\n<p>Il 7 gennaio dalle ore 16 alle 21 si potr\u00e0 visitare il Presepe Vivente a Lama del Trappeto (a Pezze di Greco), mentre dalle ore 17 alle 21.30 si potr\u00e0 visitare il presepe nella grotta di Monte Rivolta (a Laureto).<\/p>\n<p>&nbsp;<\/p>\n<p>L\u20198 gennaio dalle ore 9 alle 12 apertura straorinaria del Presepe Vivente a Lama del Trappeto (a Pezze di Greco) riservata a tutte le scuole che volessero partecipare, mentre il 21 gennaio alle ore 19.30 nella Sala dell\u2019Oratorio del fanciullo, a Fasano, si terr\u00e0 la cerimonia di premiazione del \u201cConcorso presepi\u201d (aperto a tutti gli interessati che volessero proporre un proprio allestimento presepiale) giunto alla 28^ edizione.<\/p>\n<p>&nbsp;<\/p>\n<p><strong> Comune di Fasano<\/strong><br \/>\n<strong> Ufficio Stampa<\/strong><\/p>\n","protected":false},"excerpt":{"rendered":"<p>\u201cFasano a Natale 2017\u201d \u00e8 il variegato calendario d\u2019iniziative rivolto a tutti, famiglie, giovani, bambini ed anziani messo a punto dall\u2019Amministrazione comunale in collaborazione con associazioni culturali, di volontariato e con i commercianti. &nbsp; \u00abNatale \u00e8 sicuramente la festa pi\u00f9 magica dell\u2019anno, dove la suggestione e le emozioni s\u2019intersecano alla condivisione \u2013 afferma Luana Amati, assessora alle Attivit\u00e0 produttive che ha fatto da coordinamento per la predisposizione della programmazione cittadina -. Il periodo natalizio \u00e8 quello che, assieme alla Festa patronale, coinvolge tutti ed esprime al massimo il senso dell\u2019appartenenza al proprio territorio \u2013 aggiunge -. E questo spirito di \u201ccalore\u201d e d\u2019incanto incornicer\u00e0 l\u2019atmosfera che disegneremo fatta di luci, colori, suoni, canti e addobbi. Colgo l\u2019occasione per ringraziare tutti \u2013 sottolinea l\u2019assessora Amati \u2013 a cominciare dalle associazioni che hanno aderito al nostro Avviso pubblico proponendo iniziative, a tutti quei commercianti che, con le loro, contribuiranno a dare vitalit\u00e0 e bellezza a Fasano divenendo co-protagonisti di questa grande Festa. Grazie anche ai singoli cittadini che hanno voluto mettersi in&#8230;<\/p>\n","protected":false},"author":2,"featured_media":119784,"comment_status":"open","ping_status":"closed","sticky":false,"template":"","format":"standard","meta":{"footnotes":""},"categories":[7],"tags":[244,5311],"class_list":["post-119781","post","type-post","status-publish","format-standard","has-post-thumbnail","hentry","category-news","tag-fasano","tag-fasano-a-natale"],"_links":{"self":[{"href":"https:\/\/www.brundisium.net\/index.php\/wp-json\/wp\/v2\/posts\/119781","targetHints":{"allow":["GET"]}}],"collection":[{"href":"https:\/\/www.brundisium.net\/index.php\/wp-json\/wp\/v2\/posts"}],"about":[{"href":"https:\/\/www.brundisium.net\/index.php\/wp-json\/wp\/v2\/types\/post"}],"author":[{"embeddable":true,"href":"https:\/\/www.brundisium.net\/index.php\/wp-json\/wp\/v2\/users\/2"}],"replies":[{"embeddable":true,"href":"https:\/\/www.brundisium.net\/index.php\/wp-json\/wp\/v2\/comments?post=119781"}],"version-history":[{"count":1,"href":"https:\/\/www.brundisium.net\/index.php\/wp-json\/wp\/v2\/posts\/119781\/revisions"}],"predecessor-version":[{"id":119785,"href":"https:\/\/www.brundisium.net\/index.php\/wp-json\/wp\/v2\/posts\/119781\/revisions\/119785"}],"wp:featuredmedia":[{"embeddable":true,"href":"https:\/\/www.brundisium.net\/index.php\/wp-json\/wp\/v2\/media\/119784"}],"wp:attachment":[{"href":"https:\/\/www.brundisium.net\/index.php\/wp-json\/wp\/v2\/media?parent=119781"}],"wp:term":[{"taxonomy":"category","embeddable":true,"href":"https:\/\/www.brundisium.net\/index.php\/wp-json\/wp\/v2\/categories?post=119781"},{"taxonomy":"post_tag","embeddable":true,"href":"https:\/\/www.brundisium.net\/index.php\/wp-json\/wp\/v2\/tags?post=119781"}],"curies":[{"name":"wp","href":"https:\/\/api.w.org\/{rel}","templated":true}]}}