{"id":119934,"date":"2017-12-05T09:45:58","date_gmt":"2017-12-05T08:45:58","guid":{"rendered":"http:\/\/www.brundisium.net\/?p=119934"},"modified":"2017-12-05T18:51:55","modified_gmt":"2017-12-05T17:51:55","slug":"una-chiave-con-lo-stemma-di-brindisi-e-un-fermacarte-con-il-capitello-della-colonna-donate-a-commissario-e-prefetto-le-creazioni-dei-detenuti-del-carcere-di-brindisi","status":"publish","type":"post","link":"https:\/\/www.brundisium.net\/index.php\/una-chiave-con-lo-stemma-di-brindisi-e-un-fermacarte-con-il-capitello-della-colonna-donate-a-commissario-e-prefetto-le-creazioni-dei-detenuti-del-carcere-di-brindisi\/","title":{"rendered":"Una chiave con lo stemma di Brindisi e un fermacarte con il capitello della Colonna: donate a Commissario e Prefetto le creazioni dei detenuti del carcere di Brindisi"},"content":{"rendered":"<p><a href=\"http:\/\/www.brundisium.net\/brun\/wp-content\/uploads\/2017\/12\/consegna-manufatti.jpg\"><img loading=\"lazy\" decoding=\"async\" class=\"alignleft size-medium wp-image-119936\" src=\"http:\/\/www.brundisium.net\/brun\/wp-content\/uploads\/2017\/12\/consegna-manufatti-300x227.jpg\" alt=\"\" width=\"300\" height=\"227\" srcset=\"https:\/\/www.brundisium.net\/brun\/wp-content\/uploads\/2017\/12\/consegna-manufatti-300x227.jpg 300w, https:\/\/www.brundisium.net\/brun\/wp-content\/uploads\/2017\/12\/consegna-manufatti-768x580.jpg 768w, https:\/\/www.brundisium.net\/brun\/wp-content\/uploads\/2017\/12\/consegna-manufatti-1024x773.jpg 1024w, https:\/\/www.brundisium.net\/brun\/wp-content\/uploads\/2017\/12\/consegna-manufatti.jpg 1181w\" sizes=\"auto, (max-width: 300px) 100vw, 300px\" \/><\/a>. Sono stati consegnati al prefetto S. E. dott. Valerio Valenti e al commissario prefettizio del Comune di Brindisi dott. Santi Giuffr\u00e8 , in una cerimonia svoltasi all\u2019interno della Casa Circondariale di Brindisi, i manufatti in creta realizzati dai detenuti del laboratorio artistico-artigianale, guidati dai volontari dell\u2019associazione \u201cRompi le sbarre\u201d di Brindisi.<\/p>\n<p>&nbsp;<\/p>\n<p>\u201cE\u2019 stato un momento molto importante per la nostra realt\u00e0 carceraria \u2013 ha dichiarato la direttrice della casa Circondariale di Brindisi Anna Maria Dello Preite \u2013 in quanto questi manufatti saranno offerti alle delegazioni che visiteranno la nostra citt\u00e0 sia dal Prefetto che dal Commissario Prefettizio. Un segnale importante che d\u00e0 valore al lavoro, all\u2019impegno e alle professionalit\u00e0 dei detenuti in una visione pi\u00f9 ampia di inclusione sociale per i ristretti e di promozione delle attivit\u00e0 svolte all\u2019interno del carcere. Ringrazio, pertanto, la sensibilit\u00e0 del dott. Valenti e del dott. Giuffr\u00e8 che da subito hanno fatto propria questa idea\u201d.<\/p>\n<p>&nbsp;<\/p>\n<p><a href=\"http:\/\/www.brundisium.net\/brun\/wp-content\/uploads\/2017\/12\/chiave.jpg\"><img loading=\"lazy\" decoding=\"async\" class=\"size-medium wp-image-119935 alignright\" src=\"http:\/\/www.brundisium.net\/brun\/wp-content\/uploads\/2017\/12\/chiave-300x243.jpg\" alt=\"\" width=\"300\" height=\"243\" srcset=\"https:\/\/www.brundisium.net\/brun\/wp-content\/uploads\/2017\/12\/chiave-300x243.jpg 300w, https:\/\/www.brundisium.net\/brun\/wp-content\/uploads\/2017\/12\/chiave-768x622.jpg 768w, https:\/\/www.brundisium.net\/brun\/wp-content\/uploads\/2017\/12\/chiave-1024x830.jpg 1024w, https:\/\/www.brundisium.net\/brun\/wp-content\/uploads\/2017\/12\/chiave.jpg 1181w\" sizes=\"auto, (max-width: 300px) 100vw, 300px\" \/><br \/>\n<\/a>\u201cLa nostra associazione \u2013 ha dichiarato Daniela Angelini, presidente dell\u2019Associazione di Volontariato \u201cRompi le sbarre\u201d \u2013 ha da poco avviato le sue attivit\u00e0 all\u2019interno della casa Circondariale di Brindisi ma abbiamo voluto sin da subito dare un segnale chiaro e forte di quella che \u00e8 la nostra idea di volontariato in carcere. Non semplici parole ma fatti concreti e la cerimonia di consegna di oggi ha rappresentato il primo grande risultato ottenuto in primis dai detenuti che hanno partecipato ai laboratori, quello artistico artigianale e quello di stampa digitale. Stiamo gi\u00e0 attivando nuovi laboratori come quello di sartoria al fine di rendere sempre pi\u00f9 \u201cvisibili\u201d all\u2019esterno delle mura carcerarie i \u201ctalenti\u201d che questi detenuti hanno dimostrato e dimostrano di avere\u201d.<\/p>\n<p>&nbsp;<\/p>\n<p>La cerimonia di consegna dei manufatti in creta \u00e8 proseguita con un concerto degli allievi della Scuola Musicale di Francavilla Fontana, diretta dal Maestro Antonio Curto, che si sono esibiti in brani di musica italiana, internazionale e canti di Natale.<br \/>\nBrindisi, 5 dicembre 2017<\/p>\n","protected":false},"excerpt":{"rendered":"<p>. Sono stati consegnati al prefetto S. E. dott. Valerio Valenti e al commissario prefettizio del Comune di Brindisi dott. Santi Giuffr\u00e8 , in una cerimonia svoltasi all\u2019interno della Casa Circondariale di Brindisi, i manufatti in creta realizzati dai detenuti del laboratorio artistico-artigianale, guidati dai volontari dell\u2019associazione \u201cRompi le sbarre\u201d di Brindisi. &nbsp; \u201cE\u2019 stato un momento molto importante per la nostra realt\u00e0 carceraria \u2013 ha dichiarato la direttrice della casa Circondariale di Brindisi Anna Maria Dello Preite \u2013 in quanto questi manufatti saranno offerti alle delegazioni che visiteranno la nostra citt\u00e0 sia dal Prefetto che dal Commissario Prefettizio. Un segnale importante che d\u00e0 valore al lavoro, all\u2019impegno e alle professionalit\u00e0 dei detenuti in una visione pi\u00f9 ampia di inclusione sociale per i ristretti e di promozione delle attivit\u00e0 svolte all\u2019interno del carcere. Ringrazio, pertanto, la sensibilit\u00e0 del dott. Valenti e del dott. Giuffr\u00e8 che da subito hanno fatto propria questa idea\u201d. &nbsp; \u201cLa nostra associazione \u2013 ha dichiarato Daniela Angelini, presidente dell\u2019Associazione di Volontariato \u201cRompi le sbarre\u201d \u2013 ha&#8230;<\/p>\n","protected":false},"author":2,"featured_media":119937,"comment_status":"open","ping_status":"closed","sticky":false,"template":"","format":"standard","meta":{"footnotes":""},"categories":[7],"tags":[409],"class_list":["post-119934","post","type-post","status-publish","format-standard","has-post-thumbnail","hentry","category-news","tag-carcere"],"_links":{"self":[{"href":"https:\/\/www.brundisium.net\/index.php\/wp-json\/wp\/v2\/posts\/119934","targetHints":{"allow":["GET"]}}],"collection":[{"href":"https:\/\/www.brundisium.net\/index.php\/wp-json\/wp\/v2\/posts"}],"about":[{"href":"https:\/\/www.brundisium.net\/index.php\/wp-json\/wp\/v2\/types\/post"}],"author":[{"embeddable":true,"href":"https:\/\/www.brundisium.net\/index.php\/wp-json\/wp\/v2\/users\/2"}],"replies":[{"embeddable":true,"href":"https:\/\/www.brundisium.net\/index.php\/wp-json\/wp\/v2\/comments?post=119934"}],"version-history":[{"count":1,"href":"https:\/\/www.brundisium.net\/index.php\/wp-json\/wp\/v2\/posts\/119934\/revisions"}],"predecessor-version":[{"id":119938,"href":"https:\/\/www.brundisium.net\/index.php\/wp-json\/wp\/v2\/posts\/119934\/revisions\/119938"}],"wp:featuredmedia":[{"embeddable":true,"href":"https:\/\/www.brundisium.net\/index.php\/wp-json\/wp\/v2\/media\/119937"}],"wp:attachment":[{"href":"https:\/\/www.brundisium.net\/index.php\/wp-json\/wp\/v2\/media?parent=119934"}],"wp:term":[{"taxonomy":"category","embeddable":true,"href":"https:\/\/www.brundisium.net\/index.php\/wp-json\/wp\/v2\/categories?post=119934"},{"taxonomy":"post_tag","embeddable":true,"href":"https:\/\/www.brundisium.net\/index.php\/wp-json\/wp\/v2\/tags?post=119934"}],"curies":[{"name":"wp","href":"https:\/\/api.w.org\/{rel}","templated":true}]}}