{"id":120013,"date":"2017-12-06T00:38:31","date_gmt":"2017-12-05T23:38:31","guid":{"rendered":"http:\/\/www.brundisium.net\/?p=120013"},"modified":"2017-12-06T14:04:34","modified_gmt":"2017-12-06T13:04:34","slug":"alparone-proiezione-futuro-dialoghiamo-con-tutti-se-le-idee-convincono","status":"publish","type":"post","link":"https:\/\/www.brundisium.net\/index.php\/alparone-proiezione-futuro-dialoghiamo-con-tutti-se-le-idee-convincono\/","title":{"rendered":"Alparone (Proiezione Futuro): \u201cdialoghiamo con tutti se le idee convincono\u201c"},"content":{"rendered":"<p>La massima espressione della democrazia \u00e8 lo scontro, anche accesso; ogni circostanza di conflitto su posizioni apparentemente opposte pu\u00f2 divenire teatro di accordi e riavvicinamenti quando si \u00e8 in linea, se proprio non nel metodo, almeno nel merito.<br \/>\nIn Proiezione Futuro, che mi onoro di presiedere e di rappresentare e di cui sono portavoce unico in questa fase in cui vi \u00e8 necessit\u00e0 di fare sintesi, non esistono leggi o orientamenti imposti dall\u2019alto, ma quotidianamente, ci si scontra e  ci si confronta sui percorsi \u2013 talvolta tortuosi \u2013 da intraprendere  su cui \u00e8 legittimo, naturale ed a volte addirittura di auspicio, pensarla diversamente.<br \/>\nOggi l\u2019occasione per discutere \u00e8 data da posizioni ideologiche che in quanto intrinsecamente soggettive e profondamente endogene, possono evidentemente non collimare all\u2019interno di un movimento che racchiude, bont\u00e0 nostra, anime e personalit\u00e0 diverse, veicolando qualcuno del gruppo di lavoro ad assumere posizioni personali di natura politica che non rappresentano tutti gli attori in scena, fermo restando un apparentamento valoriale di fondo alla base dello spirito associativo che ci accomuna.<br \/>\nCi\u00f2 conduce anche taluni di noi a vivere parallelamente esperienze partiche in piena autonomia e coscienza e a continuare a farlo convintamente, senza che ci\u00f2 rappresenti pregiudizio o impedimento per la prosecuzione dell\u2019attivit\u00e0 associativa come anche senza ledere il contributo che si pu\u00f2 dare al proprio partito di appartenenza. Restiamo un movimento che vuole essere di supporto, di sussidio alla politica e non di contrasto alla sua azione specie se condivisa.<br \/>\nCi\u00f2 detto, ed a nome dell\u2019Associazione, ribadisco che Proiezione Futuro non rappresenta come movimento in s\u00e9 estrinsecazione di alcun partito e che \u2013 mantenendo la propria autonomia ideologica e funzionale nell\u2019ambito di una costituenda coalizione di centro-destra \u2013 non solo cercher\u00e0 di avanzare le proprie proposte e la propria idea di citt\u00e0 ma sosterr\u00e0 qualunque di esse proveniente da altre forze interne alla coalizione stessa dovesse risultare convincente e qualificante per un progetto di rilancio del nostro territorio, senza pregiudizio alcuno nei confronti di nessuno. Va da s\u00e9 come diretta conseguenza che non si pu\u00f2 ardire a priori di prendere le distanze da chicchessia figuriamoci da da chi rappresenta o ha rappresentato la nostra casa.<\/p>\n<p>Gianluca Alparone<\/p>\n","protected":false},"excerpt":{"rendered":"<p>La massima espressione della democrazia \u00e8 lo scontro, anche accesso; ogni circostanza di conflitto su posizioni apparentemente opposte pu\u00f2 divenire teatro di accordi e riavvicinamenti quando si \u00e8 in linea, se proprio non nel metodo, almeno nel merito. In Proiezione Futuro, che mi onoro di presiedere e di rappresentare e di cui sono portavoce unico in questa fase in cui vi \u00e8 necessit\u00e0 di fare sintesi, non esistono leggi o orientamenti imposti dall\u2019alto, ma quotidianamente, ci si scontra e ci si confronta sui percorsi \u2013 talvolta tortuosi \u2013 da intraprendere su cui \u00e8 legittimo, naturale ed a volte addirittura di auspicio, pensarla diversamente. Oggi l\u2019occasione per discutere \u00e8 data da posizioni ideologiche che in quanto intrinsecamente soggettive e profondamente endogene, possono evidentemente non collimare all\u2019interno di un movimento che racchiude, bont\u00e0 nostra, anime e personalit\u00e0 diverse, veicolando qualcuno del gruppo di lavoro ad assumere posizioni personali di natura politica che non rappresentano tutti gli attori in scena, fermo restando un apparentamento valoriale di fondo alla base dello spirito associativo che&#8230;<\/p>\n","protected":false},"author":2,"featured_media":41389,"comment_status":"open","ping_status":"closed","sticky":false,"template":"","format":"standard","meta":{"footnotes":""},"categories":[7],"tags":[1731,3689],"class_list":["post-120013","post","type-post","status-publish","format-standard","has-post-thumbnail","hentry","category-news","tag-alparone","tag-proiezione-futuro"],"_links":{"self":[{"href":"https:\/\/www.brundisium.net\/index.php\/wp-json\/wp\/v2\/posts\/120013","targetHints":{"allow":["GET"]}}],"collection":[{"href":"https:\/\/www.brundisium.net\/index.php\/wp-json\/wp\/v2\/posts"}],"about":[{"href":"https:\/\/www.brundisium.net\/index.php\/wp-json\/wp\/v2\/types\/post"}],"author":[{"embeddable":true,"href":"https:\/\/www.brundisium.net\/index.php\/wp-json\/wp\/v2\/users\/2"}],"replies":[{"embeddable":true,"href":"https:\/\/www.brundisium.net\/index.php\/wp-json\/wp\/v2\/comments?post=120013"}],"version-history":[{"count":1,"href":"https:\/\/www.brundisium.net\/index.php\/wp-json\/wp\/v2\/posts\/120013\/revisions"}],"predecessor-version":[{"id":120014,"href":"https:\/\/www.brundisium.net\/index.php\/wp-json\/wp\/v2\/posts\/120013\/revisions\/120014"}],"wp:featuredmedia":[{"embeddable":true,"href":"https:\/\/www.brundisium.net\/index.php\/wp-json\/wp\/v2\/media\/41389"}],"wp:attachment":[{"href":"https:\/\/www.brundisium.net\/index.php\/wp-json\/wp\/v2\/media?parent=120013"}],"wp:term":[{"taxonomy":"category","embeddable":true,"href":"https:\/\/www.brundisium.net\/index.php\/wp-json\/wp\/v2\/categories?post=120013"},{"taxonomy":"post_tag","embeddable":true,"href":"https:\/\/www.brundisium.net\/index.php\/wp-json\/wp\/v2\/tags?post=120013"}],"curies":[{"name":"wp","href":"https:\/\/api.w.org\/{rel}","templated":true}]}}