{"id":120081,"date":"2017-12-06T16:08:05","date_gmt":"2017-12-06T15:08:05","guid":{"rendered":"http:\/\/www.brundisium.net\/?p=120081"},"modified":"2017-12-06T23:44:23","modified_gmt":"2017-12-06T22:44:23","slug":"venerdi-8-il-barcollo-ospita-il-concerto-di-emanuele-colandrea","status":"publish","type":"post","link":"https:\/\/www.brundisium.net\/index.php\/venerdi-8-il-barcollo-ospita-il-concerto-di-emanuele-colandrea\/","title":{"rendered":"Venerd\u00ec 8 il Barcollo ospita il concerto di Emanuele Colandrea"},"content":{"rendered":"<p><a href=\"http:\/\/www.brundisium.net\/brun\/wp-content\/uploads\/2017\/12\/EMANUELE-COLANDREA.jpg\"><img loading=\"lazy\" decoding=\"async\" class=\"alignleft size-medium wp-image-120083\" src=\"http:\/\/www.brundisium.net\/brun\/wp-content\/uploads\/2017\/12\/EMANUELE-COLANDREA-300x199.jpg\" alt=\"\" width=\"300\" height=\"199\" srcset=\"https:\/\/www.brundisium.net\/brun\/wp-content\/uploads\/2017\/12\/EMANUELE-COLANDREA-300x199.jpg 300w, https:\/\/www.brundisium.net\/brun\/wp-content\/uploads\/2017\/12\/EMANUELE-COLANDREA-768x510.jpg 768w, https:\/\/www.brundisium.net\/brun\/wp-content\/uploads\/2017\/12\/EMANUELE-COLANDREA.jpg 960w\" sizes=\"auto, (max-width: 300px) 100vw, 300px\" \/><\/a>Venerd\u00ec 8 dicembre il Barcollo di Torre Santa Susanna (Br) ospiter\u00e0 il concerto di Emanuele Colandrea.<\/p>\n<p>Il Barcollo riprende cos\u00ec la sua attivit\u00e0 musicale dal vivo, con un ritorno, quello di Emanuele Colandrea, e con un nuovo inizio, con una veste nuova dei propri spazi, inaugurati appunto con i suoi tradizionali appuntamenti musicali dal vivo.<\/p>\n<p>&nbsp;<\/p>\n<p>Emanuele Colandrea, cantante-autore della provincia di Latina, nel marzo 2015 pubblica il suo primo lavoro da solista dal titolo \u201cRitrattati\u201d, raccolta di canzoni ritrattate di Cappello a Cilindro ed Eva Mon Amour, band delle quali \u00e8 stato autore, chitarrista e cantante.<\/p>\n<p>&nbsp;<\/p>\n<p>Nel dicembre 2015 esce l\u2019Ep di brani inediti \u201cCanzoni dalla fine dell\u2019anno\u201d, ep che anticipa l\u2019uscita (marzo 2016) del disco\/racconto \u201cUn giorno di vento\u201d, che ha la particolarit\u00e0 di essere un concept dove le canzoni diventano le vicissitudini dei personaggi di una storia che li contiene, il racconto appunto, presente nel packaging insieme al disco. Una sorta di album da ascoltare e da leggere. Anche nella maggior parte dei concerti ci sar\u00e0 una voce narrante che accompagner\u00e0 lo spettacolo. A inizi dicembre pubblica la ristampa deluxe di \u201cRitratattati\u201d.<\/p>\n<p>&nbsp;<\/p>\n<p>Adesso, a distanza di poco pi\u00f9 di due anni dal suo ultimo concerto al Barcollo di Torre Santa Susanna (Br), Emanuele Colandrea ritorna per far ascoltare i suoi ultimi album da solista e per dare qualche anticipazione del nuovo progetto che uscir\u00e0 nel 2018.<\/p>\n<p>&nbsp;<\/p>\n<p>Attualmente in tour, dopo la data di Milano del 6 dicembre, di Benevento del 7 dicembre, approda cos\u00ec in Puglia al Barcollo venerd\u00ec 8, prima del concerto a Latina del prossimo 9 dicembre.<\/p>\n<p>&nbsp;<\/p>\n<p>Il Barcollo, dopo aver festeggiato il suo sesto anno di attivit\u00e0, riprende cos\u00ec la sua attivit\u00e0 live. Fra gli artisti ospiti, in questi sei anni di attivit\u00e0, The Cyborgs, Il Genio, Roberto Dellera (Afterhours), Adriano Viterbini (Bud Spencer Blues Explosion), Francesco Di Bella (24 grana), Gianluca De Rubertis, Mino De Santis, Maksim Cristan, Amerigo Verardi, Giacomo Toni, Scarda, il djset di Luca de Gennaro (Radio Capital) e non solo.<\/p>\n<p>&nbsp;<\/p>\n<p>Il Barcollo \u00e8 a Torre Santa Susanna in via Galaso 64 (nei pressi del Teatro Comunale).<\/p>\n<p>&nbsp;<\/p>\n<p>COMUNICATO STAMPA \u2013 BARCOLLO<\/p>\n","protected":false},"excerpt":{"rendered":"<p>Venerd\u00ec 8 dicembre il Barcollo di Torre Santa Susanna (Br) ospiter\u00e0 il concerto di Emanuele Colandrea. Il Barcollo riprende cos\u00ec la sua attivit\u00e0 musicale dal vivo, con un ritorno, quello di Emanuele Colandrea, e con un nuovo inizio, con una veste nuova dei propri spazi, inaugurati appunto con i suoi tradizionali appuntamenti musicali dal vivo. &nbsp; Emanuele Colandrea, cantante-autore della provincia di Latina, nel marzo 2015 pubblica il suo primo lavoro da solista dal titolo \u201cRitrattati\u201d, raccolta di canzoni ritrattate di Cappello a Cilindro ed Eva Mon Amour, band delle quali \u00e8 stato autore, chitarrista e cantante. &nbsp; Nel dicembre 2015 esce l\u2019Ep di brani inediti \u201cCanzoni dalla fine dell\u2019anno\u201d, ep che anticipa l\u2019uscita (marzo 2016) del disco\/racconto \u201cUn giorno di vento\u201d, che ha la particolarit\u00e0 di essere un concept dove le canzoni diventano le vicissitudini dei personaggi di una storia che li contiene, il racconto appunto, presente nel packaging insieme al disco. Una sorta di album da ascoltare e da leggere. Anche nella maggior parte dei concerti ci sar\u00e0&#8230;<\/p>\n","protected":false},"author":2,"featured_media":120082,"comment_status":"open","ping_status":"closed","sticky":false,"template":"","format":"standard","meta":{"footnotes":""},"categories":[7],"tags":[4284],"class_list":["post-120081","post","type-post","status-publish","format-standard","has-post-thumbnail","hentry","category-news","tag-barcollo"],"_links":{"self":[{"href":"https:\/\/www.brundisium.net\/index.php\/wp-json\/wp\/v2\/posts\/120081","targetHints":{"allow":["GET"]}}],"collection":[{"href":"https:\/\/www.brundisium.net\/index.php\/wp-json\/wp\/v2\/posts"}],"about":[{"href":"https:\/\/www.brundisium.net\/index.php\/wp-json\/wp\/v2\/types\/post"}],"author":[{"embeddable":true,"href":"https:\/\/www.brundisium.net\/index.php\/wp-json\/wp\/v2\/users\/2"}],"replies":[{"embeddable":true,"href":"https:\/\/www.brundisium.net\/index.php\/wp-json\/wp\/v2\/comments?post=120081"}],"version-history":[{"count":1,"href":"https:\/\/www.brundisium.net\/index.php\/wp-json\/wp\/v2\/posts\/120081\/revisions"}],"predecessor-version":[{"id":120084,"href":"https:\/\/www.brundisium.net\/index.php\/wp-json\/wp\/v2\/posts\/120081\/revisions\/120084"}],"wp:featuredmedia":[{"embeddable":true,"href":"https:\/\/www.brundisium.net\/index.php\/wp-json\/wp\/v2\/media\/120082"}],"wp:attachment":[{"href":"https:\/\/www.brundisium.net\/index.php\/wp-json\/wp\/v2\/media?parent=120081"}],"wp:term":[{"taxonomy":"category","embeddable":true,"href":"https:\/\/www.brundisium.net\/index.php\/wp-json\/wp\/v2\/categories?post=120081"},{"taxonomy":"post_tag","embeddable":true,"href":"https:\/\/www.brundisium.net\/index.php\/wp-json\/wp\/v2\/tags?post=120081"}],"curies":[{"name":"wp","href":"https:\/\/api.w.org\/{rel}","templated":true}]}}