{"id":120094,"date":"2017-12-07T08:14:59","date_gmt":"2017-12-07T07:14:59","guid":{"rendered":"http:\/\/www.brundisium.net\/?p=120094"},"modified":"2017-12-06T23:43:42","modified_gmt":"2017-12-06T22:43:42","slug":"ad-ostuni-il-primo-albero-di-natale-vivente","status":"publish","type":"post","link":"https:\/\/www.brundisium.net\/index.php\/ad-ostuni-il-primo-albero-di-natale-vivente\/","title":{"rendered":"Ad Ostuni il primo \u201cAlbero di Natale Vivente\u201d"},"content":{"rendered":"<p>Piazza della Libert\u00e0 ad Ostuni gioved\u00ec 7 dicembre, sar\u00e0 protagonista di un evento originale organizzato dalla ProLoco di Ostuni \u201cLa Bianca tra gli Ulivi\u201d con il patrocinio del Comune .<\/p>\n<p>&nbsp;<\/p>\n<p>Un evento dedicato ai giovani, alle famiglie, ai bambini, ai nonni, alle associazioni, ecc. che volontariamente si ritroveranno in piazza per vivere un grandissimo momento di aggregazione che li render\u00e0 tutti insieme partecipi del primo \u201cAlbero di Natale Vivente\u201d ad Ostuni. Infatti tutti coloro che parteciperanno si posizioneranno in modo tale da dare vita ad un vero albero di Natale che diventer\u00e0 luminoso grazie ai glowstick che verranno distribuiti e grazie al contributo dei flash delle macchine fotografiche e degli smartphone dei partecipanti.<\/p>\n<p>&nbsp;<\/p>\n<p>Il singolare albero di Natale funger\u00e0 da apertura ad una serie di eventi natalizi e all\u2019accensione delle luminarie della citt\u00e0. L\u2019invito dunque \u00e8 aperto a tutti coloro che vorranno vivere con spensieratezza un evento speciale all\u2019insegna della solidariet\u00e0 e dello stare insieme .<\/p>\n<p>Appuntamento dunque alle ore 20 in Piazza della Libert\u00e0.<\/p>\n","protected":false},"excerpt":{"rendered":"<p>Piazza della Libert\u00e0 ad Ostuni gioved\u00ec 7 dicembre, sar\u00e0 protagonista di un evento originale organizzato dalla ProLoco di Ostuni \u201cLa Bianca tra gli Ulivi\u201d con il patrocinio del Comune . &nbsp; Un evento dedicato ai giovani, alle famiglie, ai bambini, ai nonni, alle associazioni, ecc. che volontariamente si ritroveranno in piazza per vivere un grandissimo momento di aggregazione che li render\u00e0 tutti insieme partecipi del primo \u201cAlbero di Natale Vivente\u201d ad Ostuni. Infatti tutti coloro che parteciperanno si posizioneranno in modo tale da dare vita ad un vero albero di Natale che diventer\u00e0 luminoso grazie ai glowstick che verranno distribuiti e grazie al contributo dei flash delle macchine fotografiche e degli smartphone dei partecipanti. &nbsp; Il singolare albero di Natale funger\u00e0 da apertura ad una serie di eventi natalizi e all\u2019accensione delle luminarie della citt\u00e0. L\u2019invito dunque \u00e8 aperto a tutti coloro che vorranno vivere con spensieratezza un evento speciale all\u2019insegna della solidariet\u00e0 e dello stare insieme . Appuntamento dunque alle ore 20 in Piazza della Libert\u00e0.<\/p>\n","protected":false},"author":2,"featured_media":120095,"comment_status":"open","ping_status":"closed","sticky":false,"template":"","format":"standard","meta":{"footnotes":""},"categories":[7],"tags":[53],"class_list":["post-120094","post","type-post","status-publish","format-standard","has-post-thumbnail","hentry","category-news","tag-ostuni"],"_links":{"self":[{"href":"https:\/\/www.brundisium.net\/index.php\/wp-json\/wp\/v2\/posts\/120094","targetHints":{"allow":["GET"]}}],"collection":[{"href":"https:\/\/www.brundisium.net\/index.php\/wp-json\/wp\/v2\/posts"}],"about":[{"href":"https:\/\/www.brundisium.net\/index.php\/wp-json\/wp\/v2\/types\/post"}],"author":[{"embeddable":true,"href":"https:\/\/www.brundisium.net\/index.php\/wp-json\/wp\/v2\/users\/2"}],"replies":[{"embeddable":true,"href":"https:\/\/www.brundisium.net\/index.php\/wp-json\/wp\/v2\/comments?post=120094"}],"version-history":[{"count":1,"href":"https:\/\/www.brundisium.net\/index.php\/wp-json\/wp\/v2\/posts\/120094\/revisions"}],"predecessor-version":[{"id":120096,"href":"https:\/\/www.brundisium.net\/index.php\/wp-json\/wp\/v2\/posts\/120094\/revisions\/120096"}],"wp:featuredmedia":[{"embeddable":true,"href":"https:\/\/www.brundisium.net\/index.php\/wp-json\/wp\/v2\/media\/120095"}],"wp:attachment":[{"href":"https:\/\/www.brundisium.net\/index.php\/wp-json\/wp\/v2\/media?parent=120094"}],"wp:term":[{"taxonomy":"category","embeddable":true,"href":"https:\/\/www.brundisium.net\/index.php\/wp-json\/wp\/v2\/categories?post=120094"},{"taxonomy":"post_tag","embeddable":true,"href":"https:\/\/www.brundisium.net\/index.php\/wp-json\/wp\/v2\/tags?post=120094"}],"curies":[{"name":"wp","href":"https:\/\/api.w.org\/{rel}","templated":true}]}}