{"id":120163,"date":"2017-12-07T17:24:19","date_gmt":"2017-12-07T16:24:19","guid":{"rendered":"http:\/\/www.brundisium.net\/?p=120163"},"modified":"2017-12-08T11:49:57","modified_gmt":"2017-12-08T10:49:57","slug":"il-18-dicembre-ad-ostuni-incanto-di-natale-parole-musica-ed-emozioni-uniti-per-taranto","status":"publish","type":"post","link":"https:\/\/www.brundisium.net\/index.php\/il-18-dicembre-ad-ostuni-incanto-di-natale-parole-musica-ed-emozioni-uniti-per-taranto\/","title":{"rendered":"Il 18 dicembre ad Ostuni \u201cIn\u2026Canto di Natale\u201d Parole, musica ed emozioni &#8211; Uniti per Taranto"},"content":{"rendered":"<p>\u201cIn\u2026Canto di Natale\u201d Parole, musica ed emozioni. Si terr\u00e0 il 18 dicembre ad Ostuni, presso il Cinema Teatro Roma, la prima edizione della grande kermesse musicale e artistica dedicata al Natale. Presentano Michele Conenna e Nicla Pastore.<\/p>\n<p>Piano, violino, ballo, momenti di riflessione, saranno questi gli ingredienti di questa grande serata che vedr\u00e0 come protagonisti artisti del territorio, ma anche al di fuori della nostra provincia. Non solo: saranno di autorevole importanza intermezzi teatrali e di discussione, suscitando nel pubblico che assister\u00e0 allo spettacolo emozioni e riflessione, poich\u00e9 l\u2019incasso della serata sar\u00e0 in parte devoluto al reparto Oncologico di Taranto.<\/p>\n<p>Quale migliore occasione per stare insieme, condividere e aiutare chi \u00e8 stato meno fortunato di noi? L\u2019idea nata e promossa da Michele Conenna che ne \u00e8 anche il direttore artistico vedr\u00e0 l\u2019appoggio di altre realt\u00e0 della nostra citt\u00e0, tra cui Loretta Tanzarella, Antonella Colucci, Ginevra Viesti, Lucrezia Pacifico, Piero Albanese, Miriana Attanasio, Paola D\u2019Amico e l\u2019associazione ricreativa sul Palco della Vita. Inoltre si esibir\u00e0 l\u2019eccezionale gruppo corale polifonico di Conversano,&#8221;Iubiliate&#8221; diretto dal M\u00b0 Totaro, le ballerine di danza aerea, un gruppo di ragazzi disabili, bambini, la scuola di ballo Cayo Largo. La macchina organizzativa \u00e8 agli sgoccioli, definendo gli ultimi dettagli, curati da Angela Oimo, Assunta Conenna, Antonio Pecere e Rosa Saponaro.<\/p>\n<p>La manifestazione \u00e8 promossa dal comune di Ostuni, Assessorato al Turismo, e sar\u00e0 presentata da Nicla Pastore e Michele Conenna. Appuntamento dunque presso il Cinema Teatro Roma, luned\u00ec 18 dicembre, alle 20.30. L\u2019accesso \u00e8 consentito su invito fino ad esaurimento posti. <\/p>\n","protected":false},"excerpt":{"rendered":"<p>\u201cIn\u2026Canto di Natale\u201d Parole, musica ed emozioni. Si terr\u00e0 il 18 dicembre ad Ostuni, presso il Cinema Teatro Roma, la prima edizione della grande kermesse musicale e artistica dedicata al Natale. Presentano Michele Conenna e Nicla Pastore. Piano, violino, ballo, momenti di riflessione, saranno questi gli ingredienti di questa grande serata che vedr\u00e0 come protagonisti artisti del territorio, ma anche al di fuori della nostra provincia. Non solo: saranno di autorevole importanza intermezzi teatrali e di discussione, suscitando nel pubblico che assister\u00e0 allo spettacolo emozioni e riflessione, poich\u00e9 l\u2019incasso della serata sar\u00e0 in parte devoluto al reparto Oncologico di Taranto. Quale migliore occasione per stare insieme, condividere e aiutare chi \u00e8 stato meno fortunato di noi? L\u2019idea nata e promossa da Michele Conenna che ne \u00e8 anche il direttore artistico vedr\u00e0 l\u2019appoggio di altre realt\u00e0 della nostra citt\u00e0, tra cui Loretta Tanzarella, Antonella Colucci, Ginevra Viesti, Lucrezia Pacifico, Piero Albanese, Miriana Attanasio, Paola D\u2019Amico e l\u2019associazione ricreativa sul Palco della Vita. Inoltre si esibir\u00e0 l\u2019eccezionale gruppo corale polifonico di Conversano,&#8221;Iubiliate&#8221;&#8230;<\/p>\n","protected":false},"author":2,"featured_media":120166,"comment_status":"open","ping_status":"closed","sticky":false,"template":"","format":"standard","meta":{"footnotes":""},"categories":[7],"tags":[53],"class_list":["post-120163","post","type-post","status-publish","format-standard","has-post-thumbnail","hentry","category-news","tag-ostuni"],"_links":{"self":[{"href":"https:\/\/www.brundisium.net\/index.php\/wp-json\/wp\/v2\/posts\/120163","targetHints":{"allow":["GET"]}}],"collection":[{"href":"https:\/\/www.brundisium.net\/index.php\/wp-json\/wp\/v2\/posts"}],"about":[{"href":"https:\/\/www.brundisium.net\/index.php\/wp-json\/wp\/v2\/types\/post"}],"author":[{"embeddable":true,"href":"https:\/\/www.brundisium.net\/index.php\/wp-json\/wp\/v2\/users\/2"}],"replies":[{"embeddable":true,"href":"https:\/\/www.brundisium.net\/index.php\/wp-json\/wp\/v2\/comments?post=120163"}],"version-history":[{"count":1,"href":"https:\/\/www.brundisium.net\/index.php\/wp-json\/wp\/v2\/posts\/120163\/revisions"}],"predecessor-version":[{"id":120167,"href":"https:\/\/www.brundisium.net\/index.php\/wp-json\/wp\/v2\/posts\/120163\/revisions\/120167"}],"wp:featuredmedia":[{"embeddable":true,"href":"https:\/\/www.brundisium.net\/index.php\/wp-json\/wp\/v2\/media\/120166"}],"wp:attachment":[{"href":"https:\/\/www.brundisium.net\/index.php\/wp-json\/wp\/v2\/media?parent=120163"}],"wp:term":[{"taxonomy":"category","embeddable":true,"href":"https:\/\/www.brundisium.net\/index.php\/wp-json\/wp\/v2\/categories?post=120163"},{"taxonomy":"post_tag","embeddable":true,"href":"https:\/\/www.brundisium.net\/index.php\/wp-json\/wp\/v2\/tags?post=120163"}],"curies":[{"name":"wp","href":"https:\/\/api.w.org\/{rel}","templated":true}]}}