{"id":120486,"date":"2017-12-11T16:50:22","date_gmt":"2017-12-11T15:50:22","guid":{"rendered":"http:\/\/www.brundisium.net\/?p=120486"},"modified":"2017-12-11T20:19:53","modified_gmt":"2017-12-11T19:19:53","slug":"zucchero-cannella-bilancio-positivo-per-una-manifestazione-che-continua-a-crescere","status":"publish","type":"post","link":"https:\/\/www.brundisium.net\/index.php\/zucchero-cannella-bilancio-positivo-per-una-manifestazione-che-continua-a-crescere\/","title":{"rendered":"Zucchero &#038; Cannella: bilancio positivo per una manifestazione che continua a crescere"},"content":{"rendered":"<p><a href=\"http:\/\/www.brundisium.net\/brun\/wp-content\/uploads\/2017\/12\/IMG_7086.jpg\"><img loading=\"lazy\" decoding=\"async\" class=\"alignright size-medium wp-image-120493\" src=\"http:\/\/www.brundisium.net\/brun\/wp-content\/uploads\/2017\/12\/IMG_7086-300x200.jpg\" alt=\"\" width=\"300\" height=\"200\" srcset=\"https:\/\/www.brundisium.net\/brun\/wp-content\/uploads\/2017\/12\/IMG_7086-300x200.jpg 300w, https:\/\/www.brundisium.net\/brun\/wp-content\/uploads\/2017\/12\/IMG_7086-768x512.jpg 768w, https:\/\/www.brundisium.net\/brun\/wp-content\/uploads\/2017\/12\/IMG_7086.jpg 1024w\" sizes=\"auto, (max-width: 300px) 100vw, 300px\" \/><\/a>Si \u00e8 concluso l\u2019evento che per tre giorni ha trasformato Viale Pola in un colorato mercatino natalizio, animato da musica, teatro, arte di strada e laboratori per bambini<\/p>\n<p>&nbsp;<\/p>\n<p>Ieri sera, domenica 10 dicembre, \u00e8 calato il sipario sulla III edizione di Zucchero&amp;Cannella. Ancora una volta, la Citt\u00e0 bianca \u00e8 stata teatro di una grande festa di strada, accogliendo i numerosi artigiani ed espositori che per tre giorni hanno abitato le casette di legno tipiche dei mercatini di Natale nordici, allineate lungo Viale Pola. Artigianato, musica, teatro, gastronomia tipica, laboratori per bambini e arte di strada si sono confermati gli elementi essenziali della manifestazione pi\u00f9 dolce e suggestiva del Natale ostunese, organizzata da La Ghironda, in collaborazione con l\u2019assessorato alla Cultura e al Turismo e alle Attivit\u00e0 Produttive del Comune di Ostuni. Sono state migliaia le persone, del posto e del circondario, che si sono lasciate coinvolgere dalla magica atmosfera di festa, malgrado l\u2019improvvisa ondata di freddo intenso.<\/p>\n<p>&nbsp;<\/p>\n<p>\u00abZucchero&amp;Cannella \u00e8 una manifestazione che continua a crescere \u2013 dichiara Giovanni Marangi, Presidente de La Ghironda \u2013 e lo dimostra il numero di visitatori che preferiscono trascorrere qui i giorni di festa che precedono il Natale, piuttosto che in un centro commerciale. Il programma di questa terza edizione \u00e8 stato pianificato e concordato assieme ai commercianti della zona e ai rappresentanti delle associazioni coinvolte e ha previsto una maggiore attenzione nei confronti dei giovanissimi. Una scelta risultata assolutamente vincente, dato il successo del Parco Giochi della Musica, l\u2019area coperta riservata ai laboratori per ragazzi e bambini, sempre piena di piccoli artisti intenti a giocare con strumenti musicali e oggetti sonori. Grazie alla collaborazione attiva dell\u2019amministrazione e dei commercianti coinvolti e grazie anche all\u2019esperienza maturata in questi anni, la terza edizione di Zucchero&amp;Cannella posso dire che \u00e8 stata un successo senza precedenti. Un risultato estremamente positivo, che mi auguro di poter replicare e superare il prossimo anno\u00bb.<\/p>\n<p>&nbsp;<\/p>\n<p><a href=\"http:\/\/www.brundisium.net\/brun\/wp-content\/uploads\/2017\/12\/IMG_7072.jpg\"><img loading=\"lazy\" decoding=\"async\" class=\"size-medium wp-image-120492 alignleft\" src=\"http:\/\/www.brundisium.net\/brun\/wp-content\/uploads\/2017\/12\/IMG_7072-300x200.jpg\" alt=\"\" width=\"300\" height=\"200\" srcset=\"https:\/\/www.brundisium.net\/brun\/wp-content\/uploads\/2017\/12\/IMG_7072-300x200.jpg 300w, https:\/\/www.brundisium.net\/brun\/wp-content\/uploads\/2017\/12\/IMG_7072-768x512.jpg 768w, https:\/\/www.brundisium.net\/brun\/wp-content\/uploads\/2017\/12\/IMG_7072.jpg 1024w\" sizes=\"auto, (max-width: 300px) 100vw, 300px\" \/><br \/>\n<\/a>\u00abLa risposta ottenuta in termini di presenze \u2013 dichiara l\u2019assessore al Turismo e alla Cultura Vittorio Carparelli \u2013 \u00e8 stata ottima. Nonostante il freddo di questi giorni, tantissima gente ha preferito passeggiare tra le casette di Zucchero&amp;Cannella e i negozi di Viale Pola e dintorni per acquistare i regali di Natale e godere degli spettacoli in programma. Non potevano mancare, da parte di qualcuno, polemiche e lamentele, che siamo pronti ad ascoltare e valutare \u201ca caldo\u201d, in un clima di partecipazione e condivisione. Con questo spirito \u00e8 stato fissato per gioved\u00ec 14 dicembre alle ore 15 presso la sede del GAL (ex Macello), un incontro tra tutti i commercianti coinvolti, per analizzare punti di forza e debolezza di una manifestazione che dona lustro e contribuisce senz\u2019altro a vivacizzare l\u2019economia della nostra citt\u00e0\u00bb.<\/p>\n<p>&nbsp;<\/p>\n<p>\u00abDurante l\u2019appena trascorso weekend di festa \u2013 dichiara l\u2019assessore alle Attivit\u00e0 Produttive Maria Zurlo \u2013 la mostra mercato di Zucchero&amp;Cannella \u00e8 stata frequentata da tantissimi curiosi e acquirenti. Rendere Viale Pola un corso di passeggio e aggregazione, ha consentito ai commercianti della zona di registrare incassi superiori rispetto agli scorsi anni. Inoltre la manifestazione rappresenta per i commercianti ostunesi un\u2019ottima opportunit\u00e0 per farsi pubblicit\u00e0, per farsi conoscere dagli abitanti dei comuni limitrofi. L\u2019ipotesi di aprire al traffico la zona interessata dall\u2019evento, su cui fonda la polemica di qualche commerciante di Viale Pola, resta assolutamente fuori discussione. L\u2019intento dell\u2019amministrazione \u00e8 quello di trasformare gradualmente alcune vie commerciali in aree pedonali permanenti o parziali, proprio per incentivare il passeggio, il senso di appartenenza e quindi favorire gli acquisti\u00bb.<\/p>\n","protected":false},"excerpt":{"rendered":"<p>Si \u00e8 concluso l\u2019evento che per tre giorni ha trasformato Viale Pola in un colorato mercatino natalizio, animato da musica, teatro, arte di strada e laboratori per bambini &nbsp; Ieri sera, domenica 10 dicembre, \u00e8 calato il sipario sulla III edizione di Zucchero&amp;Cannella. Ancora una volta, la Citt\u00e0 bianca \u00e8 stata teatro di una grande festa di strada, accogliendo i numerosi artigiani ed espositori che per tre giorni hanno abitato le casette di legno tipiche dei mercatini di Natale nordici, allineate lungo Viale Pola. Artigianato, musica, teatro, gastronomia tipica, laboratori per bambini e arte di strada si sono confermati gli elementi essenziali della manifestazione pi\u00f9 dolce e suggestiva del Natale ostunese, organizzata da La Ghironda, in collaborazione con l\u2019assessorato alla Cultura e al Turismo e alle Attivit\u00e0 Produttive del Comune di Ostuni. Sono state migliaia le persone, del posto e del circondario, che si sono lasciate coinvolgere dalla magica atmosfera di festa, malgrado l\u2019improvvisa ondata di freddo intenso. &nbsp; \u00abZucchero&amp;Cannella \u00e8 una manifestazione che continua a crescere \u2013 dichiara Giovanni&#8230;<\/p>\n","protected":false},"author":2,"featured_media":120494,"comment_status":"open","ping_status":"closed","sticky":false,"template":"","format":"standard","meta":{"footnotes":""},"categories":[7],"tags":[53,5344],"class_list":["post-120486","post","type-post","status-publish","format-standard","has-post-thumbnail","hentry","category-news","tag-ostuni","tag-zucchero-cannella"],"_links":{"self":[{"href":"https:\/\/www.brundisium.net\/index.php\/wp-json\/wp\/v2\/posts\/120486","targetHints":{"allow":["GET"]}}],"collection":[{"href":"https:\/\/www.brundisium.net\/index.php\/wp-json\/wp\/v2\/posts"}],"about":[{"href":"https:\/\/www.brundisium.net\/index.php\/wp-json\/wp\/v2\/types\/post"}],"author":[{"embeddable":true,"href":"https:\/\/www.brundisium.net\/index.php\/wp-json\/wp\/v2\/users\/2"}],"replies":[{"embeddable":true,"href":"https:\/\/www.brundisium.net\/index.php\/wp-json\/wp\/v2\/comments?post=120486"}],"version-history":[{"count":1,"href":"https:\/\/www.brundisium.net\/index.php\/wp-json\/wp\/v2\/posts\/120486\/revisions"}],"predecessor-version":[{"id":120495,"href":"https:\/\/www.brundisium.net\/index.php\/wp-json\/wp\/v2\/posts\/120486\/revisions\/120495"}],"wp:featuredmedia":[{"embeddable":true,"href":"https:\/\/www.brundisium.net\/index.php\/wp-json\/wp\/v2\/media\/120494"}],"wp:attachment":[{"href":"https:\/\/www.brundisium.net\/index.php\/wp-json\/wp\/v2\/media?parent=120486"}],"wp:term":[{"taxonomy":"category","embeddable":true,"href":"https:\/\/www.brundisium.net\/index.php\/wp-json\/wp\/v2\/categories?post=120486"},{"taxonomy":"post_tag","embeddable":true,"href":"https:\/\/www.brundisium.net\/index.php\/wp-json\/wp\/v2\/tags?post=120486"}],"curies":[{"name":"wp","href":"https:\/\/api.w.org\/{rel}","templated":true}]}}