{"id":120502,"date":"2017-12-11T18:15:36","date_gmt":"2017-12-11T17:15:36","guid":{"rendered":"http:\/\/www.brundisium.net\/?p=120502"},"modified":"2017-12-11T20:18:30","modified_gmt":"2017-12-11T19:18:30","slug":"mercoledi-si-inaugura-la-sede-uila-di-san-michele-salentino","status":"publish","type":"post","link":"https:\/\/www.brundisium.net\/index.php\/mercoledi-si-inaugura-la-sede-uila-di-san-michele-salentino\/","title":{"rendered":"Mercoled\u00ec si inaugura la sede Uila di San Michele Salentino"},"content":{"rendered":"<p>Sar\u00e0 inaugurata mercoled\u00ec 13 dicembre, la nuova sede della UILA di San Michele Salentino, in via G. Pascoli 40\/C. A comunicarlo \u00e8 il responsabile della sezione, Giovanni Allegrini: \u201cIl cambiamento di sede \u00e8 un nuovo momento importante per la vita civile e sociale del territorio ed un momento che la UILA vuole condividere con tutti i concittadini e i lavoratori per i quali, l\u2019organizzazione sindacale, \u00e8 un punto di riferimento\u201d.<br \/>\nL\u2019appuntamento \u00e8 alle ore 11,30 nella sala consiliare, con il Segretario nazionale UILA, Stefano Mantegazza, il Segretario regionale, Pietro Buongiorno ed il Segretario provinciale Brindisi, Luigi Vizzino. Nella stessa occasione sar\u00e0 presentata la raccolta firme a sostegno di lavoro, pensioni, genitorialit\u00e0 promossa dalla UILA nazionale denominata \u201cDue firme per fare bene al mio paese\u201d. Si tratta di una raccolta di firme volta a presentare due proposte di legge di iniziativa popolare: la prima per sostenere chi perde il lavoro e chi ad oggi \u00e8 escluso dall\u2019ape sociale, la seconda per rafforzare le misure a sostegno della occupazione femminile e una genitorialit\u00e0 condivisa.<br \/>\nLa nuova sede di via Pascoli aprir\u00e0 ufficialmente alle ore 17 alla presenza del Vescovo di Brindisi, Mons. Domenico Caliandro.<\/p>\n","protected":false},"excerpt":{"rendered":"<p>Sar\u00e0 inaugurata mercoled\u00ec 13 dicembre, la nuova sede della UILA di San Michele Salentino, in via G. Pascoli 40\/C. A comunicarlo \u00e8 il responsabile della sezione, Giovanni Allegrini: \u201cIl cambiamento di sede \u00e8 un nuovo momento importante per la vita civile e sociale del territorio ed un momento che la UILA vuole condividere con tutti i concittadini e i lavoratori per i quali, l\u2019organizzazione sindacale, \u00e8 un punto di riferimento\u201d. L\u2019appuntamento \u00e8 alle ore 11,30 nella sala consiliare, con il Segretario nazionale UILA, Stefano Mantegazza, il Segretario regionale, Pietro Buongiorno ed il Segretario provinciale Brindisi, Luigi Vizzino. Nella stessa occasione sar\u00e0 presentata la raccolta firme a sostegno di lavoro, pensioni, genitorialit\u00e0 promossa dalla UILA nazionale denominata \u201cDue firme per fare bene al mio paese\u201d. Si tratta di una raccolta di firme volta a presentare due proposte di legge di iniziativa popolare: la prima per sostenere chi perde il lavoro e chi ad oggi \u00e8 escluso dall\u2019ape sociale, la seconda per rafforzare le misure a sostegno della occupazione femminile e una&#8230;<\/p>\n","protected":false},"author":2,"featured_media":120503,"comment_status":"open","ping_status":"closed","sticky":false,"template":"","format":"standard","meta":{"footnotes":""},"categories":[7],"tags":[830,5219],"class_list":["post-120502","post","type-post","status-publish","format-standard","has-post-thumbnail","hentry","category-news","tag-san-michele-salentino","tag-uila"],"_links":{"self":[{"href":"https:\/\/www.brundisium.net\/index.php\/wp-json\/wp\/v2\/posts\/120502","targetHints":{"allow":["GET"]}}],"collection":[{"href":"https:\/\/www.brundisium.net\/index.php\/wp-json\/wp\/v2\/posts"}],"about":[{"href":"https:\/\/www.brundisium.net\/index.php\/wp-json\/wp\/v2\/types\/post"}],"author":[{"embeddable":true,"href":"https:\/\/www.brundisium.net\/index.php\/wp-json\/wp\/v2\/users\/2"}],"replies":[{"embeddable":true,"href":"https:\/\/www.brundisium.net\/index.php\/wp-json\/wp\/v2\/comments?post=120502"}],"version-history":[{"count":1,"href":"https:\/\/www.brundisium.net\/index.php\/wp-json\/wp\/v2\/posts\/120502\/revisions"}],"predecessor-version":[{"id":120504,"href":"https:\/\/www.brundisium.net\/index.php\/wp-json\/wp\/v2\/posts\/120502\/revisions\/120504"}],"wp:featuredmedia":[{"embeddable":true,"href":"https:\/\/www.brundisium.net\/index.php\/wp-json\/wp\/v2\/media\/120503"}],"wp:attachment":[{"href":"https:\/\/www.brundisium.net\/index.php\/wp-json\/wp\/v2\/media?parent=120502"}],"wp:term":[{"taxonomy":"category","embeddable":true,"href":"https:\/\/www.brundisium.net\/index.php\/wp-json\/wp\/v2\/categories?post=120502"},{"taxonomy":"post_tag","embeddable":true,"href":"https:\/\/www.brundisium.net\/index.php\/wp-json\/wp\/v2\/tags?post=120502"}],"curies":[{"name":"wp","href":"https:\/\/api.w.org\/{rel}","templated":true}]}}