{"id":12053,"date":"2014-04-29T20:02:07","date_gmt":"2014-04-29T18:02:07","guid":{"rendered":"http:\/\/www.brundisium.net\/brun\/?p=12053"},"modified":"2014-05-18T08:06:13","modified_gmt":"2014-05-18T06:06:13","slug":"presentata-la-32-edizione-di-brindisi-in-bicicletta","status":"publish","type":"post","link":"https:\/\/www.brundisium.net\/index.php\/presentata-la-32-edizione-di-brindisi-in-bicicletta\/","title":{"rendered":"Presentata la 32^ edizione di Brindisi in Bicicletta"},"content":{"rendered":"<p><a href=\"http:\/\/www.brundisium.net\/brun\/wp-content\/uploads\/2014\/04\/Istituto-comprensivo-Casale.jpg\"><img loading=\"lazy\" decoding=\"async\" class=\"alignleft size-medium wp-image-12058\" src=\"http:\/\/www.brundisium.net\/brun\/wp-content\/uploads\/2014\/04\/Istituto-comprensivo-Casale-300x199.jpg\" alt=\"Istituto comprensivo Casale\" width=\"300\" height=\"199\" data-id=\"12058\" srcset=\"https:\/\/www.brundisium.net\/brun\/wp-content\/uploads\/2014\/04\/Istituto-comprensivo-Casale-300x199.jpg 300w, https:\/\/www.brundisium.net\/brun\/wp-content\/uploads\/2014\/04\/Istituto-comprensivo-Casale.jpg 960w\" sizes=\"auto, (max-width: 300px) 100vw, 300px\" \/><\/a>C\u2019erano tanti ragazzini ieri mattina a Palazzo Nervegna per la presentazione della <strong>32esima edizione di Brindisi in Bicicletta<\/strong><br \/>\nUna folta rappresentanza dell\u2019istituto comprensivo Casale ha conosciuto nel dettaglio tutti i risvolti organizzativi dell\u2019evento che si svolger\u00e0 domenica 18 maggio che \u00e8 ormai entrato di diritto nella storia della citt\u00e0 di Brindisi.<br \/>\nScolari, studenti e docenti hanno conosciuto <strong>Romeo Tepore<\/strong>, ideatore della manifestazione e anima dell\u2019associazione \u201cFausto Coppi\u201d.<\/p>\n<p>Poi hanno ascoltato il saluto istituzionale del sindaco <strong>Mimmo Consales<\/strong> e dell\u2019assessore all\u2019Urbanistica <strong>Lino Luperti<\/strong>. Quindi hanno applaudito all\u2019intervento del responsabile provinciale del Coni <strong>Nicola Cainazzo<\/strong> e hanno sorriso e partecipato quando \u00e8 intervenuto <strong>Dario Micaletti<\/strong>, giovane presidente dell\u2019Us Acli di Brindisi.<br \/>\nTutti i dettagli tecnici sulla manifestazione li ha forniti, invece, il segretario organizzativo <strong>Fedele Zurlo<\/strong>.<br \/>\n<a href=\"http:\/\/www.brundisium.net\/brun\/wp-content\/uploads\/2014\/04\/Da-sinistra-Romeo-Tepore-Mario-Antonelli-Lino-LUperti-Nicola-Cainazzo-Dario-Micaletti-Fedele-Zurlo.jpg\"><img loading=\"lazy\" decoding=\"async\" class=\"alignright size-medium wp-image-12055\" src=\"http:\/\/www.brundisium.net\/brun\/wp-content\/uploads\/2014\/04\/Da-sinistra-Romeo-Tepore-Mario-Antonelli-Lino-LUperti-Nicola-Cainazzo-Dario-Micaletti-Fedele-Zurlo-300x199.jpg\" alt=\"Da sinistra  Romeo Tepore  Mario Antonelli  Lino LUperti  Nicola Cainazzo  Dario Micaletti  Fedele Zurlo\" width=\"300\" height=\"199\" data-id=\"12055\" srcset=\"https:\/\/www.brundisium.net\/brun\/wp-content\/uploads\/2014\/04\/Da-sinistra-Romeo-Tepore-Mario-Antonelli-Lino-LUperti-Nicola-Cainazzo-Dario-Micaletti-Fedele-Zurlo-300x199.jpg 300w, https:\/\/www.brundisium.net\/brun\/wp-content\/uploads\/2014\/04\/Da-sinistra-Romeo-Tepore-Mario-Antonelli-Lino-LUperti-Nicola-Cainazzo-Dario-Micaletti-Fedele-Zurlo.jpg 960w\" sizes=\"auto, (max-width: 300px) 100vw, 300px\" \/><\/a>\u201c<em>L\u2019edizione 2014 <\/em>\u2013 hanno spiegato gli organizzatori \u2013<em> ha un significato particolare in quanto \u201cBrindisi in Bicicletta\u201d \u00e8 stata inclusa tra le manifestazioni sportive patrocinate dal Comune di Brindisi gi\u00e0 Citt\u00e0 Europea dello Sport. Si tratta di un riconoscimento che ci spinge a fare ancora meglio il lavoro che da anni svolgiamo per regalare alla citt\u00e0 un evento unico nel suo genere<\/em>\u201d.<br \/>\nSono tante le realt\u00e0 cittadine che affiancano l\u2019organizzazione nella preparazione dell\u2019iniziativa.<\/p>\n<p>Tutte sono state debitamente citate nel corso della conferenza di presentazione moderata dal giornalista<strong> Mario Antonelli<\/strong>.<br \/>\n\u201c<strong>Brindisi in bicicletta<\/strong>\u201d gode, in particolar modo, della preziosa collaborazione con le associazioni Ant, Aido, Admo, sempre puntuali quando si tratta di \u201csposare\u201d iniziative dall\u2019alto profilo sociale.<br \/>\nDi particolare suggestione, ieri mattina, l\u2019intervento della scrittrice brindisina <strong>Annarita Mellone<\/strong> che ha portato la sua personalissima testimonianza ispirata a \u201cBrindisi in bicicletta\u201d e ha raccontato come la rara patologia di cui soffre (il morbo di Wilson) non le abbia mai impedito di \u201cpedalare\u201d e superare le difficolt\u00e0 della vita.<br \/>\n<a href=\"http:\/\/www.brundisium.net\/brun\/wp-content\/uploads\/2014\/04\/intervento-del-sindaco-Consales.jpg\"><img loading=\"lazy\" decoding=\"async\" class=\"alignleft wp-image-12056 size-medium\" src=\"http:\/\/www.brundisium.net\/brun\/wp-content\/uploads\/2014\/04\/intervento-del-sindaco-Consales-300x199.jpg\" alt=\"intervento del sindaco Consales\" width=\"300\" height=\"199\" data-id=\"12056\" srcset=\"https:\/\/www.brundisium.net\/brun\/wp-content\/uploads\/2014\/04\/intervento-del-sindaco-Consales-300x199.jpg 300w, https:\/\/www.brundisium.net\/brun\/wp-content\/uploads\/2014\/04\/intervento-del-sindaco-Consales.jpg 960w\" sizes=\"auto, (max-width: 300px) 100vw, 300px\" \/><\/a>Dal punto di vista logistico l\u2019evento si avvarr\u00e0 dell\u2019aiuto della <strong>Croce Rossa Italiana, del Gruppo Cisom Cavalieri di Malta, dell\u2019associazione di Protezione civile \u201cRicetrasmissioni C.B\u201d, della Polizia stradale e della Polizia municipale<\/strong>.<\/p>\n<p>Presente alla conferenza stampa di ieri mattina anche <strong>Cosimo D\u2019Angelo<\/strong>, consigliere comunale con una irresistibile passione per le due ruote.<br \/>\nLa consegna di un trofeo alla vice preside<strong> Immacolata Maruccia<\/strong> ha, simbolicamente, chiuso la mattinata istituzionale a Palazzo Nervegna.<br \/>\nL\u2019appuntamento \u00e8 per <strong>luned\u00ec 2 maggio<\/strong>, giorno in cui si apriranno le iscrizioni.<\/p>\n<p>Fino al 17 maggio, recandosi presso il negozio \u201cPrimigi Store\u201d in piazza della Vittoria (dalle 9 alle 12.30 e dalle 17 alle 20.30) sar\u00e0 possibile ottenere il titolo di partecipazione all\u2019iniziativa.<\/p>\n<p>Al costo di 3,50 euro (prezzo invariato da 5 anni) si ricever\u00e0 il numero di partecipazione, una maglietta con il simbolo della manifestazione e un cappellino colorato.<br \/>\nL\u2019evento si terr\u00e0 <strong>domenica 18 maggio<\/strong> con partenza alle ore 9.00 da piazzale Lenio Flacco per poi concludersi circa due ore e mezza dopo nei pressi della scalinata \u201cVirgilio\u201d dove si terr\u00e0 la tradizionale premiazione al gruppo pi\u00f9 numeroso, al cicloamatore pi\u00f9 anziano e via discorrendo.<br \/>\nUna manifestazione storica per la citt\u00e0 i cui fasti sono conosciuti persino presso la Presidenza del Consiglio dei Ministri, che starebbe avviando l\u2019istruttoria per concedere l\u2019alto patrocinio. Una ciliegina sulla torta che inorgoglisce Romeo Tepore e chiunque abbia a cuore la pi\u00f9 \u201cantica\u201d manifestazione sportiva della citt\u00e0.<\/p>\n<p>&nbsp;<\/p>\n<p>&nbsp;<\/p>\n<p><strong>Ufficio comunicazione Hd Eventi snc<\/strong><\/p>\n<p>&nbsp;<\/p>\n","protected":false},"excerpt":{"rendered":"<p>C\u2019erano tanti ragazzini ieri mattina a Palazzo Nervegna per la presentazione della 32esima edizione di Brindisi in Bicicletta Una folta rappresentanza dell\u2019istituto comprensivo Casale ha conosciuto nel dettaglio tutti i risvolti organizzativi dell\u2019evento che si svolger\u00e0 domenica 18 maggio che \u00e8 ormai entrato di diritto nella storia della citt\u00e0 di Brindisi. Scolari, studenti e docenti hanno conosciuto Romeo Tepore, ideatore della manifestazione e anima dell\u2019associazione \u201cFausto Coppi\u201d. Poi hanno ascoltato il saluto istituzionale del sindaco Mimmo Consales e dell\u2019assessore all\u2019Urbanistica Lino Luperti. Quindi hanno applaudito all\u2019intervento del responsabile provinciale del Coni Nicola Cainazzo e hanno sorriso e partecipato quando \u00e8 intervenuto Dario Micaletti, giovane presidente dell\u2019Us Acli di Brindisi. Tutti i dettagli tecnici sulla manifestazione li ha forniti, invece, il segretario organizzativo Fedele Zurlo. \u201cL\u2019edizione 2014 \u2013 hanno spiegato gli organizzatori \u2013 ha un significato particolare in quanto \u201cBrindisi in Bicicletta\u201d \u00e8 stata inclusa tra le manifestazioni sportive patrocinate dal Comune di Brindisi gi\u00e0 Citt\u00e0 Europea dello Sport. Si tratta di un riconoscimento che ci spinge a fare ancora meglio&#8230;<\/p>\n","protected":false},"author":2,"featured_media":12054,"comment_status":"open","ping_status":"open","sticky":false,"template":"","format":"standard","meta":{"footnotes":""},"categories":[7,8,389],"tags":[1825],"class_list":["post-12053","post","type-post","status-publish","format-standard","has-post-thumbnail","hentry","category-news","category-sport","category-territorio","tag-brindisi-in-bicicletta"],"_links":{"self":[{"href":"https:\/\/www.brundisium.net\/index.php\/wp-json\/wp\/v2\/posts\/12053","targetHints":{"allow":["GET"]}}],"collection":[{"href":"https:\/\/www.brundisium.net\/index.php\/wp-json\/wp\/v2\/posts"}],"about":[{"href":"https:\/\/www.brundisium.net\/index.php\/wp-json\/wp\/v2\/types\/post"}],"author":[{"embeddable":true,"href":"https:\/\/www.brundisium.net\/index.php\/wp-json\/wp\/v2\/users\/2"}],"replies":[{"embeddable":true,"href":"https:\/\/www.brundisium.net\/index.php\/wp-json\/wp\/v2\/comments?post=12053"}],"version-history":[{"count":1,"href":"https:\/\/www.brundisium.net\/index.php\/wp-json\/wp\/v2\/posts\/12053\/revisions"}],"predecessor-version":[{"id":12063,"href":"https:\/\/www.brundisium.net\/index.php\/wp-json\/wp\/v2\/posts\/12053\/revisions\/12063"}],"wp:featuredmedia":[{"embeddable":true,"href":"https:\/\/www.brundisium.net\/index.php\/wp-json\/wp\/v2\/media\/12054"}],"wp:attachment":[{"href":"https:\/\/www.brundisium.net\/index.php\/wp-json\/wp\/v2\/media?parent=12053"}],"wp:term":[{"taxonomy":"category","embeddable":true,"href":"https:\/\/www.brundisium.net\/index.php\/wp-json\/wp\/v2\/categories?post=12053"},{"taxonomy":"post_tag","embeddable":true,"href":"https:\/\/www.brundisium.net\/index.php\/wp-json\/wp\/v2\/tags?post=12053"}],"curies":[{"name":"wp","href":"https:\/\/api.w.org\/{rel}","templated":true}]}}