{"id":120698,"date":"2017-12-13T19:18:13","date_gmt":"2017-12-13T18:18:13","guid":{"rendered":"http:\/\/www.brundisium.net\/?p=120698"},"modified":"2017-12-16T19:25:32","modified_gmt":"2017-12-16T18:25:32","slug":"torna-i-suoni-della-devozione-la-rassegna-di-musica-internazionale-nelle-chiese-storiche-di-brindisi","status":"publish","type":"post","link":"https:\/\/www.brundisium.net\/index.php\/torna-i-suoni-della-devozione-la-rassegna-di-musica-internazionale-nelle-chiese-storiche-di-brindisi\/","title":{"rendered":"Torna &#8220;I Suoni della Devozione&#8221;, la rassegna di musica internazionale nelle chiese storiche di Brindisi"},"content":{"rendered":"<p><a href=\"http:\/\/www.brundisium.net\/brun\/wp-content\/uploads\/2017\/12\/maria-moramarco.jpg\"><img loading=\"lazy\" decoding=\"async\" class=\"alignright size-medium wp-image-120703\" src=\"http:\/\/www.brundisium.net\/brun\/wp-content\/uploads\/2017\/12\/maria-moramarco-300x200.jpg\" alt=\"\" width=\"300\" height=\"200\" srcset=\"https:\/\/www.brundisium.net\/brun\/wp-content\/uploads\/2017\/12\/maria-moramarco-300x200.jpg 300w, https:\/\/www.brundisium.net\/brun\/wp-content\/uploads\/2017\/12\/maria-moramarco-768x512.jpg 768w, https:\/\/www.brundisium.net\/brun\/wp-content\/uploads\/2017\/12\/maria-moramarco-1024x682.jpg 1024w\" sizes=\"auto, (max-width: 300px) 100vw, 300px\" \/><\/a>Resiste al tempo da circa diciassette anni, la rassegna musicale internazionale nelle chiese storiche di Brindisi \u201cI SUONI DELLA DEVOZIONE\u201d nata nel 2000 dalla collaborazione tra il Comune di Brindisi e l\u2019Arcidiocesi di Brindisi-Ostuni, su un progetto originale e la direzione artistica di Roberto Caroppo.<\/p>\n<p>&nbsp;<\/p>\n<p>La XVIII edizione che prende il via questa settimana, prevede un palinsesto interamente dedicato alla riscoperta della tradizione musicale del Natale e dei suoi strumenti popolari, interpretati dalla sensibilit\u00e0 artistica di grandi interpreti della scena nazionale. Una manifestazione, felice sintesi tra evento musicale e promozione dei luoghi di culto storici e non della citt\u00e0 che da tempo ormai si \u00e8 affermata per la qualit\u00e0 delle sue proposte a livello regionale e nazionale.<\/p>\n<p>&nbsp;<\/p>\n<p>L\u2019attenzione verso il ritmo del mondo, sempre pi\u00f9 globale, ha insegnato il mettersi all&#8217;ascolto, rendendo dominabili le distanze e le lingue pi\u00f9 comprensibili: \u00e8 il piccolo armonico miracolo che ha compiuto la musica anche a Brindisi attraverso i &#8220;Suoni della Devozione&#8221; e dagli artisti che hanno condiviso qui nelle chiese di Brindisi, nuovi percorsi musicali: Rozaneh (Iran), Dijvan Gasparyan (Armenia), Martin O&#8217;Connor (Irlanda), Karen Matheson Band (Scotland), Janet Arbison e Belfast Harp Orchestra (Irlanda), Maire Ni Chatasaigh (Irlanda), Shine (Scotland), Timna Brauer e Elias Meiri (Yemen-Israele), Orchestra araba di Nazareth (Palestina), Kathryn Tickell band (Inghilterra), Savina Yannatou e Primavera en Salonico (Grecia), Silvia Malagugini e la Compagnia Nona Sima (Francia), Dave Swarbrick (Inghilterra), Zar (Danimarca), Moni Ovadia, Ensemble Micrologus, Peppe Barra e Lino Cannavacciuolo, Enzo Avitabile, Luigi Lai e Baba Sissoko, Elena Ledda, Theatrum Instrumentorum, Chominciamento di Gioia, Musica Officinalis, Gianni Perilli, Solis String Quartet, Alice, Antonella Ruggero e Ark\u00e8 String Quartet, Ambrogio Sparagna, La Confraternita de Musici, Franca Masu e Fausto Beccalossi, Peppe Servillo, Nafra (Malta), Robin Brown and the Triumphant of Delegation (U.S.A.), Grainne Hambly e Billy Jackson (Irlanda), Hevia (Asturie, Spagna) e Black voices (Inghilterra), Michele Gazich, Quintana Ensemble del Mediterraneo, Raffaello Simeoni con Gabriele Russo e Goffredo Degli Esposti di Micrologus<\/p>\n<p>&nbsp;<\/p>\n<p>&nbsp;<\/p>\n<p><a href=\"http:\/\/www.brundisium.net\/brun\/wp-content\/uploads\/2017\/12\/Lamorivostri.jpg\"><img loading=\"lazy\" decoding=\"async\" class=\"size-medium wp-image-120702 alignleft\" src=\"http:\/\/www.brundisium.net\/brun\/wp-content\/uploads\/2017\/12\/Lamorivostri-198x300.jpg\" alt=\"\" width=\"198\" height=\"300\" srcset=\"https:\/\/www.brundisium.net\/brun\/wp-content\/uploads\/2017\/12\/Lamorivostri-198x300.jpg 198w, https:\/\/www.brundisium.net\/brun\/wp-content\/uploads\/2017\/12\/Lamorivostri-768x1166.jpg 768w, https:\/\/www.brundisium.net\/brun\/wp-content\/uploads\/2017\/12\/Lamorivostri-674x1024.jpg 674w\" sizes=\"auto, (max-width: 198px) 100vw, 198px\" \/><br \/>\n<\/a>Il programma di quest\u2019anno realizzato esclusivamente con il sostegno di privati, prevede due appuntamenti<\/p>\n<ul>\n<li>domenica 17 dicembre alle ore 20,30 nella chiesa medievale di San Benedetto con l\u2019Lamorivostri una nuova affascinante sorpresa nel panorama della musica tradizionale<\/li>\n<li>sabato 23 dicembre nella chiesa della Piet\u00e0 sempre alle 20,30, una tra le pi\u00f9 belle voci del Sud, quella di Maria Moramarco, figlia naturale degli antichi cantori e cantatrici delle Murge che hanno tramandato la tradizione orale della Puglia, nello spettacolo Par\u00e0ule,<\/li>\n<\/ul>\n<p>&nbsp;<\/p>\n<p><strong>Domenica 17 dicembre alle ore 20,30 chiesa di San Benedetto<\/strong><\/p>\n<p><strong>Lamorivostri<\/strong><\/p>\n<p><strong>in Cantata di Natale<\/strong><\/p>\n<p><strong>Piccolo viaggio musicale nella tradizione che rivive nei canti della poesia popolare<\/strong><\/p>\n<p>Un trio formato da Lavinia Mancusi, Monica Neri, Rita Tumminia con la partecipazione di Mauro Bassano alla zampogna, propone in veste tradizionale la\u201cCANTATA DI NATALE\u201d un concerto dedicato al repertorio di tradizione orale dei canti, novene, e pastorali per il Natale. Sonorit\u00e0 di struggente bellezza che riportano al cuore e alla mente il senso della tradizione della nativit\u00e0. Il repertorio viene eseguito con strumenti della tradizione ciaramella, zampogna organetto e tamburello accompagnati dalla sonorit\u00e0 profonda del violino e della lira calabrese. Tutte provenienti da esperienze artistiche con musicisti di rilievo Ambrogio Sparagna, Roberto Billi, Acquaragia Drom, Piero Pel\u00f9, Nando Citarella, Alessandro Mannarino, i brani eseguiti fanno parte della tradizione Italiana del centro e del sud Italia, zampogna e ciaramella eseguono ninna nanne e pastorali provenienti dalla tradizione calabrese delle Serre ,dell\u2019alto Lazio e della Campania, Puglie , Sicilia, e Sardegna,<\/p>\n<p>La direzione artistica \u00e8 di Roberto Caroppo. Un progetto realizzato dall\u2019associazione culturale Adriatic Music Culture di Brindisi<\/p>\n<p>L\u2019ingresso \u00e8 gratuito fino ad esaurimento posti.<\/p>\n<p>&nbsp;<\/p>\n","protected":false},"excerpt":{"rendered":"<p>Resiste al tempo da circa diciassette anni, la rassegna musicale internazionale nelle chiese storiche di Brindisi \u201cI SUONI DELLA DEVOZIONE\u201d nata nel 2000 dalla collaborazione tra il Comune di Brindisi e l\u2019Arcidiocesi di Brindisi-Ostuni, su un progetto originale e la direzione artistica di Roberto Caroppo. &nbsp; La XVIII edizione che prende il via questa settimana, prevede un palinsesto interamente dedicato alla riscoperta della tradizione musicale del Natale e dei suoi strumenti popolari, interpretati dalla sensibilit\u00e0 artistica di grandi interpreti della scena nazionale. Una manifestazione, felice sintesi tra evento musicale e promozione dei luoghi di culto storici e non della citt\u00e0 che da tempo ormai si \u00e8 affermata per la qualit\u00e0 delle sue proposte a livello regionale e nazionale. &nbsp; L\u2019attenzione verso il ritmo del mondo, sempre pi\u00f9 globale, ha insegnato il mettersi all&#8217;ascolto, rendendo dominabili le distanze e le lingue pi\u00f9 comprensibili: \u00e8 il piccolo armonico miracolo che ha compiuto la musica anche a Brindisi attraverso i &#8220;Suoni della Devozione&#8221; e dagli artisti che hanno condiviso qui nelle chiese di&#8230;<\/p>\n","protected":false},"author":2,"featured_media":120704,"comment_status":"open","ping_status":"closed","sticky":false,"template":"","format":"standard","meta":{"footnotes":""},"categories":[189,7],"tags":[5373],"class_list":["post-120698","post","type-post","status-publish","format-standard","has-post-thumbnail","hentry","category-musica-2","category-news","tag-i-suoni-della-devozione"],"_links":{"self":[{"href":"https:\/\/www.brundisium.net\/index.php\/wp-json\/wp\/v2\/posts\/120698","targetHints":{"allow":["GET"]}}],"collection":[{"href":"https:\/\/www.brundisium.net\/index.php\/wp-json\/wp\/v2\/posts"}],"about":[{"href":"https:\/\/www.brundisium.net\/index.php\/wp-json\/wp\/v2\/types\/post"}],"author":[{"embeddable":true,"href":"https:\/\/www.brundisium.net\/index.php\/wp-json\/wp\/v2\/users\/2"}],"replies":[{"embeddable":true,"href":"https:\/\/www.brundisium.net\/index.php\/wp-json\/wp\/v2\/comments?post=120698"}],"version-history":[{"count":2,"href":"https:\/\/www.brundisium.net\/index.php\/wp-json\/wp\/v2\/posts\/120698\/revisions"}],"predecessor-version":[{"id":120706,"href":"https:\/\/www.brundisium.net\/index.php\/wp-json\/wp\/v2\/posts\/120698\/revisions\/120706"}],"wp:featuredmedia":[{"embeddable":true,"href":"https:\/\/www.brundisium.net\/index.php\/wp-json\/wp\/v2\/media\/120704"}],"wp:attachment":[{"href":"https:\/\/www.brundisium.net\/index.php\/wp-json\/wp\/v2\/media?parent=120698"}],"wp:term":[{"taxonomy":"category","embeddable":true,"href":"https:\/\/www.brundisium.net\/index.php\/wp-json\/wp\/v2\/categories?post=120698"},{"taxonomy":"post_tag","embeddable":true,"href":"https:\/\/www.brundisium.net\/index.php\/wp-json\/wp\/v2\/tags?post=120698"}],"curies":[{"name":"wp","href":"https:\/\/api.w.org\/{rel}","templated":true}]}}