{"id":120727,"date":"2017-12-14T12:39:05","date_gmt":"2017-12-14T11:39:05","guid":{"rendered":"http:\/\/www.brundisium.net\/?p=120727"},"modified":"2017-12-19T19:42:04","modified_gmt":"2017-12-19T18:42:04","slug":"mm-ovvero-quando-la-bellezza-esisteva-davvero-parte-ii-di-a-serni","status":"publish","type":"post","link":"https:\/\/www.brundisium.net\/index.php\/mm-ovvero-quando-la-bellezza-esisteva-davvero-parte-ii-di-a-serni\/","title":{"rendered":"MM ovvero quando la bellezza esisteva davvero. Parte II. Di A.Serni"},"content":{"rendered":"<p>Cara L.,<br \/>\nci sei ancora?<br \/>\nBene, continuiamo.<br \/>\nTi ho parlato di Trump, Putin e Papa Francesco e sicuramente ti starai chiedendo cosa centrino questi tre signori con la bellezza e con MM.<br \/>\nApparentemente niente, ma forse, a ben guardare moltissimo.<br \/>\nNon dipende forse anche da loro il tuo benessere quotidiano?<br \/>\nNon sono le parole del Papa, le decisioni dei presidenti degli Stati Uniti e della Russia a creare il clima che respiriamo ogni giorno?<br \/>\nIl nostro bisogno di bellezza non dipende anche da quello che ci circonda, dalla vita che facciamo, dalle speranze che abbiamo, da ci\u00f2 che siamo costretti a vedere e a respirare ogni giorno?<\/p>\n<p>&nbsp;<\/p>\n<p>E di quanta bellezza hai bisogno tu in questo periodo?<br \/>\nCi prepariamo a guerre di religione che abbracceranno l\u2019intero pianeta?<br \/>\nStiamo gi\u00e0 pensando ad una guerra nucleare che inizier\u00e0 nella Corea del Nord?<br \/>\nStiamo creando un tipo di societ\u00e0 nella quale chi ha qualcosa da difendere la difender\u00e0 a scapito di tanti altri che nel frattempo patiranno la fame che li render\u00e0 pericolosi e ostili?<br \/>\nCosa siamo, come viviamo, come pensiamo dipende soprattutto dalla capacit\u00e0 che avranno questi tre uomini di immaginare e lavorare per un futuro migliore.<\/p>\n<p>&nbsp;<\/p>\n<p>Certo, la situazione \u00e8 un po\u2019 pi\u00f9 complicata e forse la tua professoressa di storia o qualche studioso di economia o di politica storcerebbe il naso per questa ricostruzione , e avrebbe ragione.<br \/>\nQuindi basta non farglielo sapere.<br \/>\nIo credo proprio che il mondo nuovo che ti apparterr\u00e0 sar\u00e0 stato plasmato anche dalle scelte di Papa Francesco, di Donald Trump e di Vladimir Putin.<\/p>\n<p>&nbsp;<\/p>\n<p>Sai L., io sono un pap\u00e0 e vivo esclusivamente da pap\u00e0; non mi riesce di fare altro.<br \/>\nVivo pensando che la cosa pi\u00f9 bella che mi possa accadere di vedere nella mia vita sia la felicit\u00e0 tua e di tuo fratello.<br \/>\nLo so che ti \u201cnoia\u201d sentir dire queste cose melense ma \u00e8 cos\u00ec e un giorno lo capirai.<br \/>\nVivo da pap\u00e0 perennemente frustrato quando non riusciamo a capirci, preoccupato per i tuoi momenti di tristezza, ansioso per il futuro che avrai e che non riesco ad immaginare e, fino a qualche tempo fa, di tanto in tanto, anche arrabbiato per i tuoi momenti da eremita col cellulare.<br \/>\nNon so cosa cerchi o speri di trovare nel tuo Iphone ma so per certo che quell\u2019apparecchietto infernale ti serve anche per non ascoltare e non vedere le tante brutture che ci circondano; insomma tu l\u00ec dentro cerchi \u201cci\u00f2 che ti fa stare bene\u201d come dice Caparezza in quella canzoncina che ogni tanto canticchi.<\/p>\n<p>&nbsp;<\/p>\n<p>Adesso \u00e8 arrivato il momento di smetterla con queste divagazioni e di invitarti a fare un viaggio assieme: io, tu e Doc (quello di \u201cRitorno al futuro\u201d).<br \/>\nTi porto indietro di oltre sessant\u2019anni, nel periodo in cui la bellezza di MM ci \u201cfaceva accorgere che sapevamo respirare\u201d<br \/>\n(AfterHours, Dentro Marilyn): reggiti forte e seguimi.<\/p>\n<p>&nbsp;<\/p>\n<p>Sai L., anche io, quando avevo la tua et\u00e0 ero messo male; le cose che appena sentivo alla radio o alla tv in bianco e nero non erano per niente belle.<br \/>\nSembrava che una terza ed ultima guerra mondiale fosse sempre sul punto di scoppiare e la modernit\u00e0 (quella modernit\u00e0) creava problemi sociali nuovi: nuovi poveri, nuovi pericoli.<br \/>\nIo e i miei amici (cito Borges che sai che mi piace) \u201ceravamo convinti, come sono convinti tutti gli uomini di tutti i tempi, di vivere in tempi difficili\u201d esattamente come ne sei convinta tu ora.<\/p>\n<p>&nbsp;<\/p>\n<p>Atterriamo nel 1961.<br \/>\nIl 20 di Gennaio viene eletto presidente degli Stati Uniti d\u2019America un signore giovane e di bell\u2019aspetto, che oggi tu definiresti senz\u2019altro \u201cun bel figo\u201d e che forse avrai gi\u00e0 sentito nominare : John Fitzgerald Kennedy.<br \/>\nEra un giovanotto bello, alto, sportivo, ricco e per bene ; insomma era il sogno di tutte le ragazze in et\u00e0 da marito.<br \/>\nKennedy era pure intelligente e un po\u2019 sognatore; faceva parte del partito democratico che in America, terra di due soli partiti, significa un po\u2019 come essere di sinistra in Italia.<\/p>\n<p>&nbsp;<\/p>\n<p>Jack, come lo chiamavano in America, non era diverso solo esteticamente da tutti gli altri presidenti che lo avevano preceduto, diceva anche cose nuove, e presto, noi ragazzi di allora, assetati di cose nuove, come tutti i ragazzi di tutti i tempi e come te ora, cominciammo ad amarlo, a vedere in lui un sogno, una idea di mondo diversa, insomma, come si diceva allora : un futuro migliore.<\/p>\n<p>&nbsp;<\/p>\n<p>Dall\u2019altra parte del mondo, in Russia, che allora si chiamava Unione delle Repubbliche Socialiste Sovietiche (URSS), invece, gi\u00e0 dal 1958 era diventato primo ministro un tipo strano: si, un comunista doc ma leggermente diverso da tutti gli altri.<br \/>\nEra un analfabeta che aveva imparato a leggere e scrivere intorno ai trent\u2019anni, ed era brutto, pelato, basso e goffo.<br \/>\nSi chiamava Krusciov (si pronuncia Krusciof), Nikita Krusciov.<\/p>\n<p>&nbsp;<\/p>\n<p>Devi sapere che anche questo Krusciov a suo modo rappresentava qualcosa di nuovo: era un tipo tosto che aveva deciso di cambiare le cose e anche lui, per i giovani di quel tempo, rappresentava un sogno.<\/p>\n<p>&nbsp;<\/p>\n<p>La terza persona importante di cui vorrei parlarti si chiamava Angelo Giuseppe Roncalli e quando era stato eletto Papa, il 28 ottobre del 1958, aveva preso il nome di Giovanni XXIII.<br \/>\nPapa Giovanni era un nuovo tipo di Papa; i Cardinali lo avevano eletto perch\u00e9 era vecchio e malandato e pensavano che il suo pontificato sarebbe stato breve e incolore \u2026 ma si sbagliavano.<br \/>\nIn quel clima da incubo da guerra atomica le parole di queste tre personalit\u00e0 ci tranquillizzavano, ci facevano sperare e ci commuovevano anche, ma avevamo bisogno, come sempre tutti gli uomini di tutte le epoche hanno bisogno, di qualcosa di pi\u00f9.<br \/>\nVedi, cara Lola, sempre, qualunque sia stata la loro condizione, qualunque problema abbiano avuto, qualunque sia stato il grado di benessere raggiunto, gli esseri umani hanno ricercato la bellezza in tutti i modi.<\/p>\n<p>&nbsp;<\/p>\n<p>Proprio cos\u00ec, da questo desiderio, sono nate le musiche pi\u00f9 commoventi, le statue pi\u00f9 belle, i poemi pi\u00f9 affascinanti, i quadri, i palazzi, i giardini, e tutto quello che non \u00e8 stato fatto per un semplice bisogno materiale.<\/p>\n<p>&nbsp;<\/p>\n<p>Pensaci : gli esseri umani sono sopravvissuti a catastrofi, a guerre, ad epidemie, alla fame, sono stati costretti a rinunciare alle loro case, al cibo e persino alla libert\u00e0 ma mai, in nessuna condizione, hanno rinunciato alla ricerca della bellezza.<\/p>\n<p>&nbsp;<\/p>\n<p>Lo facciamo tutti, sempre e il perch\u00e9 non lo sa nessuno nonostante infiniti studi di filosofia, di estetica, di sociologia, di psicologia e di tante altre discipline abbiano tentato di spiegarcelo.<\/p>\n<p>&nbsp;<\/p>\n<p>E\u2019 vero, ognuno poi trova la bellezza a suo modo e, sopratutto, dove vuole, ma ci sono momenti della storia nei quali una parola, un viso, una persona, un\u2019azione, si trasformano e diventano simboli di uno stato d\u2019animo collettivo.<\/p>\n<p>Io e tanti altri giovani, per anni, abbiamo avuto MM.<\/p>\n<p>&nbsp;<\/p>\n<p>Per oggi basta cos\u00ec. Grazie per la pazienza che stai dimostrando.<\/p>\n<p>&nbsp;<\/p>\n<p>&nbsp;<\/p>\n<p><em><strong>Apunto Serni<\/strong><\/em><\/p>\n<p><a href=\"http:\/\/www.brundisium.net\/index.php\/mm-ovvero-quando-la-bellezza-esisteva-davvero-parte-i-di-a-serni\/\"><em><strong>Parte I<\/strong><\/em><\/a><\/p>\n<p><a href=\"http:\/\/www.brundisium.net\/index.php\/mm-ovvero-quando-la-bellezza-esisteva-davvero-parte-ii-di-a-serni\/\"><em><strong>Parte II<\/strong><\/em><\/a><\/p>\n","protected":false},"excerpt":{"rendered":"<p>Cara L., ci sei ancora? Bene, continuiamo. Ti ho parlato di Trump, Putin e Papa Francesco e sicuramente ti starai chiedendo cosa centrino questi tre signori con la bellezza e con MM. Apparentemente niente, ma forse, a ben guardare moltissimo. Non dipende forse anche da loro il tuo benessere quotidiano? Non sono le parole del Papa, le decisioni dei presidenti degli Stati Uniti e della Russia a creare il clima che respiriamo ogni giorno? Il nostro bisogno di bellezza non dipende anche da quello che ci circonda, dalla vita che facciamo, dalle speranze che abbiamo, da ci\u00f2 che siamo costretti a vedere e a respirare ogni giorno? &nbsp; E di quanta bellezza hai bisogno tu in questo periodo? Ci prepariamo a guerre di religione che abbracceranno l\u2019intero pianeta? Stiamo gi\u00e0 pensando ad una guerra nucleare che inizier\u00e0 nella Corea del Nord? Stiamo creando un tipo di societ\u00e0 nella quale chi ha qualcosa da difendere la difender\u00e0 a scapito di tanti altri che nel frattempo patiranno la fame che li render\u00e0&#8230;<\/p>\n","protected":false},"author":2,"featured_media":120730,"comment_status":"open","ping_status":"closed","sticky":false,"template":"","format":"standard","meta":{"footnotes":""},"categories":[1618],"tags":[1619,3215],"class_list":["post-120727","post","type-post","status-publish","format-standard","has-post-thumbnail","hentry","category-a-serni","tag-a-serni-2","tag-apunto-serni"],"_links":{"self":[{"href":"https:\/\/www.brundisium.net\/index.php\/wp-json\/wp\/v2\/posts\/120727","targetHints":{"allow":["GET"]}}],"collection":[{"href":"https:\/\/www.brundisium.net\/index.php\/wp-json\/wp\/v2\/posts"}],"about":[{"href":"https:\/\/www.brundisium.net\/index.php\/wp-json\/wp\/v2\/types\/post"}],"author":[{"embeddable":true,"href":"https:\/\/www.brundisium.net\/index.php\/wp-json\/wp\/v2\/users\/2"}],"replies":[{"embeddable":true,"href":"https:\/\/www.brundisium.net\/index.php\/wp-json\/wp\/v2\/comments?post=120727"}],"version-history":[{"count":1,"href":"https:\/\/www.brundisium.net\/index.php\/wp-json\/wp\/v2\/posts\/120727\/revisions"}],"predecessor-version":[{"id":120731,"href":"https:\/\/www.brundisium.net\/index.php\/wp-json\/wp\/v2\/posts\/120727\/revisions\/120731"}],"wp:featuredmedia":[{"embeddable":true,"href":"https:\/\/www.brundisium.net\/index.php\/wp-json\/wp\/v2\/media\/120730"}],"wp:attachment":[{"href":"https:\/\/www.brundisium.net\/index.php\/wp-json\/wp\/v2\/media?parent=120727"}],"wp:term":[{"taxonomy":"category","embeddable":true,"href":"https:\/\/www.brundisium.net\/index.php\/wp-json\/wp\/v2\/categories?post=120727"},{"taxonomy":"post_tag","embeddable":true,"href":"https:\/\/www.brundisium.net\/index.php\/wp-json\/wp\/v2\/tags?post=120727"}],"curies":[{"name":"wp","href":"https:\/\/api.w.org\/{rel}","templated":true}]}}