{"id":120746,"date":"2017-12-14T15:32:53","date_gmt":"2017-12-14T14:32:53","guid":{"rendered":"http:\/\/www.brundisium.net\/?p=120746"},"modified":"2017-12-14T15:32:14","modified_gmt":"2017-12-14T14:32:14","slug":"assaggi-e-paesaggi-fari-puntati-sul-carciofo-brindisino","status":"publish","type":"post","link":"https:\/\/www.brundisium.net\/index.php\/assaggi-e-paesaggi-fari-puntati-sul-carciofo-brindisino\/","title":{"rendered":"Assaggi e paesaggi: fari puntati sul carciofo brindisino"},"content":{"rendered":"<p><a href=\"http:\/\/www.brundisium.net\/brun\/wp-content\/uploads\/2017\/12\/carciofi-Assaggiepaesaggi-Madera.jpg\"><img loading=\"lazy\" decoding=\"async\" class=\"alignright size-medium wp-image-120747\" src=\"http:\/\/www.brundisium.net\/brun\/wp-content\/uploads\/2017\/12\/carciofi-Assaggiepaesaggi-Madera-300x200.jpg\" alt=\"\" width=\"300\" height=\"200\" srcset=\"https:\/\/www.brundisium.net\/brun\/wp-content\/uploads\/2017\/12\/carciofi-Assaggiepaesaggi-Madera-300x200.jpg 300w, https:\/\/www.brundisium.net\/brun\/wp-content\/uploads\/2017\/12\/carciofi-Assaggiepaesaggi-Madera-768x512.jpg 768w, https:\/\/www.brundisium.net\/brun\/wp-content\/uploads\/2017\/12\/carciofi-Assaggiepaesaggi-Madera-1024x682.jpg 1024w, https:\/\/www.brundisium.net\/brun\/wp-content\/uploads\/2017\/12\/carciofi-Assaggiepaesaggi-Madera.jpg 1181w\" sizes=\"auto, (max-width: 300px) 100vw, 300px\" \/><\/a>Sabato 16 e domenica 17 novembre ritorna, per il sesto weekend, \u201cAssaggi e paesaggi\u201d, la rassegna organizzata dalla cooperativa Madera (www.maderamedia.com) nell&#8217;ambito dell&#8217;iniziativa regionale InPuglia 365 \u201cSapori e colori d&#8217;autunno\u201d, per far conoscere attraverso le escursioni in natura, i tesori naturalistici ed enogastronomici del territorio. Il protagonista della due giorni \u00e8 uno dei prodotti di punta dell&#8217;agricoltura locale, il carciofo brindisino.<\/p>\n<p>&nbsp;<\/p>\n<p>Il nuovo appuntamento di \u201cAssaggi e paesaggi\u201d conduce i visitatori di tutte le et\u00e0 nelle campagne dell&#8217;agro brindisino, presso l&#8217;Azienda agricola Lillo. Si parte alla scoperta della filiera produttiva del carciofo, per scoprirne tre qualit\u00e0, storia, peculiarit\u00e0, filiera produttiva e percorso dal campo alla tavola.<br \/>\nL&#8217;incontro prevede una passeggiata in natura fra campi coltivati a ortaggi e ulivi secolari dediti alla produzione di olio extravergine d&#8217;oliva, sotto l&#8217;eccezionale guida dei proprietari dell&#8217;azienda Lillo che, al termine del percorso, accolgono gli ospiti in masseria per una degustazione guidata delle loro migliori produzioni. Dalle birre, ai sott&#8217;oli, dai pat\u00e9 all&#8217;olio extravergine: l&#8217;appuntamento \u00e8 un viaggio nel cuore delle eccellenze agroalimentari locali. Nel corso della degustazione, gli assaggi sono accompagnati da una inusuale selezione musicale dal vivo di musica classica.<\/p>\n<p>&nbsp;<\/p>\n<p>\u201cAssaggi e paesaggi\u201d \u00e8 una rassegna ideata per tutta la famiglia, per entrare nel mondo delle produzioni autoctone, dialogare con i produttori, riscoprire la storia e le tradizioni, trascorrere un weekend in natura. La rassegna \u00e8 ideata per mettere in luce le storie che raccontano le pi\u00f9 prestigiose produzioni enogastronomiche del territorio brindisino nel periodo autunnale. In programma, tra novembre dicembre, quattordici appuntamenti gratuiti per tutta la famiglia, ogni sabato e domenica. Sette weekend e sette produzioni eccellenti: Pomodoro Regina, vino, olio extravergine d&#8217;oliva, formaggi, cefalo, anguilla e salicornia, carciofo brindisino, prodotti da forno.<\/p>\n<p>&nbsp;<\/p>\n<p>Il prossimo appuntamento in calendario per \u201cAssaggi e paesaggi\u201d \u00e8 sabato 30 e domenica 31 dicembre con \u201cI prodotti da forno\u201d, dai campi di grano del Parco Dune Costiere di Ostuni fino al Panificio Santa Maria.<\/p>\n<p>&nbsp;<\/p>\n<p>L&#8217;attivit\u00e0 si svolge anche in caso di pioggia.<br \/>\nLa rassegna \u00e8 ideata per soddisfare le esigenze di famiglie con bambini (disponibilit\u00e0 di seggiolini e biciclette per i pi\u00f9 piccoli). Gli assaggi di prodotti tipici sono ideati per accontentare l&#8217;esperienza enogastronomica di vegetariani, vegani e bambini.<br \/>\nPartenza ore 9:30. Gratuito, su prenotazione al numero: 339-1338519<\/p>\n","protected":false},"excerpt":{"rendered":"<p>Sabato 16 e domenica 17 novembre ritorna, per il sesto weekend, \u201cAssaggi e paesaggi\u201d, la rassegna organizzata dalla cooperativa Madera (www.maderamedia.com) nell&#8217;ambito dell&#8217;iniziativa regionale InPuglia 365 \u201cSapori e colori d&#8217;autunno\u201d, per far conoscere attraverso le escursioni in natura, i tesori naturalistici ed enogastronomici del territorio. Il protagonista della due giorni \u00e8 uno dei prodotti di punta dell&#8217;agricoltura locale, il carciofo brindisino. &nbsp; Il nuovo appuntamento di \u201cAssaggi e paesaggi\u201d conduce i visitatori di tutte le et\u00e0 nelle campagne dell&#8217;agro brindisino, presso l&#8217;Azienda agricola Lillo. Si parte alla scoperta della filiera produttiva del carciofo, per scoprirne tre qualit\u00e0, storia, peculiarit\u00e0, filiera produttiva e percorso dal campo alla tavola. L&#8217;incontro prevede una passeggiata in natura fra campi coltivati a ortaggi e ulivi secolari dediti alla produzione di olio extravergine d&#8217;oliva, sotto l&#8217;eccezionale guida dei proprietari dell&#8217;azienda Lillo che, al termine del percorso, accolgono gli ospiti in masseria per una degustazione guidata delle loro migliori produzioni. Dalle birre, ai sott&#8217;oli, dai pat\u00e9 all&#8217;olio extravergine: l&#8217;appuntamento \u00e8 un viaggio nel cuore delle eccellenze agroalimentari&#8230;<\/p>\n","protected":false},"author":2,"featured_media":120747,"comment_status":"open","ping_status":"closed","sticky":false,"template":"","format":"standard","meta":{"footnotes":""},"categories":[189],"tags":[5212],"class_list":["post-120746","post","type-post","status-publish","format-standard","has-post-thumbnail","hentry","category-musica-2","tag-assaggi-e-paesaggi"],"_links":{"self":[{"href":"https:\/\/www.brundisium.net\/index.php\/wp-json\/wp\/v2\/posts\/120746","targetHints":{"allow":["GET"]}}],"collection":[{"href":"https:\/\/www.brundisium.net\/index.php\/wp-json\/wp\/v2\/posts"}],"about":[{"href":"https:\/\/www.brundisium.net\/index.php\/wp-json\/wp\/v2\/types\/post"}],"author":[{"embeddable":true,"href":"https:\/\/www.brundisium.net\/index.php\/wp-json\/wp\/v2\/users\/2"}],"replies":[{"embeddable":true,"href":"https:\/\/www.brundisium.net\/index.php\/wp-json\/wp\/v2\/comments?post=120746"}],"version-history":[{"count":1,"href":"https:\/\/www.brundisium.net\/index.php\/wp-json\/wp\/v2\/posts\/120746\/revisions"}],"predecessor-version":[{"id":120748,"href":"https:\/\/www.brundisium.net\/index.php\/wp-json\/wp\/v2\/posts\/120746\/revisions\/120748"}],"wp:featuredmedia":[{"embeddable":true,"href":"https:\/\/www.brundisium.net\/index.php\/wp-json\/wp\/v2\/media\/120747"}],"wp:attachment":[{"href":"https:\/\/www.brundisium.net\/index.php\/wp-json\/wp\/v2\/media?parent=120746"}],"wp:term":[{"taxonomy":"category","embeddable":true,"href":"https:\/\/www.brundisium.net\/index.php\/wp-json\/wp\/v2\/categories?post=120746"},{"taxonomy":"post_tag","embeddable":true,"href":"https:\/\/www.brundisium.net\/index.php\/wp-json\/wp\/v2\/tags?post=120746"}],"curies":[{"name":"wp","href":"https:\/\/api.w.org\/{rel}","templated":true}]}}