{"id":120862,"date":"2017-12-15T15:50:34","date_gmt":"2017-12-15T14:50:34","guid":{"rendered":"http:\/\/www.brundisium.net\/?p=120862"},"modified":"2017-12-15T18:01:39","modified_gmt":"2017-12-15T17:01:39","slug":"gli-uffici-della-provincia-di-brindisi-chiusi-il-pomeriggio-dal-27-dicembre-a-5-gennaio","status":"publish","type":"post","link":"https:\/\/www.brundisium.net\/index.php\/gli-uffici-della-provincia-di-brindisi-chiusi-il-pomeriggio-dal-27-dicembre-a-5-gennaio\/","title":{"rendered":"Gli uffici della Provincia di Brindisi chiusi il pomeriggio dal 27 dicembre a 5 gennaio"},"content":{"rendered":"<p>Oggetto: In previsione di una minore affluenza di utenza e di minore presenza di dipendenti provinciali nel particolare periodo delle festivit\u00e0 natalizie, sentito il Presidente ed acquisito il parere del Segretario e dei Dirigenti, si dispone che, dal 27 dicembre 2017 al 05 gennaio 2018 (escluso marted\u00ec 2 gennaio, in cui sar\u00e0 osservato l\u2019orario di apertura consueto sino alle ore 19,00), il Palazzo della Provincia sar\u00e0 aperto sino alle ore 15,00.<\/p>\n<p>Si invita ad organizzare le attivit\u00e0 interne in funzione di tale articolazione oraria cui si atterr\u00e0 il personale preposto al servizio di portineria.<\/p>\n<p>La presente comunicazione si dispone sia pubblicata sul web e diffusa a mezzo stampa e pubblicata in portineria perch\u00e9 ne sia data efficace diffusione tra gli utenti.<\/p>\n","protected":false},"excerpt":{"rendered":"<p>Oggetto: In previsione di una minore affluenza di utenza e di minore presenza di dipendenti provinciali nel particolare periodo delle festivit\u00e0 natalizie, sentito il Presidente ed acquisito il parere del Segretario e dei Dirigenti, si dispone che, dal 27 dicembre 2017 al 05 gennaio 2018 (escluso marted\u00ec 2 gennaio, in cui sar\u00e0 osservato l\u2019orario di apertura consueto sino alle ore 19,00), il Palazzo della Provincia sar\u00e0 aperto sino alle ore 15,00. Si invita ad organizzare le attivit\u00e0 interne in funzione di tale articolazione oraria cui si atterr\u00e0 il personale preposto al servizio di portineria. La presente comunicazione si dispone sia pubblicata sul web e diffusa a mezzo stampa e pubblicata in portineria perch\u00e9 ne sia data efficace diffusione tra gli utenti.<\/p>\n","protected":false},"author":2,"featured_media":20602,"comment_status":"open","ping_status":"closed","sticky":false,"template":"","format":"standard","meta":{"footnotes":""},"categories":[7],"tags":[32],"class_list":["post-120862","post","type-post","status-publish","format-standard","has-post-thumbnail","hentry","category-news","tag-provincia-di-brindisi"],"_links":{"self":[{"href":"https:\/\/www.brundisium.net\/index.php\/wp-json\/wp\/v2\/posts\/120862","targetHints":{"allow":["GET"]}}],"collection":[{"href":"https:\/\/www.brundisium.net\/index.php\/wp-json\/wp\/v2\/posts"}],"about":[{"href":"https:\/\/www.brundisium.net\/index.php\/wp-json\/wp\/v2\/types\/post"}],"author":[{"embeddable":true,"href":"https:\/\/www.brundisium.net\/index.php\/wp-json\/wp\/v2\/users\/2"}],"replies":[{"embeddable":true,"href":"https:\/\/www.brundisium.net\/index.php\/wp-json\/wp\/v2\/comments?post=120862"}],"version-history":[{"count":1,"href":"https:\/\/www.brundisium.net\/index.php\/wp-json\/wp\/v2\/posts\/120862\/revisions"}],"predecessor-version":[{"id":120866,"href":"https:\/\/www.brundisium.net\/index.php\/wp-json\/wp\/v2\/posts\/120862\/revisions\/120866"}],"wp:featuredmedia":[{"embeddable":true,"href":"https:\/\/www.brundisium.net\/index.php\/wp-json\/wp\/v2\/media\/20602"}],"wp:attachment":[{"href":"https:\/\/www.brundisium.net\/index.php\/wp-json\/wp\/v2\/media?parent=120862"}],"wp:term":[{"taxonomy":"category","embeddable":true,"href":"https:\/\/www.brundisium.net\/index.php\/wp-json\/wp\/v2\/categories?post=120862"},{"taxonomy":"post_tag","embeddable":true,"href":"https:\/\/www.brundisium.net\/index.php\/wp-json\/wp\/v2\/tags?post=120862"}],"curies":[{"name":"wp","href":"https:\/\/api.w.org\/{rel}","templated":true}]}}