{"id":12094,"date":"2014-04-30T08:26:17","date_gmt":"2014-04-30T06:26:17","guid":{"rendered":"http:\/\/www.brundisium.net\/brun\/?p=12094"},"modified":"2014-04-30T10:28:32","modified_gmt":"2014-04-30T08:28:32","slug":"lab-dem-si-mobilita-per-il-sostegno-a-pittella","status":"publish","type":"post","link":"https:\/\/www.brundisium.net\/index.php\/lab-dem-si-mobilita-per-il-sostegno-a-pittella\/","title":{"rendered":"Lab Dem si mobilita per il sostegno a Pittella"},"content":{"rendered":"<p>Il Laboratorio Democratico Puglia e della provincia brindisina \u00e8 sempre pi\u00f9 mobilitato, in questo periodo che separa dalle ormai prossime elezioni europee del 25 maggio. Un impegno nelle realt\u00e0 territoriali pugliesi, per il pieno sostegno alla candidatura di Gianni Pittella al Parlamento Europeo e per un confronto con i cittadini e gli elettori del Partito Democratico.<br \/>\nGi\u00e0, il LabDem, la \u201c costola operativa\u201d del Partito Democratico, che ha l\u2019 obiettivo di organizzare iniziative tendenti a far capire l\u2019 importanza delle Europee, per il futuro dell\u2019 Italia e di un Sud, come dice l\u2019 on. Gianni Pittella , che deve essere protagonista. Ieri pomeriggio, presso la sede della federazione provinciale del Partito Democratico in Via Osanna, si \u00e8 riunito il Coordinamento Provinciale, alla presente della referente Anna Maria Scalera e del Coordinatore Regionale Mino Carriero.<br \/>\n\u201cL\u2019 iniziativa con Gianni Pittella a Brindisi di domenica scorsa \u00e8 l\u2019esempio di come e quanto la gente abbia fiducia in lui e della determinazione e compattezza del Partito Democratico soprattutto nei momenti pi\u00f9 importanti- ha dichiarato Anna Maria Scalera. Dobbiamo ringraziare Antonio Elefante e la segreteria cittadina per l\u2019 enorme e significativo contributo fornito ad una delle tappe di Pittella in terra di Puglia. Dobbiamo fare molto di pi\u00f9 nel far capire agli elettori del Pd, ai circoli della provincia, l\u2019 importanza politica e non solo delle elezioni europee, sono convinta che ci riusciremo.<br \/>\nIntanto oggi pomeriggio, a Mesagne, alle 17.30, presso l\u2019 Auditorium del Castello, interessante iniziativa che vede protagonisti il Pd Mesagne e il LabDem. \u201cFormazione \u2013 informazione europeista \u201c, un\u2019 incontro con la cittadinanza sulle tematiche e problematiche di stretta attualit\u00e0.<\/p>\n<p>&nbsp;<\/p>\n<p><strong>COMUNICATO STAMPA LABDEM BRINDISI<\/strong><\/p>\n","protected":false},"excerpt":{"rendered":"<p>Il Laboratorio Democratico Puglia e della provincia brindisina \u00e8 sempre pi\u00f9 mobilitato, in questo periodo che separa dalle ormai prossime elezioni europee del 25 maggio. Un impegno nelle realt\u00e0 territoriali pugliesi, per il pieno sostegno alla candidatura di Gianni Pittella al Parlamento Europeo e per un confronto con i cittadini e gli elettori del Partito Democratico. Gi\u00e0, il LabDem, la \u201c costola operativa\u201d del Partito Democratico, che ha l\u2019 obiettivo di organizzare iniziative tendenti a far capire l\u2019 importanza delle Europee, per il futuro dell\u2019 Italia e di un Sud, come dice l\u2019 on. Gianni Pittella , che deve essere protagonista. Ieri pomeriggio, presso la sede della federazione provinciale del Partito Democratico in Via Osanna, si \u00e8 riunito il Coordinamento Provinciale, alla presente della referente Anna Maria Scalera e del Coordinatore Regionale Mino Carriero. \u201cL\u2019 iniziativa con Gianni Pittella a Brindisi di domenica scorsa \u00e8 l\u2019esempio di come e quanto la gente abbia fiducia in lui e della determinazione e compattezza del Partito Democratico soprattutto nei momenti pi\u00f9 importanti- ha&#8230;<\/p>\n","protected":false},"author":2,"featured_media":12096,"comment_status":"open","ping_status":"open","sticky":false,"template":"","format":"standard","meta":{"footnotes":""},"categories":[7],"tags":[1765,1829,1212],"class_list":["post-12094","post","type-post","status-publish","format-standard","has-post-thumbnail","hentry","category-news","tag-elezioni-europee","tag-lab-dem","tag-pittella"],"_links":{"self":[{"href":"https:\/\/www.brundisium.net\/index.php\/wp-json\/wp\/v2\/posts\/12094","targetHints":{"allow":["GET"]}}],"collection":[{"href":"https:\/\/www.brundisium.net\/index.php\/wp-json\/wp\/v2\/posts"}],"about":[{"href":"https:\/\/www.brundisium.net\/index.php\/wp-json\/wp\/v2\/types\/post"}],"author":[{"embeddable":true,"href":"https:\/\/www.brundisium.net\/index.php\/wp-json\/wp\/v2\/users\/2"}],"replies":[{"embeddable":true,"href":"https:\/\/www.brundisium.net\/index.php\/wp-json\/wp\/v2\/comments?post=12094"}],"version-history":[{"count":0,"href":"https:\/\/www.brundisium.net\/index.php\/wp-json\/wp\/v2\/posts\/12094\/revisions"}],"wp:featuredmedia":[{"embeddable":true,"href":"https:\/\/www.brundisium.net\/index.php\/wp-json\/wp\/v2\/media\/12096"}],"wp:attachment":[{"href":"https:\/\/www.brundisium.net\/index.php\/wp-json\/wp\/v2\/media?parent=12094"}],"wp:term":[{"taxonomy":"category","embeddable":true,"href":"https:\/\/www.brundisium.net\/index.php\/wp-json\/wp\/v2\/categories?post=12094"},{"taxonomy":"post_tag","embeddable":true,"href":"https:\/\/www.brundisium.net\/index.php\/wp-json\/wp\/v2\/tags?post=12094"}],"curies":[{"name":"wp","href":"https:\/\/api.w.org\/{rel}","templated":true}]}}