{"id":121274,"date":"2017-12-19T19:29:19","date_gmt":"2017-12-19T18:29:19","guid":{"rendered":"http:\/\/www.brundisium.net\/?p=121274"},"modified":"2017-12-19T19:33:09","modified_gmt":"2017-12-19T18:33:09","slug":"brindisi-gia-capitale-ditalia-giovedi-si-presenta-la-proposta-di-legge-presentata-da-forza-italia","status":"publish","type":"post","link":"https:\/\/www.brundisium.net\/index.php\/brindisi-gia-capitale-ditalia-giovedi-si-presenta-la-proposta-di-legge-presentata-da-forza-italia\/","title":{"rendered":"Brindisi gi\u00e0 capitale d&#8217;Italia: gioved\u00ec si presenta la proposta di legge presentata da Forza Italia"},"content":{"rendered":"<p>Si terr\u00e0 Gioved\u00ec 21 dicembre alle ore 11.30 presso l\u2019Hotel Internazionale di Brindisi, la conferenza stampa di esposizione dei contenuti della proposta di legge presentata alla Camera dei Deputati sul conferimento del titolo di \u201ccitt\u00e0 gi\u00e0 capitale d\u2019Italia\u201d alla citt\u00e0 di Brindisi.<\/p>\n<p>Interverranno:<\/p>\n<p>l\u2019on. Elvira SAVINO, parlamentare di Forza Italia e presentatrice della proposta di legge;<\/p>\n<p>l\u2019on. Luigi VITALI, coordinatore regionale di Forza Italia Puglia;<\/p>\n<p>Mauro D\u2019ATTIS, membro del Comitato delle Regioni e promotore della iniziativa;<\/p>\n<p>Ernestina SICILIA, coordinatore cittadino di Forza Italia di Brindisi;<\/p>\n<p>Antonio ANDRISANO, coordinatore provinciale di Forza Italia di Brindisi.<\/p>\n<p>Saranno invitati a presenziare tutti coloro che negli anni hanno sostenuto le iniziative pubbliche a sostegno della tesi rappresentata nella proposta di legge.<\/p>\n<p>COMUNICATO STAMPA DI FORZA ITALIA DI BRINDISI<\/p>\n","protected":false},"excerpt":{"rendered":"<p>Si terr\u00e0 Gioved\u00ec 21 dicembre alle ore 11.30 presso l\u2019Hotel Internazionale di Brindisi, la conferenza stampa di esposizione dei contenuti della proposta di legge presentata alla Camera dei Deputati sul conferimento del titolo di \u201ccitt\u00e0 gi\u00e0 capitale d\u2019Italia\u201d alla citt\u00e0 di Brindisi. Interverranno: l\u2019on. Elvira SAVINO, parlamentare di Forza Italia e presentatrice della proposta di legge; l\u2019on. Luigi VITALI, coordinatore regionale di Forza Italia Puglia; Mauro D\u2019ATTIS, membro del Comitato delle Regioni e promotore della iniziativa; Ernestina SICILIA, coordinatore cittadino di Forza Italia di Brindisi; Antonio ANDRISANO, coordinatore provinciale di Forza Italia di Brindisi. Saranno invitati a presenziare tutti coloro che negli anni hanno sostenuto le iniziative pubbliche a sostegno della tesi rappresentata nella proposta di legge. COMUNICATO STAMPA DI FORZA ITALIA DI BRINDISI<\/p>\n","protected":false},"author":2,"featured_media":121275,"comment_status":"open","ping_status":"closed","sticky":false,"template":"","format":"standard","meta":{"footnotes":""},"categories":[7],"tags":[250],"class_list":["post-121274","post","type-post","status-publish","format-standard","has-post-thumbnail","hentry","category-news","tag-forza-italia"],"_links":{"self":[{"href":"https:\/\/www.brundisium.net\/index.php\/wp-json\/wp\/v2\/posts\/121274","targetHints":{"allow":["GET"]}}],"collection":[{"href":"https:\/\/www.brundisium.net\/index.php\/wp-json\/wp\/v2\/posts"}],"about":[{"href":"https:\/\/www.brundisium.net\/index.php\/wp-json\/wp\/v2\/types\/post"}],"author":[{"embeddable":true,"href":"https:\/\/www.brundisium.net\/index.php\/wp-json\/wp\/v2\/users\/2"}],"replies":[{"embeddable":true,"href":"https:\/\/www.brundisium.net\/index.php\/wp-json\/wp\/v2\/comments?post=121274"}],"version-history":[{"count":1,"href":"https:\/\/www.brundisium.net\/index.php\/wp-json\/wp\/v2\/posts\/121274\/revisions"}],"predecessor-version":[{"id":121276,"href":"https:\/\/www.brundisium.net\/index.php\/wp-json\/wp\/v2\/posts\/121274\/revisions\/121276"}],"wp:featuredmedia":[{"embeddable":true,"href":"https:\/\/www.brundisium.net\/index.php\/wp-json\/wp\/v2\/media\/121275"}],"wp:attachment":[{"href":"https:\/\/www.brundisium.net\/index.php\/wp-json\/wp\/v2\/media?parent=121274"}],"wp:term":[{"taxonomy":"category","embeddable":true,"href":"https:\/\/www.brundisium.net\/index.php\/wp-json\/wp\/v2\/categories?post=121274"},{"taxonomy":"post_tag","embeddable":true,"href":"https:\/\/www.brundisium.net\/index.php\/wp-json\/wp\/v2\/tags?post=121274"}],"curies":[{"name":"wp","href":"https:\/\/api.w.org\/{rel}","templated":true}]}}