{"id":121500,"date":"2017-12-22T12:15:46","date_gmt":"2017-12-22T11:15:46","guid":{"rendered":"http:\/\/www.brundisium.net\/?p=121500"},"modified":"2017-12-22T12:15:46","modified_gmt":"2017-12-22T11:15:46","slug":"72018-magazine-arriva-il-nuovo-magazine-del-comune-di-san-michele-salentino","status":"publish","type":"post","link":"https:\/\/www.brundisium.net\/index.php\/72018-magazine-arriva-il-nuovo-magazine-del-comune-di-san-michele-salentino\/","title":{"rendered":"72018 Magazine: arriva il nuovo magazine del Comune di San Michele Salentino"},"content":{"rendered":"<p><a href=\"http:\/\/www.brundisium.net\/brun\/wp-content\/uploads\/2017\/12\/copertina-fronte.jpg\"><img loading=\"lazy\" decoding=\"async\" class=\"alignright size-medium wp-image-121501\" src=\"http:\/\/www.brundisium.net\/brun\/wp-content\/uploads\/2017\/12\/copertina-fronte-209x300.jpg\" alt=\"\" width=\"209\" height=\"300\" srcset=\"https:\/\/www.brundisium.net\/brun\/wp-content\/uploads\/2017\/12\/copertina-fronte-209x300.jpg 209w, https:\/\/www.brundisium.net\/brun\/wp-content\/uploads\/2017\/12\/copertina-fronte.jpg 598w\" sizes=\"auto, (max-width: 209px) 100vw, 209px\" \/><\/a>\u00a0E\u2019 stato presentato ieri, in conferenza stampa, dal Sindaco Giovanni Allegrini, il nuovo giornale del Comune, \u201c72018 Magazine\u201d, che sostituisce il precedente bimestrale \u201cIl Comune Informa\u201d.<\/p>\n<p>&nbsp;<\/p>\n<p>La nuova linea editoriale del giornale, sempre nella forma del bimestrale, improntata dall\u2019Ufficio Comunicazione Istituzionale del Comune diretto dalla giornalista Adele Galetta e voluta dal primo cittadino, va verso la direzione della collaborazione e partecipazione di tutti i soggetti attivi della Comunit\u00e0.<\/p>\n<p>&nbsp;<\/p>\n<p>\u201cProprio perch\u00e9 stampato con soldi pubblici \u2013 ha spiegato Allegrini \u2013 questo giornale deve essere di tutti e per tutti e gi\u00e0 la scelta del nome \u00e8 chiara. Non sar\u00e0 il giornale dell\u2019Amministrazione Allegrini ma sar\u00e0 e deve essere il giornale della Comunit\u00e0 di San Michele Salentino, a cui tutti i concittadini, associazioni, Enti ed Istituzioni devono contribuire con idee e consigli. Sar\u00e0 uno strumento non solo per i cittadini ma anche per tutti coloro che vorranno conoscere il nostro territorio intriso di storia e cultura cittadina, gastronomica e commerciale\u201d.<\/p>\n<p>&nbsp;<\/p>\n<p><a href=\"http:\/\/www.brundisium.net\/brun\/wp-content\/uploads\/2017\/12\/calendario.jpg\"><img loading=\"lazy\" decoding=\"async\" class=\"size-medium wp-image-121502 alignleft\" src=\"http:\/\/www.brundisium.net\/brun\/wp-content\/uploads\/2017\/12\/calendario-215x300.jpg\" alt=\"\" width=\"215\" height=\"300\" srcset=\"https:\/\/www.brundisium.net\/brun\/wp-content\/uploads\/2017\/12\/calendario-215x300.jpg 215w, https:\/\/www.brundisium.net\/brun\/wp-content\/uploads\/2017\/12\/calendario.jpg 716w\" sizes=\"auto, (max-width: 215px) 100vw, 215px\" \/><br \/>\n<\/a>Nel primo numero del magazine si possono trovare rubriche che riguardano i progetti scolastici e sportivi, un\u2019ampia vetrina sugli aspetti enogastronomici, con ricette e curiosit\u00e0 del territorio sammichelano ed uno spazio per gli amici a quattro zampe.<br \/>\nPer l\u2019aspetto prettamente politico-amministrativo, si pu\u00f2 leggere l\u2019intervista al primo cittadino sui progetti che l\u2019Amministrazione metter\u00e0 in campo nei prossimi mesi. Non mancheranno, come gi\u00e0 previsto in questo numero, gli aspetti legati ai servizi al cittadino nonch\u00e9 l\u2019attenzione verso gli esponenti della cultura locale.<\/p>\n<p>&nbsp;<\/p>\n<p>Inoltre, per questa prima uscita, in allegato il calendario 2018 raffigurante una storica foto di Piazza Marconi, gentilmente offerta dal Prof. Vincenzo Palmisano.<\/p>\n<p>&nbsp;<\/p>\n<p>\u201cSono contento \u2013 ha concluso Allegrini \u2013 che l\u2019opposizione sia uscita con un suo giornale, perch\u00e9 arricchisce ancora di pi\u00f9 il ventaglio di notizie a disposizione dei nostri concittadini che potranno valutare, anche con questo strumento, l\u2019operato di questa Amministrazione. Mi auguro solo che le notizie riportate siano sempre vere e reali\u201d.<br \/>\n\u201c72018 Magazine\u201d \u00e8 in distribuzione gratuita in 1500 copie cartacee in tutte le attivit\u00e0 della Comunit\u00e0, sul sito del Comune e on line sulla pagina Facebook.<\/p>\n<p>Per chi volesse inviare notizie, fatti e curiosit\u00e0 o sponsorizzare il giornale pu\u00f2 inviare una email a: ufficiostampa@comune.sanmichelesal.br.it<\/p>\n","protected":false},"excerpt":{"rendered":"<p>\u00a0E\u2019 stato presentato ieri, in conferenza stampa, dal Sindaco Giovanni Allegrini, il nuovo giornale del Comune, \u201c72018 Magazine\u201d, che sostituisce il precedente bimestrale \u201cIl Comune Informa\u201d. &nbsp; La nuova linea editoriale del giornale, sempre nella forma del bimestrale, improntata dall\u2019Ufficio Comunicazione Istituzionale del Comune diretto dalla giornalista Adele Galetta e voluta dal primo cittadino, va verso la direzione della collaborazione e partecipazione di tutti i soggetti attivi della Comunit\u00e0. &nbsp; \u201cProprio perch\u00e9 stampato con soldi pubblici \u2013 ha spiegato Allegrini \u2013 questo giornale deve essere di tutti e per tutti e gi\u00e0 la scelta del nome \u00e8 chiara. Non sar\u00e0 il giornale dell\u2019Amministrazione Allegrini ma sar\u00e0 e deve essere il giornale della Comunit\u00e0 di San Michele Salentino, a cui tutti i concittadini, associazioni, Enti ed Istituzioni devono contribuire con idee e consigli. Sar\u00e0 uno strumento non solo per i cittadini ma anche per tutti coloro che vorranno conoscere il nostro territorio intriso di storia e cultura cittadina, gastronomica e commerciale\u201d. &nbsp; Nel primo numero del magazine si possono trovare rubriche&#8230;<\/p>\n","protected":false},"author":2,"featured_media":121501,"comment_status":"open","ping_status":"closed","sticky":false,"template":"","format":"standard","meta":{"footnotes":""},"categories":[700],"tags":[830],"class_list":["post-121500","post","type-post","status-publish","format-standard","has-post-thumbnail","hentry","category-cinema","tag-san-michele-salentino"],"_links":{"self":[{"href":"https:\/\/www.brundisium.net\/index.php\/wp-json\/wp\/v2\/posts\/121500","targetHints":{"allow":["GET"]}}],"collection":[{"href":"https:\/\/www.brundisium.net\/index.php\/wp-json\/wp\/v2\/posts"}],"about":[{"href":"https:\/\/www.brundisium.net\/index.php\/wp-json\/wp\/v2\/types\/post"}],"author":[{"embeddable":true,"href":"https:\/\/www.brundisium.net\/index.php\/wp-json\/wp\/v2\/users\/2"}],"replies":[{"embeddable":true,"href":"https:\/\/www.brundisium.net\/index.php\/wp-json\/wp\/v2\/comments?post=121500"}],"version-history":[{"count":1,"href":"https:\/\/www.brundisium.net\/index.php\/wp-json\/wp\/v2\/posts\/121500\/revisions"}],"predecessor-version":[{"id":121503,"href":"https:\/\/www.brundisium.net\/index.php\/wp-json\/wp\/v2\/posts\/121500\/revisions\/121503"}],"wp:featuredmedia":[{"embeddable":true,"href":"https:\/\/www.brundisium.net\/index.php\/wp-json\/wp\/v2\/media\/121501"}],"wp:attachment":[{"href":"https:\/\/www.brundisium.net\/index.php\/wp-json\/wp\/v2\/media?parent=121500"}],"wp:term":[{"taxonomy":"category","embeddable":true,"href":"https:\/\/www.brundisium.net\/index.php\/wp-json\/wp\/v2\/categories?post=121500"},{"taxonomy":"post_tag","embeddable":true,"href":"https:\/\/www.brundisium.net\/index.php\/wp-json\/wp\/v2\/tags?post=121500"}],"curies":[{"name":"wp","href":"https:\/\/api.w.org\/{rel}","templated":true}]}}