{"id":121522,"date":"2017-12-22T22:24:31","date_gmt":"2017-12-22T21:24:31","guid":{"rendered":"http:\/\/www.brundisium.net\/?p=121522"},"modified":"2017-12-26T16:46:20","modified_gmt":"2017-12-26T15:46:20","slug":"nuova-governance-dellaerospazio-e-legge-approvato-ddl-del-sen-tomaselli","status":"publish","type":"post","link":"https:\/\/www.brundisium.net\/index.php\/nuova-governance-dellaerospazio-e-legge-approvato-ddl-del-sen-tomaselli\/","title":{"rendered":"Nuova Governance dell\u2019aerospazio \u00e8 legge: approvato Ddl del Sen. Tomaselli"},"content":{"rendered":"<p>E\u2019 stato approvato definitivamente oggi dalla Camera dei deputati il disegno di legge di riordino delle competenze governative in materia di politiche spaziali e aerospaziali. Ne d\u00e0 notizia il senatore PD Salvatore Tomaselli, primo firmatario del disegno di legge approvato a larghissima maggioranza.<\/p>\n<p>&nbsp;<\/p>\n<p>\u201cSono particolarmente orgoglioso per aver contribuito con questa mia proposta, divenuta oggi legge, a rafforzare le politiche pubbliche di sostegno all\u2019aerospazio, un settore che rappresenta sempre di pi\u00f9 negli ultimi anni una grande opportunit\u00e0 per il sistema Paese. Si tratta di un settore che si basa su dinamiche interdisciplinari: a partire dalla ricerca, fino alle politiche industriali e a tutto il mondo delle applicazioni e che produce occupazione qualificata e duratura. \u00c8 per questo motivo che con questo provvedimento si intende garantire alle politiche spaziali una governance ancora pi\u00f9 autorevole, unitaria e integrata\u201d, dichiara Tomaselli.<\/p>\n<p>&nbsp;<\/p>\n<p>La nuova legge prevede, infatti, l\u2019attribuzione alla Presidenza del Consiglio della direzione e del coordinamento delle politiche spaziali e aerospaziali e, in particolare, istituisce il Comitato interministeriale a cui viene attribuito il compito di definire gli indirizzi del Governo in materia, con riferimento anche alla ricerca, all\u2019innovazione tecnologica e alle ricadute sul settore produttivo: il Comitato promuover\u00e0, altres\u00ec, lo sviluppo dei programmi spaziali e aerospaziali che coinvolgono aspetti di sicurezza nazionale, ma che avranno ricadute positive anche nei servizi di pubblica utilit\u00e0, soprattutto per ambiente, trasporti e telecomunicazioni.<\/p>\n<p>&nbsp;<\/p>\n<p>Lo stesso Comitato, inoltre, avr\u00e0 il compito di indirizzare e supportare l\u2019Agenzia Spaziale Italiana nella definizione di accordi internazionali e nelle relazioni con i diversi organismi internazionali, definendo anche il quadro delle risorse finanziarie per il settore ed avr\u00e0 altres\u00ec l\u2019obiettivo di promuovere lo sviluppo e il potenziamento tecnologico delle piccole e medie imprese, la cui articolazione distrettuale \u00e8 particolarmente radicata in larga parte del paese a cominciare dalla Puglia.<\/p>\n<p>&nbsp;<\/p>\n<p>\u201cL\u2019ASI, anche tramite la partecipazione al comitato interministeriale, assurger\u00e0 a soggetto fondamentale in termini di governance generale del sistema, fungendo da raccordo tra il sistema industriale e della ricerca e tutte le istituzioni nazionali e internazionali. Ritengo, infatti, che il futuro di tutto il comparto spaziale sar\u00e0 legato ancora di pi\u00f9, nei prossimi anni, alla collaborazione internazionale e soprattutto ad una dimensione europea del settore\u201d, sostiene Tomaselli.<\/p>\n<p>&nbsp;<\/p>\n<p>\u201cIn una giornata cos\u00ec importante per un settore cos\u00ec decisivo per la competitivit\u00e0 del nostro paese, voglio ringraziare, oltre ai colleghi senatori e deputati che hanno concorso alla approvazione della legge, il Gen. Carlo Magrassi e il Col. Paolo Puri, il Presidente dell\u2019Agenzia Spaziale Italiana Prof. Roberto Battiston, le associazioni di settore e le imprese: tutti ci hanno incoraggiato e aiutato in questo cos\u00ec importante lavoro\u201d conclude Tomaselli.<\/p>\n<p>&nbsp;<\/p>\n<p>&nbsp;<\/p>\n<p>Sen. Salvatore Tomaselli<br \/>\nParlamentare del Partito Democratico<\/p>\n","protected":false},"excerpt":{"rendered":"<p>E\u2019 stato approvato definitivamente oggi dalla Camera dei deputati il disegno di legge di riordino delle competenze governative in materia di politiche spaziali e aerospaziali. Ne d\u00e0 notizia il senatore PD Salvatore Tomaselli, primo firmatario del disegno di legge approvato a larghissima maggioranza. &nbsp; \u201cSono particolarmente orgoglioso per aver contribuito con questa mia proposta, divenuta oggi legge, a rafforzare le politiche pubbliche di sostegno all\u2019aerospazio, un settore che rappresenta sempre di pi\u00f9 negli ultimi anni una grande opportunit\u00e0 per il sistema Paese. Si tratta di un settore che si basa su dinamiche interdisciplinari: a partire dalla ricerca, fino alle politiche industriali e a tutto il mondo delle applicazioni e che produce occupazione qualificata e duratura. \u00c8 per questo motivo che con questo provvedimento si intende garantire alle politiche spaziali una governance ancora pi\u00f9 autorevole, unitaria e integrata\u201d, dichiara Tomaselli. &nbsp; La nuova legge prevede, infatti, l\u2019attribuzione alla Presidenza del Consiglio della direzione e del coordinamento delle politiche spaziali e aerospaziali e, in particolare, istituisce il Comitato interministeriale a cui viene&#8230;<\/p>\n","protected":false},"author":2,"featured_media":82008,"comment_status":"open","ping_status":"closed","sticky":false,"template":"","format":"standard","meta":{"footnotes":""},"categories":[7],"tags":[4012,116],"class_list":["post-121522","post","type-post","status-publish","format-standard","has-post-thumbnail","hentry","category-news","tag-aerospazio","tag-tomaselli"],"_links":{"self":[{"href":"https:\/\/www.brundisium.net\/index.php\/wp-json\/wp\/v2\/posts\/121522","targetHints":{"allow":["GET"]}}],"collection":[{"href":"https:\/\/www.brundisium.net\/index.php\/wp-json\/wp\/v2\/posts"}],"about":[{"href":"https:\/\/www.brundisium.net\/index.php\/wp-json\/wp\/v2\/types\/post"}],"author":[{"embeddable":true,"href":"https:\/\/www.brundisium.net\/index.php\/wp-json\/wp\/v2\/users\/2"}],"replies":[{"embeddable":true,"href":"https:\/\/www.brundisium.net\/index.php\/wp-json\/wp\/v2\/comments?post=121522"}],"version-history":[{"count":1,"href":"https:\/\/www.brundisium.net\/index.php\/wp-json\/wp\/v2\/posts\/121522\/revisions"}],"predecessor-version":[{"id":121523,"href":"https:\/\/www.brundisium.net\/index.php\/wp-json\/wp\/v2\/posts\/121522\/revisions\/121523"}],"wp:featuredmedia":[{"embeddable":true,"href":"https:\/\/www.brundisium.net\/index.php\/wp-json\/wp\/v2\/media\/82008"}],"wp:attachment":[{"href":"https:\/\/www.brundisium.net\/index.php\/wp-json\/wp\/v2\/media?parent=121522"}],"wp:term":[{"taxonomy":"category","embeddable":true,"href":"https:\/\/www.brundisium.net\/index.php\/wp-json\/wp\/v2\/categories?post=121522"},{"taxonomy":"post_tag","embeddable":true,"href":"https:\/\/www.brundisium.net\/index.php\/wp-json\/wp\/v2\/tags?post=121522"}],"curies":[{"name":"wp","href":"https:\/\/api.w.org\/{rel}","templated":true}]}}