{"id":121534,"date":"2017-12-23T10:03:23","date_gmt":"2017-12-23T09:03:23","guid":{"rendered":"http:\/\/www.brundisium.net\/?p=121534"},"modified":"2017-12-23T02:06:43","modified_gmt":"2017-12-23T01:06:43","slug":"la-junior-fasano-chiude-il-2017-con-il-derby-di-conversano","status":"publish","type":"post","link":"https:\/\/www.brundisium.net\/index.php\/la-junior-fasano-chiude-il-2017-con-il-derby-di-conversano\/","title":{"rendered":"La Junior Fasano chiude il 2017 con il derby di Conversano"},"content":{"rendered":"<p>Si conclude oggi, sabato 23 dicembre, con l\u2019attesissimo derby di Conversano, il 2017 della Junior Fasano, anno solare decisamente positivo per il sodalizio biancazzurro, la cui bacheca \u00e8 stata arricchita dalla terza Coppa Italia e dal titolo di vice-campione d\u2019Italia.<\/p>\n<p>&nbsp;<\/p>\n<p>Chiudere al meglio con una vittoria, che permetterebbe a Flavio Messina e compagni di restare al primo posto del girone C della Serie A, \u00e8 l\u2019obiettivo della formazione allenata da Francesco Ancona, comunque pienamente conscia della forza dell\u2019avversario, che ha terminato l\u2019andata al primo posto e che, unitamente alla Junior, \u00e8 praticamente gi\u00e0 certa della qualificazione alle Final Eight di Coppa Italia, alla Poule Play-Off per lo scudetto, ed al prossimo massimo campionato a girone unico.<\/p>\n<p>&nbsp;<\/p>\n<p>La sfida del Pala San Giacomo avr\u00e0 inizio alle ore 19, e sar\u00e0 arbitrata dai sig.ri Di Domenico-Fornasier, con la 5^ giornata di ritorno che sar\u00e0 completata dalle gare Benevento-Siracusa, Fondi-Noci, e Ragusa-Valentino Ferrara. Riposa il Gaeta.<\/p>\n<p>&nbsp;<\/p>\n<p>Si \u00e8 invece tenuta nel pomeriggio di ieri a Fasano la cerimonia d\u2019intitolazione di \u201cVia Campioni d\u2019Italia 2014\u201d, dedicata al primo storico scudetto conquistato tre anni fa dalla Junior Fasano. All\u2019evento hanno presenziato il sindaco Francesco Zaccaria, l\u2019assessore Luana Amati ed una delegazione del sodalizio biancazzurro, guidata dal presidente Francesco Renna, dal tecnico Francesco Ancona e dal capitano Flavio Messina.<\/p>\n<p>&nbsp;<\/p>\n<p>UFFICIO STAMPA JUNIOR FASANO<\/p>\n","protected":false},"excerpt":{"rendered":"<p>Si conclude oggi, sabato 23 dicembre, con l\u2019attesissimo derby di Conversano, il 2017 della Junior Fasano, anno solare decisamente positivo per il sodalizio biancazzurro, la cui bacheca \u00e8 stata arricchita dalla terza Coppa Italia e dal titolo di vice-campione d\u2019Italia. &nbsp; Chiudere al meglio con una vittoria, che permetterebbe a Flavio Messina e compagni di restare al primo posto del girone C della Serie A, \u00e8 l\u2019obiettivo della formazione allenata da Francesco Ancona, comunque pienamente conscia della forza dell\u2019avversario, che ha terminato l\u2019andata al primo posto e che, unitamente alla Junior, \u00e8 praticamente gi\u00e0 certa della qualificazione alle Final Eight di Coppa Italia, alla Poule Play-Off per lo scudetto, ed al prossimo massimo campionato a girone unico. &nbsp; La sfida del Pala San Giacomo avr\u00e0 inizio alle ore 19, e sar\u00e0 arbitrata dai sig.ri Di Domenico-Fornasier, con la 5^ giornata di ritorno che sar\u00e0 completata dalle gare Benevento-Siracusa, Fondi-Noci, e Ragusa-Valentino Ferrara. Riposa il Gaeta. &nbsp; Si \u00e8 invece tenuta nel pomeriggio di ieri a Fasano la cerimonia d\u2019intitolazione di&#8230;<\/p>\n","protected":false},"author":2,"featured_media":113255,"comment_status":"open","ping_status":"closed","sticky":false,"template":"","format":"standard","meta":{"footnotes":""},"categories":[263],"tags":[264],"class_list":["post-121534","post","type-post","status-publish","format-standard","has-post-thumbnail","hentry","category-pallamano","tag-junior-fasano"],"_links":{"self":[{"href":"https:\/\/www.brundisium.net\/index.php\/wp-json\/wp\/v2\/posts\/121534","targetHints":{"allow":["GET"]}}],"collection":[{"href":"https:\/\/www.brundisium.net\/index.php\/wp-json\/wp\/v2\/posts"}],"about":[{"href":"https:\/\/www.brundisium.net\/index.php\/wp-json\/wp\/v2\/types\/post"}],"author":[{"embeddable":true,"href":"https:\/\/www.brundisium.net\/index.php\/wp-json\/wp\/v2\/users\/2"}],"replies":[{"embeddable":true,"href":"https:\/\/www.brundisium.net\/index.php\/wp-json\/wp\/v2\/comments?post=121534"}],"version-history":[{"count":1,"href":"https:\/\/www.brundisium.net\/index.php\/wp-json\/wp\/v2\/posts\/121534\/revisions"}],"predecessor-version":[{"id":121535,"href":"https:\/\/www.brundisium.net\/index.php\/wp-json\/wp\/v2\/posts\/121534\/revisions\/121535"}],"wp:featuredmedia":[{"embeddable":true,"href":"https:\/\/www.brundisium.net\/index.php\/wp-json\/wp\/v2\/media\/113255"}],"wp:attachment":[{"href":"https:\/\/www.brundisium.net\/index.php\/wp-json\/wp\/v2\/media?parent=121534"}],"wp:term":[{"taxonomy":"category","embeddable":true,"href":"https:\/\/www.brundisium.net\/index.php\/wp-json\/wp\/v2\/categories?post=121534"},{"taxonomy":"post_tag","embeddable":true,"href":"https:\/\/www.brundisium.net\/index.php\/wp-json\/wp\/v2\/tags?post=121534"}],"curies":[{"name":"wp","href":"https:\/\/api.w.org\/{rel}","templated":true}]}}