{"id":121771,"date":"2017-12-28T09:41:01","date_gmt":"2017-12-28T08:41:01","guid":{"rendered":"http:\/\/www.brundisium.net\/?p=121771"},"modified":"2017-12-27T20:45:10","modified_gmt":"2017-12-27T19:45:10","slug":"domani-gabriele-poso-al-barcollo-di-torre-santa-susanna","status":"publish","type":"post","link":"https:\/\/www.brundisium.net\/index.php\/domani-gabriele-poso-al-barcollo-di-torre-santa-susanna\/","title":{"rendered":"Domani  Gabriele Poso al Barcollo di Torre Santa Susanna"},"content":{"rendered":"<p><a href=\"http:\/\/www.brundisium.net\/brun\/wp-content\/uploads\/2017\/12\/GABRIELE-POSO-2.jpg\"><img loading=\"lazy\" decoding=\"async\" class=\"size-medium wp-image-121772 alignright\" src=\"http:\/\/www.brundisium.net\/brun\/wp-content\/uploads\/2017\/12\/GABRIELE-POSO-2-300x300.jpg\" alt=\"\" width=\"300\" height=\"300\" srcset=\"https:\/\/www.brundisium.net\/brun\/wp-content\/uploads\/2017\/12\/GABRIELE-POSO-2-300x300.jpg 300w, https:\/\/www.brundisium.net\/brun\/wp-content\/uploads\/2017\/12\/GABRIELE-POSO-2-150x150.jpg 150w, https:\/\/www.brundisium.net\/brun\/wp-content\/uploads\/2017\/12\/GABRIELE-POSO-2-600x600.jpg 600w, https:\/\/www.brundisium.net\/brun\/wp-content\/uploads\/2017\/12\/GABRIELE-POSO-2-60x60.jpg 60w, https:\/\/www.brundisium.net\/brun\/wp-content\/uploads\/2017\/12\/GABRIELE-POSO-2.jpg 720w\" sizes=\"auto, (max-width: 300px) 100vw, 300px\" \/><\/a>Venerd\u00ec 29 dicembre il Barcollo di Torre Santa Susanna (Br) ospiter\u00e0 Gabriele Poso per quello che sar\u00e0 l\u2019ultimo appuntamento musicale di questo 2017 (ingresso gratuito, ore 22).<\/p>\n<p>&nbsp;<\/p>\n<p>Quello di Gabriele Poso sar\u00e0 un ritorno al Barcollo, per l\u2019artista sardo, polistrumentista, percussionista e compositore, che in estate chiuse appunto la rassegna \u201cIl Giallo Barcollo\u201d. Gabriele Poso si \u00e8 esibito in diversi luoghi esteri, da Toronto e Instanbul, da Londra a Parigi, da Mosca a Shanghai, da Singapore ad Hong Kong.<\/p>\n<p>&nbsp;<\/p>\n<p>Classe 1978, Gabriele Poso cresce a Lecce e sin da bambino stabilisce un profondo legame con la musica, fra influenze jazz, soul e afro-latino. Col passare del tempo si \u00e8 avvicinato allo studio di vari strumenti, dando particolare attenzione alla chitarra con la quale dar\u2019 vita alle sue migliori composizioni per poi approdare nell\u2019affascinante mondo delle percussioni che presto sono diventate, per lui, una vera e propria ragione di vita.<\/p>\n<p>&nbsp;<\/p>\n<p>Cos\u00ec nel 1998 inizia a studiare ritmi afro-cubani presso l\u2019istituto \u201cTimba\u201d di Roma, sotto la guida del massimo esponente della cultura e della percussione afro-cubana in Italia Roberto \u201cMamey\u201d Evangelista. Successivamente approfondisce le sue conoscenze musicali presso la Escuela Nacional de arte dell\u2019Havana Cuba, e l\u2019Universitad Interamericana de Puertu Rico a S.juan Puerto Rico.<\/p>\n<p>&nbsp;<\/p>\n<p>Dopo aver terminato gli studi inizia a suonare in Europa e nel mondo al fianco di artisti del calibro di Ounlade (Yoruba records), Nicola Conte (Blue Note) e Tanya Michelle per citarne solo alcuni. \u201cFrom The Genuine world\u201d \u00e8 un lungo viaggio che rappresenta \u201cil bisogno di ritornare ad evidenziare i reali valori umani cercando di attribuirli il giusto peso e la giusta considerazione\u201d.<\/p>\n<p>&nbsp;<\/p>\n<p>Dopo il concerto di Leland Did It, il Barcollo saluta cos\u00ec il 2017 con un nuovo appuntamento musicale della propria attivit\u00e0. Fra gli artisti ospiti, in questi sei anni di attivit\u00e0, The Cyborgs, Il Genio, Roberto Dellera (Afterhours), Adriano Viterbini (Bud Spencer Blues Explosion), Francesco Di Bella (24 grana), Gianluca De Rubertis, Mino De Santis, Maksim Cristan, Amerigo Verardi, Giacomo Toni, Scarda, il djset di Luca de Gennaro (Radio Capital) e non solo.<\/p>\n<p>&nbsp;<\/p>\n<p>Il Barcollo \u00e8 a Torre Santa Susanna in via Galaso 64 (nei pressi del Teatro Comunale).<\/p>\n<p>&nbsp;<\/p>\n<p>&nbsp;<\/p>\n<p>Per maggiori informazioni:<\/p>\n<p>Facebook: Barcollo Live<\/p>\n<p>Tel: 327 0118072<\/p>\n<p>&nbsp;<\/p>\n<p>&nbsp;<\/p>\n<p>COMUNICATO STAMPA \u2013 BARCOLLO<\/p>\n","protected":false},"excerpt":{"rendered":"<p>Venerd\u00ec 29 dicembre il Barcollo di Torre Santa Susanna (Br) ospiter\u00e0 Gabriele Poso per quello che sar\u00e0 l\u2019ultimo appuntamento musicale di questo 2017 (ingresso gratuito, ore 22). &nbsp; Quello di Gabriele Poso sar\u00e0 un ritorno al Barcollo, per l\u2019artista sardo, polistrumentista, percussionista e compositore, che in estate chiuse appunto la rassegna \u201cIl Giallo Barcollo\u201d. Gabriele Poso si \u00e8 esibito in diversi luoghi esteri, da Toronto e Instanbul, da Londra a Parigi, da Mosca a Shanghai, da Singapore ad Hong Kong. &nbsp; Classe 1978, Gabriele Poso cresce a Lecce e sin da bambino stabilisce un profondo legame con la musica, fra influenze jazz, soul e afro-latino. Col passare del tempo si \u00e8 avvicinato allo studio di vari strumenti, dando particolare attenzione alla chitarra con la quale dar\u2019 vita alle sue migliori composizioni per poi approdare nell\u2019affascinante mondo delle percussioni che presto sono diventate, per lui, una vera e propria ragione di vita. &nbsp; Cos\u00ec nel 1998 inizia a studiare ritmi afro-cubani presso l\u2019istituto \u201cTimba\u201d di Roma, sotto la guida del massimo&#8230;<\/p>\n","protected":false},"author":2,"featured_media":121773,"comment_status":"open","ping_status":"closed","sticky":false,"template":"","format":"standard","meta":{"footnotes":""},"categories":[189,7],"tags":[4284],"class_list":["post-121771","post","type-post","status-publish","format-standard","has-post-thumbnail","hentry","category-musica-2","category-news","tag-barcollo"],"_links":{"self":[{"href":"https:\/\/www.brundisium.net\/index.php\/wp-json\/wp\/v2\/posts\/121771","targetHints":{"allow":["GET"]}}],"collection":[{"href":"https:\/\/www.brundisium.net\/index.php\/wp-json\/wp\/v2\/posts"}],"about":[{"href":"https:\/\/www.brundisium.net\/index.php\/wp-json\/wp\/v2\/types\/post"}],"author":[{"embeddable":true,"href":"https:\/\/www.brundisium.net\/index.php\/wp-json\/wp\/v2\/users\/2"}],"replies":[{"embeddable":true,"href":"https:\/\/www.brundisium.net\/index.php\/wp-json\/wp\/v2\/comments?post=121771"}],"version-history":[{"count":1,"href":"https:\/\/www.brundisium.net\/index.php\/wp-json\/wp\/v2\/posts\/121771\/revisions"}],"predecessor-version":[{"id":121774,"href":"https:\/\/www.brundisium.net\/index.php\/wp-json\/wp\/v2\/posts\/121771\/revisions\/121774"}],"wp:featuredmedia":[{"embeddable":true,"href":"https:\/\/www.brundisium.net\/index.php\/wp-json\/wp\/v2\/media\/121773"}],"wp:attachment":[{"href":"https:\/\/www.brundisium.net\/index.php\/wp-json\/wp\/v2\/media?parent=121771"}],"wp:term":[{"taxonomy":"category","embeddable":true,"href":"https:\/\/www.brundisium.net\/index.php\/wp-json\/wp\/v2\/categories?post=121771"},{"taxonomy":"post_tag","embeddable":true,"href":"https:\/\/www.brundisium.net\/index.php\/wp-json\/wp\/v2\/tags?post=121771"}],"curies":[{"name":"wp","href":"https:\/\/api.w.org\/{rel}","templated":true}]}}