{"id":121815,"date":"2017-12-28T15:07:51","date_gmt":"2017-12-28T14:07:51","guid":{"rendered":"http:\/\/www.brundisium.net\/?p=121815"},"modified":"2018-01-03T11:48:14","modified_gmt":"2018-01-03T10:48:14","slug":"al-teatro-verdi-di-brindisi-il-tradizionale-gran-concerto-di-inizio-anno","status":"publish","type":"post","link":"https:\/\/www.brundisium.net\/index.php\/al-teatro-verdi-di-brindisi-il-tradizionale-gran-concerto-di-inizio-anno\/","title":{"rendered":"Al Teatro Verdi di Brindisi il tradizionale &#8220;gran concerto di inizio anno&#8221;"},"content":{"rendered":"<p><a href=\"http:\/\/www.brundisium.net\/brun\/wp-content\/uploads\/2017\/12\/Gran-Concerto-di-Inizio-Anno.jpg\"><img loading=\"lazy\" decoding=\"async\" class=\"alignleft size-medium wp-image-121817\" src=\"http:\/\/www.brundisium.net\/brun\/wp-content\/uploads\/2017\/12\/Gran-Concerto-di-Inizio-Anno-210x300.jpg\" alt=\"\" width=\"210\" height=\"300\" srcset=\"https:\/\/www.brundisium.net\/brun\/wp-content\/uploads\/2017\/12\/Gran-Concerto-di-Inizio-Anno-210x300.jpg 210w, https:\/\/www.brundisium.net\/brun\/wp-content\/uploads\/2017\/12\/Gran-Concerto-di-Inizio-Anno-768x1097.jpg 768w, https:\/\/www.brundisium.net\/brun\/wp-content\/uploads\/2017\/12\/Gran-Concerto-di-Inizio-Anno-717x1024.jpg 717w, https:\/\/www.brundisium.net\/brun\/wp-content\/uploads\/2017\/12\/Gran-Concerto-di-Inizio-Anno.jpg 1800w\" sizes=\"auto, (max-width: 210px) 100vw, 210px\" \/><\/a>Marted\u00ec 2 gennaio (ore 20.30) si rinnova al Verdi il classico appuntamento con il concerto per il nuovo anno. Protagonista l\u2019Orchestra di Stato Ungherese, diretta dal M.O \u00c1rp\u00e1d Nagy, che condurr\u00e0 il pubblico al ricordo dei valzer e delle polke ottocentesche, con composizioni di Johann Strauss il giovane.<\/p>\n<p>&nbsp;<\/p>\n<p>Pi\u00f9 di un\u2019ora di musica per dare il benvenuto al 2018. Si rinnova cos\u00ec il tradizionale \u00abGran Concerto di Inizio Anno &#8211; Notte Viennese\u00bb, voluto dal Comune di Brindisi e organizzato in collaborazione con la Fondazione Nuovo Teatro Verdi. L\u2019atteso appuntamento, in programma marted\u00ec 2 gennaio 2018 nel Nuovo Teatro Verdi (ore 20.30), \u00e8 firmato dalla prestigiosa Orchestra di Stato Ungherese \u00abAlba Regia Szimfonikus Zenekar\u00bb, diretta dal M.O \u00c1rp\u00e1d Nagy: in programma alcune pagine tratte da \u00abLo Schiaccianoci\u00bb di Peter Ilich Tchaikovsky e le celeberrime melodie della famiglia Strauss per trascorrere una serata di festa e salutare l\u2019anno appena iniziato.<\/p>\n<p>&nbsp;<\/p>\n<p>I tagliandi di ingresso gratuito, distribuiti lo scorso 4 dicembre, sono andati esauriti. Tuttavia, \u00e8 consigliabile, per chi ne \u00e8 rimasto sprovvisto, presentarsi ugualmente la sera dello spettacolo per occupare i posti che si saranno eventualmente liberati. In ogni caso, la biglietteria del teatro \u00e8 impegnata in questi giorni a predisporre una lista d\u2019attesa (tel. 0831 562554) ai fini della riassegnazione di biglietti che dovessero essere riconsegnati. Infatti, chi non potesse pi\u00f9 partecipare allo spettacolo, \u00e8 pregato di recarsi in botteghino e rendere il biglietto al fine del suo riutilizzo.<\/p>\n<p>&nbsp;<\/p>\n<p>Le musiche de \u00abLo Schiaccianoci\u00bb sono tra le pi\u00f9 popolari della tradizione romantica russa e notissime in tutto il mondo. Entrano spesso nel cinema: ricordiamo come la Disney le tradusse in immagini nel film \u00abFantasia\u00bb. Fra i brani musicali pi\u00f9 riconoscibili, la celebre ouverture, la danza spagnola e il celebre valzer dei fiori.<\/p>\n<p>&nbsp;<\/p>\n<p>Dopo una prima parte dedicata alle composizioni di Tchaikovsky per \u00abLo Schiaccianoci\u00bb, il concerto punter\u00e0 sulle note dei valzer e delle polke della famiglia Strauss. Il programma, nel pieno rispetto della tradizione, \u00e8 pensato per ogni tipo di pubblico: impossibile non farsi coinvolgere dai ritmi travolgenti del repertorio viennese &#8211; come la trascinante \u00abRadetzky-Marsch\u00bb o \u00abSul bel Danubio blu\u00bb, il valzer dei valzer che proprio quest\u2019anno compie 150 anni. Nel 1890 un sondaggio d\u2019opinione rivel\u00f2 che i personaggi pi\u00f9 celebri in Europa erano, nell\u2019ordine, la Regina Vittoria, Bismarck e Johann Strauss II, l\u2019esponente di spicco della pi\u00f9 famosa famiglia di valzeristi viennesi. Quella degli Strauss fu un\u2019autentica dinastia &#8211; fondata nel 1825 -, la cui storia si intreccia con quella di Vienna fino alle soglie del Novecento.<\/p>\n<p>&nbsp;<\/p>\n<p>Dalla fastosa capitale, Johann Strauss I port\u00f2 il valzer oltre i confini dell\u2019Impero: un fenomeno di costume che non manc\u00f2 di suscitare scandalo. Dopo il 1848, crollato il mito dell\u2019\u00abAustria felix\u00bb, fu il momento della travolgente ascesa di Johann Strauss II (1825-99) &#8211; nel giudizio di Richard Wagner \u00abla mente pi\u00f9 musicale d\u2019Europa\u00bb -, poi affiancato da Josef e da Eduard che, all\u2019alba del nuovo secolo, mise in liquidazione l\u2019impresa di famiglia. Ma il successo degli Strauss continua: ancora oggi sulle note dei loro grandi capolavori si celebra la tradizione del concerto di inizio anno per una grande platea di appassionati.<\/p>\n<p>&nbsp;<\/p>\n<p><em><strong>Programma del \u00abGRAN CONCERTO DI INIZIO ANNO &#8211; NOTTE VIENNESE\u00bb<\/strong><\/em><br \/>\n<em><strong> Orchestra di Stato Ungherese \u00abAlba Regia Szimfonikus Zenekar\u00bb diretta da \u00c1rp\u00e1d Nagy<\/strong><\/em><br \/>\n<em><strong> Nuovo Teatro Verdi di Brindisi &#8211; Marted\u00ec 2 gennaio 2018 ore 20.30<\/strong><\/em><\/p>\n<p>&nbsp;<\/p>\n<p>Peter Ilich Tchaikovsky:<\/p>\n<p>Ouverture<\/p>\n<p>Marsch<\/p>\n<p>Chocolate (Spanish Dance)<\/p>\n<p>Waltz of the Flowers<\/p>\n<p>&nbsp;<\/p>\n<p>Johann Strauss II:<\/p>\n<p>Kaiser-Walzer<\/p>\n<p>&nbsp;<\/p>\n<p>Eduard Strauss:<\/p>\n<p>Telephone Polka<\/p>\n<p>&nbsp;<\/p>\n<p>Johann Strauss II:<\/p>\n<p>Anna Polka<\/p>\n<p>Wiener Blut<\/p>\n<p>Bauern Polka<\/p>\n<p>An der sch\u00f6nen blauen Donau<br \/>\nEinzugsmarsch<\/p>\n<p>Kaiser-Walzer<\/p>\n<p>&nbsp;<\/p>\n<p>Johann Strauss II:<\/p>\n<p>Perpetuum Mobile<\/p>\n<p>Tritsch-Tratsch-Polka<\/p>\n<p>&nbsp;<\/p>\n<p>Johann Strauss I:<\/p>\n<p>Radetzky Marsch<\/p>\n<p>&nbsp;<\/p>\n","protected":false},"excerpt":{"rendered":"<p>Marted\u00ec 2 gennaio (ore 20.30) si rinnova al Verdi il classico appuntamento con il concerto per il nuovo anno. Protagonista l\u2019Orchestra di Stato Ungherese, diretta dal M.O \u00c1rp\u00e1d Nagy, che condurr\u00e0 il pubblico al ricordo dei valzer e delle polke ottocentesche, con composizioni di Johann Strauss il giovane. &nbsp; Pi\u00f9 di un\u2019ora di musica per dare il benvenuto al 2018. Si rinnova cos\u00ec il tradizionale \u00abGran Concerto di Inizio Anno &#8211; Notte Viennese\u00bb, voluto dal Comune di Brindisi e organizzato in collaborazione con la Fondazione Nuovo Teatro Verdi. L\u2019atteso appuntamento, in programma marted\u00ec 2 gennaio 2018 nel Nuovo Teatro Verdi (ore 20.30), \u00e8 firmato dalla prestigiosa Orchestra di Stato Ungherese \u00abAlba Regia Szimfonikus Zenekar\u00bb, diretta dal M.O \u00c1rp\u00e1d Nagy: in programma alcune pagine tratte da \u00abLo Schiaccianoci\u00bb di Peter Ilich Tchaikovsky e le celeberrime melodie della famiglia Strauss per trascorrere una serata di festa e salutare l\u2019anno appena iniziato. &nbsp; I tagliandi di ingresso gratuito, distribuiti lo scorso 4 dicembre, sono andati esauriti. Tuttavia, \u00e8 consigliabile, per chi ne \u00e8&#8230;<\/p>\n","protected":false},"author":2,"featured_media":121816,"comment_status":"open","ping_status":"closed","sticky":false,"template":"","format":"standard","meta":{"footnotes":""},"categories":[189,7],"tags":[2927],"class_list":["post-121815","post","type-post","status-publish","format-standard","has-post-thumbnail","hentry","category-musica-2","category-news","tag-teatro-verdi"],"_links":{"self":[{"href":"https:\/\/www.brundisium.net\/index.php\/wp-json\/wp\/v2\/posts\/121815","targetHints":{"allow":["GET"]}}],"collection":[{"href":"https:\/\/www.brundisium.net\/index.php\/wp-json\/wp\/v2\/posts"}],"about":[{"href":"https:\/\/www.brundisium.net\/index.php\/wp-json\/wp\/v2\/types\/post"}],"author":[{"embeddable":true,"href":"https:\/\/www.brundisium.net\/index.php\/wp-json\/wp\/v2\/users\/2"}],"replies":[{"embeddable":true,"href":"https:\/\/www.brundisium.net\/index.php\/wp-json\/wp\/v2\/comments?post=121815"}],"version-history":[{"count":1,"href":"https:\/\/www.brundisium.net\/index.php\/wp-json\/wp\/v2\/posts\/121815\/revisions"}],"predecessor-version":[{"id":121818,"href":"https:\/\/www.brundisium.net\/index.php\/wp-json\/wp\/v2\/posts\/121815\/revisions\/121818"}],"wp:featuredmedia":[{"embeddable":true,"href":"https:\/\/www.brundisium.net\/index.php\/wp-json\/wp\/v2\/media\/121816"}],"wp:attachment":[{"href":"https:\/\/www.brundisium.net\/index.php\/wp-json\/wp\/v2\/media?parent=121815"}],"wp:term":[{"taxonomy":"category","embeddable":true,"href":"https:\/\/www.brundisium.net\/index.php\/wp-json\/wp\/v2\/categories?post=121815"},{"taxonomy":"post_tag","embeddable":true,"href":"https:\/\/www.brundisium.net\/index.php\/wp-json\/wp\/v2\/tags?post=121815"}],"curies":[{"name":"wp","href":"https:\/\/api.w.org\/{rel}","templated":true}]}}