{"id":121879,"date":"2017-12-29T13:57:32","date_gmt":"2017-12-29T12:57:32","guid":{"rendered":"http:\/\/www.brundisium.net\/?p=121879"},"modified":"2017-12-29T13:57:32","modified_gmt":"2017-12-29T12:57:32","slug":"addio-al-partigiano-brindisi-alfredo-buzzerio-e-morto-a-94-anni-una-vita-dedicata-a-liberta-democrazia-e-coraggio","status":"publish","type":"post","link":"https:\/\/www.brundisium.net\/index.php\/addio-al-partigiano-brindisi-alfredo-buzzerio-e-morto-a-94-anni-una-vita-dedicata-a-liberta-democrazia-e-coraggio\/","title":{"rendered":"Addio al partigiano &#8220;Brindisi&#8221;: Alfredo Buzzerio \u00e8 morto a 94 anni, una vita dedicata a libert\u00e0, democrazia e coraggio"},"content":{"rendered":"<p>Una vita fatta di ideali di libert\u00e0 e democrazia e di grande coraggio quella del partigiano brindisino Alfredo Buzzerio.<\/p>\n<p>L\u2019altro ieri questo protagonista della Resistenza al fascismo e al nazismo, \u00e8 deceduto circondato dall\u2019affetto dei familiari e degli amici di sempre. Aveva 94 anni.<\/p>\n<p>&nbsp;<\/p>\n<p>Alfredo Buzzerio \u00e8 stato partigiano nella Formazione \u201cMagni Magnino\u201d in Toscana, prima di entrare a far parte della 23\u00b0 Brigata Garibaldi \u201cGuido Boscaglia\u201d.<\/p>\n<p>Il suo nome di battaglia era \u201cBrindisi\u201d.<\/p>\n<p>Dopo l\u201911 settembre 1943, aviere a Vigna di Valle (Roma), nell\u2019aeroporto militare, fugg\u00ec nell\u2019Appennino toscano con le armi e l\u00ec combatt\u00e9 contro i nazifascisti. Nell\u2019autunno di quello stesso anno si scontr\u00f2, assieme ad altri partigiani, con un battaglione di SS, sfuggendo all\u2019accerchiamento e provocando perdite nelle file tedesche. Oper\u00f2 nella Brigata sino al marzo del 1944.<\/p>\n<p>&nbsp;<\/p>\n<p>E&#8217; stato un grande lavoratore, impegnato, con grande competenza e professionalit\u00e0, nel campo delle costruzioni edili.<\/p>\n<p>Due anni fa \u00e8 stato insignito della medaglia d\u2019oro al valore dal prefetto di Brindisi Annunziato Vard\u00e8, nel corso di una cerimonia in piazza Santa Teresa carica di commozione.<\/p>\n<p>&nbsp;<\/p>\n<p>Alfredo Buzzerio \u00e8 sempre stato orgoglioso del suo passato di protagonista della Liberazione e della sua appartenenza all\u2019Anpi Brindisi tanto da indossare spesso il fazzoletto di partigiano che indosser\u00e0 anche nel suo ultimo viaggio.<\/p>\n<p>&nbsp;<\/p>\n<p>La cerimonia di addio \u00e8 prevista per domani alle ore 9,30 nella parrocchia del suo quartiere, i Cappuccini.<\/p>\n<p>&nbsp;<\/p>\n<p>&nbsp;<\/p>\n<p>L\u2019Anpi Brindisi esprime cordoglio ed \u00e8 vicina, in questo momento di dolore per la perdita di un protagonista della Resistenza, ma anche di un uomo e di un padre, ai suoi familiari e amici.<\/p>\n<p>&nbsp;<\/p>\n<p>&nbsp;<\/p>\n<p><strong>ANPI BRINDISI<\/strong><\/p>\n","protected":false},"excerpt":{"rendered":"<p>Una vita fatta di ideali di libert\u00e0 e democrazia e di grande coraggio quella del partigiano brindisino Alfredo Buzzerio. L\u2019altro ieri questo protagonista della Resistenza al fascismo e al nazismo, \u00e8 deceduto circondato dall\u2019affetto dei familiari e degli amici di sempre. Aveva 94 anni. &nbsp; Alfredo Buzzerio \u00e8 stato partigiano nella Formazione \u201cMagni Magnino\u201d in Toscana, prima di entrare a far parte della 23\u00b0 Brigata Garibaldi \u201cGuido Boscaglia\u201d. Il suo nome di battaglia era \u201cBrindisi\u201d. Dopo l\u201911 settembre 1943, aviere a Vigna di Valle (Roma), nell\u2019aeroporto militare, fugg\u00ec nell\u2019Appennino toscano con le armi e l\u00ec combatt\u00e9 contro i nazifascisti. Nell\u2019autunno di quello stesso anno si scontr\u00f2, assieme ad altri partigiani, con un battaglione di SS, sfuggendo all\u2019accerchiamento e provocando perdite nelle file tedesche. Oper\u00f2 nella Brigata sino al marzo del 1944. &nbsp; E&#8217; stato un grande lavoratore, impegnato, con grande competenza e professionalit\u00e0, nel campo delle costruzioni edili. Due anni fa \u00e8 stato insignito della medaglia d\u2019oro al valore dal prefetto di Brindisi Annunziato Vard\u00e8, nel corso di una cerimonia&#8230;<\/p>\n","protected":false},"author":2,"featured_media":121880,"comment_status":"open","ping_status":"closed","sticky":false,"template":"","format":"standard","meta":{"footnotes":""},"categories":[7],"tags":[2850,33],"class_list":["post-121879","post","type-post","status-publish","format-standard","has-post-thumbnail","hentry","category-news","tag-anpi-brindisi","tag-brindisi"],"_links":{"self":[{"href":"https:\/\/www.brundisium.net\/index.php\/wp-json\/wp\/v2\/posts\/121879","targetHints":{"allow":["GET"]}}],"collection":[{"href":"https:\/\/www.brundisium.net\/index.php\/wp-json\/wp\/v2\/posts"}],"about":[{"href":"https:\/\/www.brundisium.net\/index.php\/wp-json\/wp\/v2\/types\/post"}],"author":[{"embeddable":true,"href":"https:\/\/www.brundisium.net\/index.php\/wp-json\/wp\/v2\/users\/2"}],"replies":[{"embeddable":true,"href":"https:\/\/www.brundisium.net\/index.php\/wp-json\/wp\/v2\/comments?post=121879"}],"version-history":[{"count":1,"href":"https:\/\/www.brundisium.net\/index.php\/wp-json\/wp\/v2\/posts\/121879\/revisions"}],"predecessor-version":[{"id":121881,"href":"https:\/\/www.brundisium.net\/index.php\/wp-json\/wp\/v2\/posts\/121879\/revisions\/121881"}],"wp:featuredmedia":[{"embeddable":true,"href":"https:\/\/www.brundisium.net\/index.php\/wp-json\/wp\/v2\/media\/121880"}],"wp:attachment":[{"href":"https:\/\/www.brundisium.net\/index.php\/wp-json\/wp\/v2\/media?parent=121879"}],"wp:term":[{"taxonomy":"category","embeddable":true,"href":"https:\/\/www.brundisium.net\/index.php\/wp-json\/wp\/v2\/categories?post=121879"},{"taxonomy":"post_tag","embeddable":true,"href":"https:\/\/www.brundisium.net\/index.php\/wp-json\/wp\/v2\/tags?post=121879"}],"curies":[{"name":"wp","href":"https:\/\/api.w.org\/{rel}","templated":true}]}}