{"id":122012,"date":"2018-01-02T11:24:56","date_gmt":"2018-01-02T10:24:56","guid":{"rendered":"http:\/\/www.brundisium.net\/?p=122012"},"modified":"2018-01-02T11:24:56","modified_gmt":"2018-01-02T10:24:56","slug":"grande-successo-per-la-lunga-festa-dedicata-al-capodanno-ostunese","status":"publish","type":"post","link":"https:\/\/www.brundisium.net\/index.php\/grande-successo-per-la-lunga-festa-dedicata-al-capodanno-ostunese\/","title":{"rendered":"Grande successo per la lunga festa dedicata al Capodanno ostunese"},"content":{"rendered":"\n\t\t<style type=\"text\/css\">\n\t\t\t#gallery-1 {\n\t\t\t\tmargin: auto;\n\t\t\t}\n\t\t\t#gallery-1 .gallery-item {\n\t\t\t\tfloat: left;\n\t\t\t\tmargin-top: 10px;\n\t\t\t\ttext-align: center;\n\t\t\t\twidth: 25%;\n\t\t\t}\n\t\t\t#gallery-1 img {\n\t\t\t\tborder: 2px solid #cfcfcf;\n\t\t\t}\n\t\t\t#gallery-1 .gallery-caption {\n\t\t\t\tmargin-left: 0;\n\t\t\t}\n\t\t\t\/* see gallery_shortcode() in wp-includes\/media.php *\/\n\t\t<\/style>\n\t\t<div id='gallery-1' class='gallery galleryid-122012 gallery-columns-4 gallery-size-thumbnail'><dl class='gallery-item'>\n\t\t\t<dt class='gallery-icon landscape'>\n\t\t\t\t<a href='https:\/\/www.brundisium.net\/index.php\/grande-successo-per-la-lunga-festa-dedicata-al-capodanno-ostunese\/raphael-gualazzi1\/'><img loading=\"lazy\" decoding=\"async\" width=\"150\" height=\"150\" src=\"https:\/\/www.brundisium.net\/brun\/wp-content\/uploads\/2018\/01\/Raphael-Gualazzi1-150x150.jpg\" class=\"attachment-thumbnail size-thumbnail\" alt=\"\" srcset=\"https:\/\/www.brundisium.net\/brun\/wp-content\/uploads\/2018\/01\/Raphael-Gualazzi1-150x150.jpg 150w, https:\/\/www.brundisium.net\/brun\/wp-content\/uploads\/2018\/01\/Raphael-Gualazzi1-600x600.jpg 600w, https:\/\/www.brundisium.net\/brun\/wp-content\/uploads\/2018\/01\/Raphael-Gualazzi1-60x60.jpg 60w\" sizes=\"auto, (max-width: 150px) 100vw, 150px\" \/><\/a>\n\t\t\t<\/dt><\/dl><dl class='gallery-item'>\n\t\t\t<dt class='gallery-icon landscape'>\n\t\t\t\t<a href='https:\/\/www.brundisium.net\/index.php\/grande-successo-per-la-lunga-festa-dedicata-al-capodanno-ostunese\/raphael-gualazzi2\/'><img loading=\"lazy\" decoding=\"async\" width=\"150\" height=\"150\" src=\"https:\/\/www.brundisium.net\/brun\/wp-content\/uploads\/2018\/01\/Raphael-Gualazzi2-150x150.jpg\" class=\"attachment-thumbnail size-thumbnail\" alt=\"\" srcset=\"https:\/\/www.brundisium.net\/brun\/wp-content\/uploads\/2018\/01\/Raphael-Gualazzi2-150x150.jpg 150w, https:\/\/www.brundisium.net\/brun\/wp-content\/uploads\/2018\/01\/Raphael-Gualazzi2-600x600.jpg 600w, https:\/\/www.brundisium.net\/brun\/wp-content\/uploads\/2018\/01\/Raphael-Gualazzi2-60x60.jpg 60w\" sizes=\"auto, (max-width: 150px) 100vw, 150px\" \/><\/a>\n\t\t\t<\/dt><\/dl><dl class='gallery-item'>\n\t\t\t<dt class='gallery-icon landscape'>\n\t\t\t\t<a href='https:\/\/www.brundisium.net\/index.php\/grande-successo-per-la-lunga-festa-dedicata-al-capodanno-ostunese\/assesore-carparelli_tommy-terrafino\/'><img loading=\"lazy\" decoding=\"async\" width=\"150\" height=\"150\" src=\"https:\/\/www.brundisium.net\/brun\/wp-content\/uploads\/2018\/01\/Assesore-Carparelli_Tommy-Terrafino-150x150.jpg\" class=\"attachment-thumbnail size-thumbnail\" alt=\"\" srcset=\"https:\/\/www.brundisium.net\/brun\/wp-content\/uploads\/2018\/01\/Assesore-Carparelli_Tommy-Terrafino-150x150.jpg 150w, https:\/\/www.brundisium.net\/brun\/wp-content\/uploads\/2018\/01\/Assesore-Carparelli_Tommy-Terrafino-600x600.jpg 600w, https:\/\/www.brundisium.net\/brun\/wp-content\/uploads\/2018\/01\/Assesore-Carparelli_Tommy-Terrafino-60x60.jpg 60w\" sizes=\"auto, (max-width: 150px) 100vw, 150px\" \/><\/a>\n\t\t\t<\/dt><\/dl><dl class='gallery-item'>\n\t\t\t<dt class='gallery-icon landscape'>\n\t\t\t\t<a href='https:\/\/www.brundisium.net\/index.php\/grande-successo-per-la-lunga-festa-dedicata-al-capodanno-ostunese\/barty-colucci-rds-show\/'><img loading=\"lazy\" decoding=\"async\" width=\"150\" height=\"150\" src=\"https:\/\/www.brundisium.net\/brun\/wp-content\/uploads\/2018\/01\/Barty-Colucci-RDS-show-150x150.jpg\" class=\"attachment-thumbnail size-thumbnail\" alt=\"\" srcset=\"https:\/\/www.brundisium.net\/brun\/wp-content\/uploads\/2018\/01\/Barty-Colucci-RDS-show-150x150.jpg 150w, https:\/\/www.brundisium.net\/brun\/wp-content\/uploads\/2018\/01\/Barty-Colucci-RDS-show-600x600.jpg 600w, https:\/\/www.brundisium.net\/brun\/wp-content\/uploads\/2018\/01\/Barty-Colucci-RDS-show-60x60.jpg 60w\" sizes=\"auto, (max-width: 150px) 100vw, 150px\" \/><\/a>\n\t\t\t<\/dt><\/dl><br style=\"clear: both\" \/>\n\t\t<\/div>\n\n<p>Il Winter Festival de La Ghironda ha fatto vivere alla Citt\u00e0 bianca quattro giorni di intense emozioni tra spettacolo, meravigliosa musica e cabaret<\/p>\n<p>&nbsp;<\/p>\n<p>Con il Gran Gala di Capodanno, si \u00e8 chiusa ieri, luned\u00ec 1\u00b0 gennaio 2018, la rassegna di eventi in calendario per l\u2019undicesima edizione del Winter Festival targato La Ghironda, organizzata con il sostegno economico e in collaborazione con l\u2019Assessorato alla Cultura e al Turismo del Comune di Ostuni. La Citt\u00e0 bianca per quattro intense serate \u00e8 stata il palcoscenico di artisti straordinari, salutando il vecchio anno in grande stile e con la travolgente energia degli Ipergalattici, Frankie Hi Nrg, Raphael Gualazzi, Tommy Terrafino, Barty Colucci, Eric Turner ed accogliendo il 2018 con l\u2019eleganza del Maestro Francesco Libetta e del suo prestigioso ensemble. Piazza della Libert\u00e0, soprattutto nelle serate di sabato 30 e domenica 31 dicembre, \u00e8 stata letteralmente invasa da cittadini ostunesi e visitatori, un fenomeno decisamente inedito per la Citt\u00e0 bianca che, a differenza dei mesi estivi, non era mai stata cos\u00ec affollata durante la stagione invernale.<\/p>\n<p>&nbsp;<\/p>\n<p>La chiesa di San Francesco d\u2019Assisi, gremita di un pubblico esclusivo, ha ospitato al suo interno il Gran Gala di Capodanno, un raffinato concerto di musica classica e lirica che, tra arie famose e pi\u00f9 ricercate, \u00e8 stato pensato come un omaggio alla bellezza eterna dell\u2019arte musicale, esaltata dalla sontuosit\u00e0 del luogo sacro, simbolo della Citt\u00e0 bianca. Nell\u2019esecuzione del Maestro Libetta, coadiuvato da un quartetto di pianisti composto da Emanuele Balsano, Giorgio Manni, Alberto Manzo e Alessio Zuccaro, dalla violoncellista Eleonora Fullone e dal soprano Silvia Susan Rosato Franchini, si sono ascoltate &#8211; in varie formazioni \u2013 composizioni strumentali e vocali di Mozart, Kalkbrenner, H\u00e4ndel, Milaurowsky, Czerny, , Lillo, Bellini e Schubert. Presente in sala il sindaco Gianfranco Coppola, che ha rivolto in chiusura i suoi auguri di buon anno ai presenti e alla cittadinanza, congratulandosi con l\u2019organizzazione e tutti coloro i quali hanno reso possibile il successo del Capodanno ostunese.<\/p>\n<p>&nbsp;<\/p>\n\n\t\t<style type=\"text\/css\">\n\t\t\t#gallery-2 {\n\t\t\t\tmargin: auto;\n\t\t\t}\n\t\t\t#gallery-2 .gallery-item {\n\t\t\t\tfloat: left;\n\t\t\t\tmargin-top: 10px;\n\t\t\t\ttext-align: center;\n\t\t\t\twidth: 25%;\n\t\t\t}\n\t\t\t#gallery-2 img {\n\t\t\t\tborder: 2px solid #cfcfcf;\n\t\t\t}\n\t\t\t#gallery-2 .gallery-caption {\n\t\t\t\tmargin-left: 0;\n\t\t\t}\n\t\t\t\/* see gallery_shortcode() in wp-includes\/media.php *\/\n\t\t<\/style>\n\t\t<div id='gallery-2' class='gallery galleryid-122012 gallery-columns-4 gallery-size-thumbnail'><dl class='gallery-item'>\n\t\t\t<dt class='gallery-icon landscape'>\n\t\t\t\t<a href='https:\/\/www.brundisium.net\/index.php\/grande-successo-per-la-lunga-festa-dedicata-al-capodanno-ostunese\/francesco-libetta-friends\/'><img loading=\"lazy\" decoding=\"async\" width=\"150\" height=\"150\" src=\"https:\/\/www.brundisium.net\/brun\/wp-content\/uploads\/2018\/01\/Francesco-Libetta-Friends-150x150.jpg\" class=\"attachment-thumbnail size-thumbnail\" alt=\"\" srcset=\"https:\/\/www.brundisium.net\/brun\/wp-content\/uploads\/2018\/01\/Francesco-Libetta-Friends-150x150.jpg 150w, https:\/\/www.brundisium.net\/brun\/wp-content\/uploads\/2018\/01\/Francesco-Libetta-Friends-600x600.jpg 600w, https:\/\/www.brundisium.net\/brun\/wp-content\/uploads\/2018\/01\/Francesco-Libetta-Friends-60x60.jpg 60w\" sizes=\"auto, (max-width: 150px) 100vw, 150px\" \/><\/a>\n\t\t\t<\/dt><\/dl><dl class='gallery-item'>\n\t\t\t<dt class='gallery-icon landscape'>\n\t\t\t\t<a href='https:\/\/www.brundisium.net\/index.php\/grande-successo-per-la-lunga-festa-dedicata-al-capodanno-ostunese\/francesco-libetta-friends1\/'><img loading=\"lazy\" decoding=\"async\" width=\"150\" height=\"150\" src=\"https:\/\/www.brundisium.net\/brun\/wp-content\/uploads\/2018\/01\/Francesco-Libetta-Friends1-150x150.jpg\" class=\"attachment-thumbnail size-thumbnail\" alt=\"\" srcset=\"https:\/\/www.brundisium.net\/brun\/wp-content\/uploads\/2018\/01\/Francesco-Libetta-Friends1-150x150.jpg 150w, https:\/\/www.brundisium.net\/brun\/wp-content\/uploads\/2018\/01\/Francesco-Libetta-Friends1-600x600.jpg 600w, https:\/\/www.brundisium.net\/brun\/wp-content\/uploads\/2018\/01\/Francesco-Libetta-Friends1-60x60.jpg 60w\" sizes=\"auto, (max-width: 150px) 100vw, 150px\" \/><\/a>\n\t\t\t<\/dt><\/dl><dl class='gallery-item'>\n\t\t\t<dt class='gallery-icon landscape'>\n\t\t\t\t<a href='https:\/\/www.brundisium.net\/index.php\/grande-successo-per-la-lunga-festa-dedicata-al-capodanno-ostunese\/frankie-hi-nrg\/'><img loading=\"lazy\" decoding=\"async\" width=\"150\" height=\"150\" src=\"https:\/\/www.brundisium.net\/brun\/wp-content\/uploads\/2018\/01\/Frankie-Hi-Nrg-150x150.jpg\" class=\"attachment-thumbnail size-thumbnail\" alt=\"\" srcset=\"https:\/\/www.brundisium.net\/brun\/wp-content\/uploads\/2018\/01\/Frankie-Hi-Nrg-150x150.jpg 150w, https:\/\/www.brundisium.net\/brun\/wp-content\/uploads\/2018\/01\/Frankie-Hi-Nrg-600x600.jpg 600w, https:\/\/www.brundisium.net\/brun\/wp-content\/uploads\/2018\/01\/Frankie-Hi-Nrg-60x60.jpg 60w\" sizes=\"auto, (max-width: 150px) 100vw, 150px\" \/><\/a>\n\t\t\t<\/dt><\/dl><dl class='gallery-item'>\n\t\t\t<dt class='gallery-icon landscape'>\n\t\t\t\t<a href='https:\/\/www.brundisium.net\/index.php\/grande-successo-per-la-lunga-festa-dedicata-al-capodanno-ostunese\/frankie-hi-nrg2\/'><img loading=\"lazy\" decoding=\"async\" width=\"150\" height=\"150\" src=\"https:\/\/www.brundisium.net\/brun\/wp-content\/uploads\/2018\/01\/Frankie-Hi-Nrg2-150x150.jpg\" class=\"attachment-thumbnail size-thumbnail\" alt=\"\" srcset=\"https:\/\/www.brundisium.net\/brun\/wp-content\/uploads\/2018\/01\/Frankie-Hi-Nrg2-150x150.jpg 150w, https:\/\/www.brundisium.net\/brun\/wp-content\/uploads\/2018\/01\/Frankie-Hi-Nrg2-600x600.jpg 600w, https:\/\/www.brundisium.net\/brun\/wp-content\/uploads\/2018\/01\/Frankie-Hi-Nrg2-60x60.jpg 60w\" sizes=\"auto, (max-width: 150px) 100vw, 150px\" \/><\/a>\n\t\t\t<\/dt><\/dl><br style=\"clear: both\" \/>\n\t\t<\/div>\n\n<p>\u00abCon una programmazione rivolta a un pubblico estremamente eterogeneo \u2013 dichiara Giovanni Marangi, Presidente de La Ghironda \u2013 possiamo dire di aver vinto una scommessa importante per il territorio ostunese. Il culmine in termini di partecipazione, \u00e8 stato certamente raggiunto con il concerto di Raphael Gualazzi, il cui trionfo ha superato ampiamente le nostre aspettative. Piazza della Libert\u00e0 \u00e8 stata a lungo stracolma di bellissima gente, si \u00e8 creata un\u2019atmosfera unica e per certi versi irripetibile. Il meteo ha giocato a nostro vantaggio e questa \u00e8 stata sicuramente una grande fortuna, che si \u00e8 aggiunta all\u2019energia sprigionata dalla musica di altissima qualit\u00e0, capace sempre di superare ogni tipo di confine reale e mentale. Ancora una volta l\u2019arte si conferma il viatico per una crescita trasversale \u2013 conclude Marangi \u2013 siamo davvero felici di aver visto una piazza gremita ed entusiasta, soddisfatti di aver accolto una quantit\u00e0 notevole di persone provenienti da tutta la Puglia, aggiuntasi ai turisti italiani e stranieri che la Citt\u00e0 bianca naturalmente attrae, anche grazie a eventi culturali come il nostro Winter Festival\u00bb.<\/p>\n<p>&nbsp;<\/p>\n<p>\u00abNell\u2019ottica di far vivere alla citt\u00e0 di Ostuni un lungo momento di festa \u2013 dichiara Vittorio Carparelli, assessore al Turismo e alla Cultura \u2013 ho puntato su un evento collaudato, che potesse rivelarsi una valida operazione di marketing turistico e culturale. A conferma di questo, i dati in merito al numero di presenze registrate durante gli eventi e rilevate dalle strutture ricettive del territorio ostunese. L\u2019alta qualit\u00e0 che il pubblico ha potuto apprezzare seguendo gli spettacoli in programma durante le quattro giornate di festa, ha reso di fatto il Capodanno ostunese un successo, sulla cui scorta sar\u00e0 possibile lavorare per continuare a migliorare la nostra offerta. Raphael Gualazzi ci ha stupito e travolto con la sua potente musica, Francesco Libetta e il suo ensemble hanno deliziato la sensibile platea del Gran Gal\u00e0 di Capodanno e l\u2019attesa notte di San Silvestro si \u00e8 rivelata, come nelle nostre aspettative, una grande festa di piazza. Tanti gli artisti coinvolti durante i quattro giorni appena trascorsi \u2013 conclude Carparelli \u2013 per un programma studiato nel dettaglio e pensato per soddisfare davvero un pubblico di tutte le et\u00e0\u00bb.<\/p>\n\n\t\t<style type=\"text\/css\">\n\t\t\t#gallery-3 {\n\t\t\t\tmargin: auto;\n\t\t\t}\n\t\t\t#gallery-3 .gallery-item {\n\t\t\t\tfloat: left;\n\t\t\t\tmargin-top: 10px;\n\t\t\t\ttext-align: center;\n\t\t\t\twidth: 25%;\n\t\t\t}\n\t\t\t#gallery-3 img {\n\t\t\t\tborder: 2px solid #cfcfcf;\n\t\t\t}\n\t\t\t#gallery-3 .gallery-caption {\n\t\t\t\tmargin-left: 0;\n\t\t\t}\n\t\t\t\/* see gallery_shortcode() in wp-includes\/media.php *\/\n\t\t<\/style>\n\t\t<div id='gallery-3' class='gallery galleryid-122012 gallery-columns-4 gallery-size-thumbnail'><dl class='gallery-item'>\n\t\t\t<dt class='gallery-icon landscape'>\n\t\t\t\t<a href='https:\/\/www.brundisium.net\/index.php\/grande-successo-per-la-lunga-festa-dedicata-al-capodanno-ostunese\/gran-gala-di-capodanno\/'><img loading=\"lazy\" decoding=\"async\" width=\"150\" height=\"150\" src=\"https:\/\/www.brundisium.net\/brun\/wp-content\/uploads\/2018\/01\/Gran-Gala-di-Capodanno-150x150.jpg\" class=\"attachment-thumbnail size-thumbnail\" alt=\"\" srcset=\"https:\/\/www.brundisium.net\/brun\/wp-content\/uploads\/2018\/01\/Gran-Gala-di-Capodanno-150x150.jpg 150w, https:\/\/www.brundisium.net\/brun\/wp-content\/uploads\/2018\/01\/Gran-Gala-di-Capodanno-600x600.jpg 600w, https:\/\/www.brundisium.net\/brun\/wp-content\/uploads\/2018\/01\/Gran-Gala-di-Capodanno-60x60.jpg 60w\" sizes=\"auto, (max-width: 150px) 100vw, 150px\" \/><\/a>\n\t\t\t<\/dt><\/dl><dl class='gallery-item'>\n\t\t\t<dt class='gallery-icon landscape'>\n\t\t\t\t<a href='https:\/\/www.brundisium.net\/index.php\/grande-successo-per-la-lunga-festa-dedicata-al-capodanno-ostunese\/gran-gala-di-capodanno1\/'><img loading=\"lazy\" decoding=\"async\" width=\"150\" height=\"150\" src=\"https:\/\/www.brundisium.net\/brun\/wp-content\/uploads\/2018\/01\/Gran-Gala-di-Capodanno1-150x150.jpg\" class=\"attachment-thumbnail size-thumbnail\" alt=\"\" srcset=\"https:\/\/www.brundisium.net\/brun\/wp-content\/uploads\/2018\/01\/Gran-Gala-di-Capodanno1-150x150.jpg 150w, https:\/\/www.brundisium.net\/brun\/wp-content\/uploads\/2018\/01\/Gran-Gala-di-Capodanno1-600x600.jpg 600w, https:\/\/www.brundisium.net\/brun\/wp-content\/uploads\/2018\/01\/Gran-Gala-di-Capodanno1-60x60.jpg 60w\" sizes=\"auto, (max-width: 150px) 100vw, 150px\" \/><\/a>\n\t\t\t<\/dt><\/dl><dl class='gallery-item'>\n\t\t\t<dt class='gallery-icon landscape'>\n\t\t\t\t<a href='https:\/\/www.brundisium.net\/index.php\/grande-successo-per-la-lunga-festa-dedicata-al-capodanno-ostunese\/ipergalattici-2\/'><img loading=\"lazy\" decoding=\"async\" width=\"150\" height=\"150\" src=\"https:\/\/www.brundisium.net\/brun\/wp-content\/uploads\/2018\/01\/Ipergalattici-150x150.jpg\" class=\"attachment-thumbnail size-thumbnail\" alt=\"\" srcset=\"https:\/\/www.brundisium.net\/brun\/wp-content\/uploads\/2018\/01\/Ipergalattici-150x150.jpg 150w, https:\/\/www.brundisium.net\/brun\/wp-content\/uploads\/2018\/01\/Ipergalattici-600x600.jpg 600w, https:\/\/www.brundisium.net\/brun\/wp-content\/uploads\/2018\/01\/Ipergalattici-60x60.jpg 60w\" sizes=\"auto, (max-width: 150px) 100vw, 150px\" \/><\/a>\n\t\t\t<\/dt><\/dl><dl class='gallery-item'>\n\t\t\t<dt class='gallery-icon landscape'>\n\t\t\t\t<a href='https:\/\/www.brundisium.net\/index.php\/grande-successo-per-la-lunga-festa-dedicata-al-capodanno-ostunese\/raphael-gualazzi-3\/'><img loading=\"lazy\" decoding=\"async\" width=\"150\" height=\"150\" src=\"https:\/\/www.brundisium.net\/brun\/wp-content\/uploads\/2018\/01\/Raphael-Gualazzi-150x150.jpg\" class=\"attachment-thumbnail size-thumbnail\" alt=\"\" srcset=\"https:\/\/www.brundisium.net\/brun\/wp-content\/uploads\/2018\/01\/Raphael-Gualazzi-150x150.jpg 150w, https:\/\/www.brundisium.net\/brun\/wp-content\/uploads\/2018\/01\/Raphael-Gualazzi-600x600.jpg 600w, https:\/\/www.brundisium.net\/brun\/wp-content\/uploads\/2018\/01\/Raphael-Gualazzi-60x60.jpg 60w\" sizes=\"auto, (max-width: 150px) 100vw, 150px\" \/><\/a>\n\t\t\t<\/dt><\/dl><br style=\"clear: both\" \/>\n\t\t<\/div>\n\n","protected":false},"excerpt":{"rendered":"<p>Il Winter Festival de La Ghironda ha fatto vivere alla Citt\u00e0 bianca quattro giorni di intense emozioni tra spettacolo, meravigliosa musica e cabaret &nbsp; Con il Gran Gala di Capodanno, si \u00e8 chiusa ieri, luned\u00ec 1\u00b0 gennaio 2018, la rassegna di eventi in calendario per l\u2019undicesima edizione del Winter Festival targato La Ghironda, organizzata con il sostegno economico e in collaborazione con l\u2019Assessorato alla Cultura e al Turismo del Comune di Ostuni. La Citt\u00e0 bianca per quattro intense serate \u00e8 stata il palcoscenico di artisti straordinari, salutando il vecchio anno in grande stile e con la travolgente energia degli Ipergalattici, Frankie Hi Nrg, Raphael Gualazzi, Tommy Terrafino, Barty Colucci, Eric Turner ed accogliendo il 2018 con l\u2019eleganza del Maestro Francesco Libetta e del suo prestigioso ensemble. Piazza della Libert\u00e0, soprattutto nelle serate di sabato 30 e domenica 31 dicembre, \u00e8 stata letteralmente invasa da cittadini ostunesi e visitatori, un fenomeno decisamente inedito per la Citt\u00e0 bianca che, a differenza dei mesi estivi, non era mai stata cos\u00ec affollata durante la&#8230;<\/p>\n","protected":false},"author":2,"featured_media":122017,"comment_status":"open","ping_status":"closed","sticky":false,"template":"","format":"standard","meta":{"footnotes":""},"categories":[7],"tags":[5414,53],"class_list":["post-122012","post","type-post","status-publish","format-standard","has-post-thumbnail","hentry","category-news","tag-la-ghironda","tag-ostuni"],"_links":{"self":[{"href":"https:\/\/www.brundisium.net\/index.php\/wp-json\/wp\/v2\/posts\/122012","targetHints":{"allow":["GET"]}}],"collection":[{"href":"https:\/\/www.brundisium.net\/index.php\/wp-json\/wp\/v2\/posts"}],"about":[{"href":"https:\/\/www.brundisium.net\/index.php\/wp-json\/wp\/v2\/types\/post"}],"author":[{"embeddable":true,"href":"https:\/\/www.brundisium.net\/index.php\/wp-json\/wp\/v2\/users\/2"}],"replies":[{"embeddable":true,"href":"https:\/\/www.brundisium.net\/index.php\/wp-json\/wp\/v2\/comments?post=122012"}],"version-history":[{"count":1,"href":"https:\/\/www.brundisium.net\/index.php\/wp-json\/wp\/v2\/posts\/122012\/revisions"}],"predecessor-version":[{"id":122027,"href":"https:\/\/www.brundisium.net\/index.php\/wp-json\/wp\/v2\/posts\/122012\/revisions\/122027"}],"wp:featuredmedia":[{"embeddable":true,"href":"https:\/\/www.brundisium.net\/index.php\/wp-json\/wp\/v2\/media\/122017"}],"wp:attachment":[{"href":"https:\/\/www.brundisium.net\/index.php\/wp-json\/wp\/v2\/media?parent=122012"}],"wp:term":[{"taxonomy":"category","embeddable":true,"href":"https:\/\/www.brundisium.net\/index.php\/wp-json\/wp\/v2\/categories?post=122012"},{"taxonomy":"post_tag","embeddable":true,"href":"https:\/\/www.brundisium.net\/index.php\/wp-json\/wp\/v2\/tags?post=122012"}],"curies":[{"name":"wp","href":"https:\/\/api.w.org\/{rel}","templated":true}]}}