{"id":122113,"date":"2018-01-03T11:21:50","date_gmt":"2018-01-03T10:21:50","guid":{"rendered":"http:\/\/www.brundisium.net\/?p=122113"},"modified":"2018-01-03T18:23:46","modified_gmt":"2018-01-03T17:23:46","slug":"torna-lappuntamento-con-viva-viva-la-befana-organizzato-dal-gruppo-folk-citta-di-ostuni","status":"publish","type":"post","link":"https:\/\/www.brundisium.net\/index.php\/torna-lappuntamento-con-viva-viva-la-befana-organizzato-dal-gruppo-folk-citta-di-ostuni\/","title":{"rendered":"Torna l\u2019appuntamento con \u201cViva Viva la Befana\u201d organizzato dal Gruppo Folk \u201cCitt\u00e0 di Ostuni\u201d"},"content":{"rendered":"<p>Torna anche quest\u2019anno dopo il successo ottenuto nelle scorse edizioni, l\u2019appuntamento con \u201cViva Viva la Befana\u201d. L\u2019evento \u00e8 organizzato dal Gruppo Folk \u201cCitt\u00e0 di Ostuni\u201d con il patrocinio del Comune di Ostuni \u2013 Assessorato alle Attivit\u00e0 Produttive.<\/p>\n<p>&nbsp;<\/p>\n<p>\u201cViva Viva la Befana\u201d \u2013 9\u00b0 edizione, \u00e8 una manifestazione culturale che permette ai bambini di riscoprire l\u2019antica tradizione natalizia della festa dell\u2019Epifania per ridare vigore a una figura come la Befana, molto sentita dai bambini delle generazioni precedenti.<\/p>\n<p>&nbsp;<\/p>\n<p>Domenica 07 Gennaio 2018 dalle ore 17:00 presso l\u2019area mercatale di Ostuni, si dar\u00e0 inizio a una vera e propria festa magica dedicata ai pi\u00f9 piccoli, che potranno usufruire gratuitamente delle varie attrazioni che saranno presenti: giro in trenino, passeggiata a cavallo, giro sulla giostrina, dolce golosit\u00e0, palloncini, visita alla casetta della Befana che dar\u00e0 un dono per ogni bambino, balli, folklore e tante altre sorprese.<\/p>\n<p>&nbsp;<\/p>\n<p>Nel corso della serata si assister\u00e0 a spettacoli di giocolieri, trampolieri, mangiafuoco, acrobatica aerea e animazione per bambini a cura della famosa compagnia dei \u201cGirovaghi\u201d che da anni raccoglie successi e apprezzamenti nelle piazze di tutta Italia.<\/p>\n<p>&nbsp;<\/p>\n<p>Alle ore 21:00 si rievocher\u00e0 l\u2019antico rito di accensione del Gran Fal\u00f2 della Befana che bruciava un fantoccio raffigurante la Befana, con l\u2019intento di lasciarsi alle spalle le brutte esperienze e le difficolt\u00e0 dell\u2019anno vecchio e dal rogo far rinascere la speranza che l\u2019anno nuovo porti solo cose positive. Uno spettacolo davvero suggestivo che si consiglia di non perdere.<\/p>\n<p>&nbsp;<\/p>\n<p>A seguire, riscaldati dal calore della f\u00f2cara, la Citt\u00e0 di Ostuni avr\u00e0 l\u2019onore di assistere al concerto di pizzica del famoso Trio Morabito &#8211; Paglialunga &#8211; De Marco, personalit\u00e0 di spicco nel panorama culturale del nostro territorio, nonch\u00e9 artisti apprezzati in ambito internazionale.<\/p>\n<p>&nbsp;<\/p>\n<p>Non mancheranno i prodotti enogastronomici ostunesi come pettole, puccetedde, vin cotto, carne alla brace e ciambelle natalizie.<br \/>\nLa serata sar\u00e0 dedicata al ricordo del socio Tommaso Loparco, scomparso prematuramente il 02 Gennaio 2017.<\/p>\n<p>&nbsp;<\/p>\n<p>Le parole del Presidente del \u201cGruppo Folk \u201cCitt\u00e0 di Ostuni\u201d Antonio Greco: \u201cDopo la triste sosta della passata edizione che ha visto l\u2019annullamento della manifestazione per via dell\u2019improvvisa perdita del nostro caro socio Tommaso Loparco, siamo pronti per ripartire, anche in suo ricordo, per riproporre questo consolidato evento. Giunti alla nona edizione, siamo soddisfatti e orgogliosi del riconoscimento e degli apprezzamenti raccolti negli anni che hanno confermato il nostro evento come un punto di riferimento della programmazione artistica natalizia. Per questo mi auguro che, proprio come accaduto negli anni, ci sia una grande partecipazione dei cittadini ostunesi e dei paesi limitrofi. Porgo un sentito ringraziamento all\u2019Amministrazione Comunale di Ostuni \u2013 Assessorato alle Attivit\u00e0 Produttive, per il sostegno e l\u2019appoggio che ci riserva per la realizzazione di questo straordinario evento.<\/p>\n<p>Vi aspetto Domenica 07 Gennaio 2018 alle ore 17:00 presso l\u2019area mercatale di Ostuni\u201d.<\/p>\n","protected":false},"excerpt":{"rendered":"<p>Torna anche quest\u2019anno dopo il successo ottenuto nelle scorse edizioni, l\u2019appuntamento con \u201cViva Viva la Befana\u201d. L\u2019evento \u00e8 organizzato dal Gruppo Folk \u201cCitt\u00e0 di Ostuni\u201d con il patrocinio del Comune di Ostuni \u2013 Assessorato alle Attivit\u00e0 Produttive. &nbsp; \u201cViva Viva la Befana\u201d \u2013 9\u00b0 edizione, \u00e8 una manifestazione culturale che permette ai bambini di riscoprire l\u2019antica tradizione natalizia della festa dell\u2019Epifania per ridare vigore a una figura come la Befana, molto sentita dai bambini delle generazioni precedenti. &nbsp; Domenica 07 Gennaio 2018 dalle ore 17:00 presso l\u2019area mercatale di Ostuni, si dar\u00e0 inizio a una vera e propria festa magica dedicata ai pi\u00f9 piccoli, che potranno usufruire gratuitamente delle varie attrazioni che saranno presenti: giro in trenino, passeggiata a cavallo, giro sulla giostrina, dolce golosit\u00e0, palloncini, visita alla casetta della Befana che dar\u00e0 un dono per ogni bambino, balli, folklore e tante altre sorprese. &nbsp; Nel corso della serata si assister\u00e0 a spettacoli di giocolieri, trampolieri, mangiafuoco, acrobatica aerea e animazione per bambini a cura della famosa compagnia dei \u201cGirovaghi\u201d&#8230;<\/p>\n","protected":false},"author":2,"featured_media":122117,"comment_status":"open","ping_status":"closed","sticky":false,"template":"","format":"standard","meta":{"footnotes":""},"categories":[7],"tags":[53,5445],"class_list":["post-122113","post","type-post","status-publish","format-standard","has-post-thumbnail","hentry","category-news","tag-ostuni","tag-viva-viva-la-befana"],"_links":{"self":[{"href":"https:\/\/www.brundisium.net\/index.php\/wp-json\/wp\/v2\/posts\/122113","targetHints":{"allow":["GET"]}}],"collection":[{"href":"https:\/\/www.brundisium.net\/index.php\/wp-json\/wp\/v2\/posts"}],"about":[{"href":"https:\/\/www.brundisium.net\/index.php\/wp-json\/wp\/v2\/types\/post"}],"author":[{"embeddable":true,"href":"https:\/\/www.brundisium.net\/index.php\/wp-json\/wp\/v2\/users\/2"}],"replies":[{"embeddable":true,"href":"https:\/\/www.brundisium.net\/index.php\/wp-json\/wp\/v2\/comments?post=122113"}],"version-history":[{"count":1,"href":"https:\/\/www.brundisium.net\/index.php\/wp-json\/wp\/v2\/posts\/122113\/revisions"}],"predecessor-version":[{"id":122118,"href":"https:\/\/www.brundisium.net\/index.php\/wp-json\/wp\/v2\/posts\/122113\/revisions\/122118"}],"wp:featuredmedia":[{"embeddable":true,"href":"https:\/\/www.brundisium.net\/index.php\/wp-json\/wp\/v2\/media\/122117"}],"wp:attachment":[{"href":"https:\/\/www.brundisium.net\/index.php\/wp-json\/wp\/v2\/media?parent=122113"}],"wp:term":[{"taxonomy":"category","embeddable":true,"href":"https:\/\/www.brundisium.net\/index.php\/wp-json\/wp\/v2\/categories?post=122113"},{"taxonomy":"post_tag","embeddable":true,"href":"https:\/\/www.brundisium.net\/index.php\/wp-json\/wp\/v2\/tags?post=122113"}],"curies":[{"name":"wp","href":"https:\/\/api.w.org\/{rel}","templated":true}]}}