{"id":122162,"date":"2018-01-03T15:54:36","date_gmt":"2018-01-03T14:54:36","guid":{"rendered":"http:\/\/www.brundisium.net\/?p=122162"},"modified":"2018-01-03T17:57:39","modified_gmt":"2018-01-03T16:57:39","slug":"prorogata-al-21-gennaio-fasano-in-cornice-la-mostra-di-quadri-di-pittori-otto-novecenteschi-sugli-scorci-piu-suggestivi-della-citta","status":"publish","type":"post","link":"https:\/\/www.brundisium.net\/index.php\/prorogata-al-21-gennaio-fasano-in-cornice-la-mostra-di-quadri-di-pittori-otto-novecenteschi-sugli-scorci-piu-suggestivi-della-citta\/","title":{"rendered":"Prorogata al 21 gennaio \u201cFasano in cornice\u201d, la mostra di quadri di pittori otto-novecenteschi sugli scorci pi\u00f9 suggestivi della citt\u00e0"},"content":{"rendered":"<p>\u201cFasano in cornice\u201d, la mostra di pittura che raccoglie dipinti di artisti che hanno ritratto Fasano fra la fine dell\u2019Ottocento ed il Novecento nei pi\u00f9 diversi e suggestivi angoli urbani, \u00e8 stata prorogata al 21 gennaio (si sarebbe, invece, dovuta chiudere il 7 di questo mese). La si potr\u00e0, dunque, visitare nella galleria \u201cApuliarte\u201d in via s. Antonio al civico 6 di Fasano dalle ore 17.30 alle 20.30. La decisione di ampliarne l\u2019apertura fino al 21 gennaio \u00e8 stata assunta dall\u2019associazione organizzatrice, la locale \u201cInner Wheel\u201d presieduta da Luisa Sportelli, di concerto con il Comune di Fasano che la patrocina.<\/p>\n<p>&nbsp;<\/p>\n<p>\u00abSono particolarmente contenta che il sodalizio abbia pensato ad una proroga e ce l\u2019abbia proposta \u2013 afferma Cinzia Caroli, assessora alla Pubblica istruzione \u2013 tenuto conto sia della qualit\u00e0 dell\u2019esposizione attualmente in corso, sia della preziosa finalit\u00e0: far conoscere questi artisti agli studenti delle nostre scuole secondarie superiori, affinch\u00e9 possano partecipare al relativo concorso, ossia presentare propri dipinti sugli angoli di Fasano che maggiormente li colpiscono, li emozionano. Insomma, vogliamo stimolare la loro creativit\u00e0 e l\u2019attaccamento alla citt\u00e0 \u2013 sottolinea l\u2019assessora Caroli -: come vedono i nostri ragazzi e le nostre ragazze la Fasano di oggi? Ciascuno potr\u00e0 esprimersi, pittoricamente, in modo libero sul tema, affinch\u00e9 questi novelli pittori mettano \u201cin cornice\u201d la citt\u00e0 di oggi\u00bb.<\/p>\n<p>&nbsp;<\/p>\n<p>La mostra in corso propone i quadri dei pittori dell\u2019Ottocento e del Novecento fasanese: Bianco, Danese Brandi, Camarda, De Mola, Galizia, Lallo, Latorre, Schiavone, Serri, Shira e Urso che hanno ritratto strade, angoli prospettici, vedute dall&#8217;alto, vicoli, palazzi, chiese, case di Fasano interpretati negli stili artistici che caratterizzano, o hanno caratterizzato, ciascuno di loro. Il visitatore potr\u00e0 anche visionare il catalogo appositamente predisposto sulla mostra ed il calendario 2018 da tavolo. \u00abGli studenti potranno quindi scoprire questi artisti e trarre magari uno spunto per pensare a dipingere la \u201cloro\u201d Fasano \u2013 rimarca l\u2019assessora Caroli &#8211; cos\u00ec partecipando al concorso indetto dall\u2019\u201dInner Wheel\u201d e patrocinato da noi\u00bb.<\/p>\n<p>&nbsp;<\/p>\n<p>Il concorso pittorico destinato ai ragazzi rientra nel service internazionale 2017-2018 dell\u2019\u201dInner Wheel\u201d intitolato \u201cLeaving a lasting legacy\u201d (lasciare un&#8217;impronta duratura sul territorio) e vuole far esprimere l\u2019idea che hanno gli studenti sulla Fasano attuale: come vedono la loro citt\u00e0 gli adolescenti? Un modo per creare un ponte \u201cartistico\u201d fra passato (con i dipinti sulla citt\u00e0 dell\u2019Ottocento e del Novecento attualmente in mostra) e futuro.<\/p>\n<p>&nbsp;<\/p>\n<p><em><strong> Comune di Fasano<\/strong><\/em><br \/>\n<em><strong> Ufficio Stampa<\/strong><\/em><\/p>\n","protected":false},"excerpt":{"rendered":"<p>\u201cFasano in cornice\u201d, la mostra di pittura che raccoglie dipinti di artisti che hanno ritratto Fasano fra la fine dell\u2019Ottocento ed il Novecento nei pi\u00f9 diversi e suggestivi angoli urbani, \u00e8 stata prorogata al 21 gennaio (si sarebbe, invece, dovuta chiudere il 7 di questo mese). La si potr\u00e0, dunque, visitare nella galleria \u201cApuliarte\u201d in via s. Antonio al civico 6 di Fasano dalle ore 17.30 alle 20.30. La decisione di ampliarne l\u2019apertura fino al 21 gennaio \u00e8 stata assunta dall\u2019associazione organizzatrice, la locale \u201cInner Wheel\u201d presieduta da Luisa Sportelli, di concerto con il Comune di Fasano che la patrocina. &nbsp; \u00abSono particolarmente contenta che il sodalizio abbia pensato ad una proroga e ce l\u2019abbia proposta \u2013 afferma Cinzia Caroli, assessora alla Pubblica istruzione \u2013 tenuto conto sia della qualit\u00e0 dell\u2019esposizione attualmente in corso, sia della preziosa finalit\u00e0: far conoscere questi artisti agli studenti delle nostre scuole secondarie superiori, affinch\u00e9 possano partecipare al relativo concorso, ossia presentare propri dipinti sugli angoli di Fasano che maggiormente li colpiscono, li emozionano. Insomma,&#8230;<\/p>\n","protected":false},"author":2,"featured_media":119610,"comment_status":"open","ping_status":"closed","sticky":false,"template":"","format":"standard","meta":{"footnotes":""},"categories":[7],"tags":[244,5444],"class_list":["post-122162","post","type-post","status-publish","format-standard","has-post-thumbnail","hentry","category-news","tag-fasano","tag-fasano-in-cornice"],"_links":{"self":[{"href":"https:\/\/www.brundisium.net\/index.php\/wp-json\/wp\/v2\/posts\/122162","targetHints":{"allow":["GET"]}}],"collection":[{"href":"https:\/\/www.brundisium.net\/index.php\/wp-json\/wp\/v2\/posts"}],"about":[{"href":"https:\/\/www.brundisium.net\/index.php\/wp-json\/wp\/v2\/types\/post"}],"author":[{"embeddable":true,"href":"https:\/\/www.brundisium.net\/index.php\/wp-json\/wp\/v2\/users\/2"}],"replies":[{"embeddable":true,"href":"https:\/\/www.brundisium.net\/index.php\/wp-json\/wp\/v2\/comments?post=122162"}],"version-history":[{"count":1,"href":"https:\/\/www.brundisium.net\/index.php\/wp-json\/wp\/v2\/posts\/122162\/revisions"}],"predecessor-version":[{"id":122163,"href":"https:\/\/www.brundisium.net\/index.php\/wp-json\/wp\/v2\/posts\/122162\/revisions\/122163"}],"wp:featuredmedia":[{"embeddable":true,"href":"https:\/\/www.brundisium.net\/index.php\/wp-json\/wp\/v2\/media\/119610"}],"wp:attachment":[{"href":"https:\/\/www.brundisium.net\/index.php\/wp-json\/wp\/v2\/media?parent=122162"}],"wp:term":[{"taxonomy":"category","embeddable":true,"href":"https:\/\/www.brundisium.net\/index.php\/wp-json\/wp\/v2\/categories?post=122162"},{"taxonomy":"post_tag","embeddable":true,"href":"https:\/\/www.brundisium.net\/index.php\/wp-json\/wp\/v2\/tags?post=122162"}],"curies":[{"name":"wp","href":"https:\/\/api.w.org\/{rel}","templated":true}]}}