{"id":122165,"date":"2018-01-03T18:01:28","date_gmt":"2018-01-03T17:01:28","guid":{"rendered":"http:\/\/www.brundisium.net\/?p=122165"},"modified":"2018-01-03T18:01:28","modified_gmt":"2018-01-03T17:01:28","slug":"il-comune-di-ostuni-attiva-i-voucher-sociali-e-il-servizio-gratuito-di-assistenza-sociale-domiciliare","status":"publish","type":"post","link":"https:\/\/www.brundisium.net\/index.php\/il-comune-di-ostuni-attiva-i-voucher-sociali-e-il-servizio-gratuito-di-assistenza-sociale-domiciliare\/","title":{"rendered":"Il Comune di Ostuni attiva i \u201cVoucher Sociali\u201d e il servizio gratuito di assistenza sociale domiciliare"},"content":{"rendered":"<p>Nell\u2019intento di promuovere interventi sociali e assistenziali che garantiscano un aiuto concreto alle persone e alle famiglie in difficolt\u00e0 economica, l\u2019amministrazione comunale attiva i \u201cVoucher Sociali\u201d (DdG n. 2546 del 29 dicembre 2017).<\/p>\n<p>&nbsp;<\/p>\n<p>A occuparsene sar\u00e0 la Welfare Company SRL di Genova, individuata attraverso la piattaforma del Mercato Elettronico della Pubblica Amministrazione. La societ\u00e0 sar\u00e0 responsabile del servizio di realizzazione, erogazione, monitoraggio e rendicontazione dei titoli d\u2019acquisto per un valore complessivo di 50mila euro. I \u201cVoucher Sociali\u201d sono strumenti economici a sostegno di un reddito precario e saranno utilizzabili all\u2019interno di un circuito di Punti di Servizio affiliati, presso cui i beneficiari potranno recarsi per effettuare acquisti di prodotti alimentari e medicinali.<\/p>\n<p>&nbsp;<\/p>\n<p>\u00abGrazie al sostegno di tutta l\u2019amministrazione \u2013 dichiara l\u2019assessore alle Politiche Sociali, l\u2019avvocato Antonella Palmisano \u2013 il mio ufficio ha voluto dare un segno forte e tangibile di sostegno alle fasce pi\u00f9 deboli. In base ad uno studio delle problematiche pi\u00f9 comuni che attanagliano le famiglie in difficolt\u00e0, si \u00e8 voluto circoscrivere l\u2019utilizzo dei voucher per colmare esigenze di prima necessit\u00e0 e pertanto assicurare un aiuto serio e concreto. L\u2019obiettivo \u00e8 quello di arginare il fenomeno della mancanza di sufficiente cibo e di tutelare il diritto alla salute, non di elargire somme che potessero essere utilizzate per cose futili e con finalit\u00e0 distrattive. Tutte le attivit\u00e0 ostunesi connesse ai bisogni individuati, interessate a far parte della rete di distribuzione, potranno iscriversi, appena verr\u00e0 divulgato l\u2019avviso pubblico, e partecipare attivamente a questa iniziativa. Si precisa che tali voucher saranno spendibili solo nel territorio di Ostuni al fine di attivare anche un ritorno economico che arricchisca il tessuto commerciale della nostra citt\u00e0\u00bb.<\/p>\n<p>&nbsp;<\/p>\n<p>Diversi sono gli interventi che l\u2019assessorato alle Politiche Sociali sta mettendo in campo per sostenere le fasce deboli, tra questi s\u2019inserisce anche il servizio di assistenza sociale domiciliare per il quale \u00e8 stata stanziata la somma di 40mila euro (DdG n. 2566 del 29 dicembre 2017). Dal 15 gennaio prossimo infatti, oltre al servizio erogato dall\u2019Ambito Territoriale 2BR, i cittadini ostunesi bisognosi di assistenza domiciliare potranno contare sul servizio aggiuntivo istituito dal Comune di Ostuni, che verr\u00e0 erogato dalla Cooperativa Sociale \u201cLibera\u201d. La Onlus, che si \u00e8 occupata di fornire la prestazione negli anni addietro, continuer\u00e0 a provvedere all\u2019erogazione del servizio grazie alle risorse economiche reperite in autonomia dall\u2019assessorato alle Politiche Sociali.<\/p>\n<p>&nbsp;<\/p>\n<p>Sensibile alle problematiche dovute alla carenza di assistenza domiciliare causata dai tagli regionali, l\u2019assessorato ha con sforzo recuperato ulteriori somme per metterle a disposizione delle famiglie ostunesi in condizioni di seria difficolt\u00e0. \u00abNon ci siamo voluti arrendere di fronte all\u2019imminente cessazione del servizio a causa della mancanza di fondi \u2013 dichiara l\u2019assessore Palmisano \u2013 che purtroppo avverr\u00e0 nei prossimi giorni in molti comuni. Tante famiglie sono in difficolt\u00e0 e aver messo a disposizione ulteriori somme per non interrompere un servizio fondamentale. Le famiglie si aspettano sostegno concreto e posso dire che il nostro \u00e8 un impegno costante e giornaliero, talvolta difficile da portare avanti e pieno di ostacoli. Ritengo che nonostante tutto sia indispensabile portare avanti questa battaglia e non arrendersi davanti a chi, ostile e senza criterio, sembra non voler capire che la salute \u00e8 un bene primario e che deve essere tutelato prima di ogni altra cosa, anche a discapito di altri impegni di spesa. Questo \u00e8 un primo, piccolo passo per garantire dignit\u00e0 e conforto a chi lotta tutti i giorni per una vita migliore, con estrema sofferenza e umilt\u00e0. Non possiamo che essere vicini a questi cittadini e fare qualcosa di significativo per alleviare le gi\u00e0 ben gravi e insostenibili condizioni di vita\u00bb.<\/p>\n<p>&nbsp;<\/p>\n<p>&nbsp;<\/p>\n","protected":false},"excerpt":{"rendered":"<p>Nell\u2019intento di promuovere interventi sociali e assistenziali che garantiscano un aiuto concreto alle persone e alle famiglie in difficolt\u00e0 economica, l\u2019amministrazione comunale attiva i \u201cVoucher Sociali\u201d (DdG n. 2546 del 29 dicembre 2017). &nbsp; A occuparsene sar\u00e0 la Welfare Company SRL di Genova, individuata attraverso la piattaforma del Mercato Elettronico della Pubblica Amministrazione. La societ\u00e0 sar\u00e0 responsabile del servizio di realizzazione, erogazione, monitoraggio e rendicontazione dei titoli d\u2019acquisto per un valore complessivo di 50mila euro. I \u201cVoucher Sociali\u201d sono strumenti economici a sostegno di un reddito precario e saranno utilizzabili all\u2019interno di un circuito di Punti di Servizio affiliati, presso cui i beneficiari potranno recarsi per effettuare acquisti di prodotti alimentari e medicinali. &nbsp; \u00abGrazie al sostegno di tutta l\u2019amministrazione \u2013 dichiara l\u2019assessore alle Politiche Sociali, l\u2019avvocato Antonella Palmisano \u2013 il mio ufficio ha voluto dare un segno forte e tangibile di sostegno alle fasce pi\u00f9 deboli. In base ad uno studio delle problematiche pi\u00f9 comuni che attanagliano le famiglie in difficolt\u00e0, si \u00e8 voluto circoscrivere l\u2019utilizzo dei voucher per&#8230;<\/p>\n","protected":false},"author":2,"featured_media":117289,"comment_status":"open","ping_status":"closed","sticky":false,"template":"","format":"standard","meta":{"footnotes":""},"categories":[7],"tags":[53],"class_list":["post-122165","post","type-post","status-publish","format-standard","has-post-thumbnail","hentry","category-news","tag-ostuni"],"_links":{"self":[{"href":"https:\/\/www.brundisium.net\/index.php\/wp-json\/wp\/v2\/posts\/122165","targetHints":{"allow":["GET"]}}],"collection":[{"href":"https:\/\/www.brundisium.net\/index.php\/wp-json\/wp\/v2\/posts"}],"about":[{"href":"https:\/\/www.brundisium.net\/index.php\/wp-json\/wp\/v2\/types\/post"}],"author":[{"embeddable":true,"href":"https:\/\/www.brundisium.net\/index.php\/wp-json\/wp\/v2\/users\/2"}],"replies":[{"embeddable":true,"href":"https:\/\/www.brundisium.net\/index.php\/wp-json\/wp\/v2\/comments?post=122165"}],"version-history":[{"count":1,"href":"https:\/\/www.brundisium.net\/index.php\/wp-json\/wp\/v2\/posts\/122165\/revisions"}],"predecessor-version":[{"id":122167,"href":"https:\/\/www.brundisium.net\/index.php\/wp-json\/wp\/v2\/posts\/122165\/revisions\/122167"}],"wp:featuredmedia":[{"embeddable":true,"href":"https:\/\/www.brundisium.net\/index.php\/wp-json\/wp\/v2\/media\/117289"}],"wp:attachment":[{"href":"https:\/\/www.brundisium.net\/index.php\/wp-json\/wp\/v2\/media?parent=122165"}],"wp:term":[{"taxonomy":"category","embeddable":true,"href":"https:\/\/www.brundisium.net\/index.php\/wp-json\/wp\/v2\/categories?post=122165"},{"taxonomy":"post_tag","embeddable":true,"href":"https:\/\/www.brundisium.net\/index.php\/wp-json\/wp\/v2\/tags?post=122165"}],"curies":[{"name":"wp","href":"https:\/\/api.w.org\/{rel}","templated":true}]}}