{"id":122193,"date":"2018-01-04T12:25:47","date_gmt":"2018-01-04T11:25:47","guid":{"rendered":"http:\/\/www.brundisium.net\/?p=122193"},"modified":"2018-01-04T20:31:43","modified_gmt":"2018-01-04T19:31:43","slug":"convenzione-comune-oratorio-per-attivita-educative-e-ricreative-dei-giovanissimi","status":"publish","type":"post","link":"https:\/\/www.brundisium.net\/index.php\/convenzione-comune-oratorio-per-attivita-educative-e-ricreative-dei-giovanissimi\/","title":{"rendered":"Convenzione Comune-Oratorio per attivit\u00e0 educative e ricreative dei giovanissimi"},"content":{"rendered":"<p>L\u2019Amministrazione comunale di Fasano ha accolto il progetto di attivit\u00e0 educative e ricreative in orario extra-scolastico, denominato \u201cOratori insieme\u201d, rivolto a minori fra i 6 ed i 14 anni d\u2019et\u00e0 e proposto dalla parrocchia s. Antonio Abate (col suo Oratorio del fanciullo) in partnership con la parrocchia s. Maria della Salette (col suo Anspi-Oratorio \u201cDon Cosimo De Carolis\u201d). La convenzione che regola rapporti ed impegni reciproci fra le parti, per una durata di due anni, \u00e8 stata firmata da Marisa Ruggiero, in qualit\u00e0 di dirigente del settore Risorse-Servizio Politiche sociali del Comune di Fasano, e da don Giorgio Pugliese, in qualit\u00e0 di parroco della chiesa s. Antonio Abate (capofila del progetto).<\/p>\n<p>&nbsp;<\/p>\n<p>\u00abAbbiamo deciso di sostenere l\u2019iniziativa perch\u00e9 \u00e8 finalizzata al sostegno educativo di minori e, indirettamente, delle loro stesse famiglie \u2013 spiega Giacomo Maringelli, assessore comunale alle Politiche sociali \u2013 convinti come siamo che anche il Comune debba fare la sua parte nel promuovere e supportare tutte quelle attivit\u00e0 di privati, in questo caso dei due oratori fasanesi in questione, in linea con la L.R. n. 17 del 5 luglio 2016 che disciplina il \u201cRiconoscimento, valorizzazione e sostegno della funzione socioeducativa delle attivit\u00e0 di oratorio\u201d, volte alla promozione, all\u2019accompagnamento ed al sostegno di una sana crescita dei minori, attraverso la realizzazione di attivit\u00e0 educative e ricreative finalizzate a contrastare il disagio giovanile, la devianza minorile e per garantire uno sviluppo armonico della personalit\u00e0 del singolo minore. Incentivare un \u201csistema\u201d virtuoso fra pubblico e privato \u00e8 indispensabile per la stessa crescita sociale del territorio \u2013 sottolinea Maringelli \u2013 e di buon grado abbiamo deciso di aderire al progetto dei due oratori parrocchiali, nel quale verranno coinvolti anche bambini e ragazzi seguiti dai Servizi sociali comunali nelle varie attivit\u00e0 che rappresentano uno strumento di aggregazione, interazione ed integrazione sociale\u00bb.<\/p>\n<p>&nbsp;<\/p>\n<p>Il progetto si esplicher\u00e0 attraverso la programmazione di iniziative, diversificate per fasce d\u2019et\u00e0, che si svolgeranno sia nella sede dell\u2019Oratorio del fanciullo che in quella dell\u2019oratorio \u201cDon Cosimo De Carolis\u201d: tante le attivit\u00e0 previste, dal doposcuola alla promozione della lettura, dai corsi di lingue ai laboratori di gioco, sportivo, musicale, creativo, di cucina, oltre alle singole uscite di istruzione e di svago.<\/p>\n<p>&nbsp;<\/p>\n<p>&nbsp;<\/p>\n<p><em><strong> Comune di Fasano<\/strong><\/em><br \/>\n<em><strong> Ufficio Stampa<\/strong><\/em><\/p>\n","protected":false},"excerpt":{"rendered":"<p>L\u2019Amministrazione comunale di Fasano ha accolto il progetto di attivit\u00e0 educative e ricreative in orario extra-scolastico, denominato \u201cOratori insieme\u201d, rivolto a minori fra i 6 ed i 14 anni d\u2019et\u00e0 e proposto dalla parrocchia s. Antonio Abate (col suo Oratorio del fanciullo) in partnership con la parrocchia s. Maria della Salette (col suo Anspi-Oratorio \u201cDon Cosimo De Carolis\u201d). La convenzione che regola rapporti ed impegni reciproci fra le parti, per una durata di due anni, \u00e8 stata firmata da Marisa Ruggiero, in qualit\u00e0 di dirigente del settore Risorse-Servizio Politiche sociali del Comune di Fasano, e da don Giorgio Pugliese, in qualit\u00e0 di parroco della chiesa s. Antonio Abate (capofila del progetto). &nbsp; \u00abAbbiamo deciso di sostenere l\u2019iniziativa perch\u00e9 \u00e8 finalizzata al sostegno educativo di minori e, indirettamente, delle loro stesse famiglie \u2013 spiega Giacomo Maringelli, assessore comunale alle Politiche sociali \u2013 convinti come siamo che anche il Comune debba fare la sua parte nel promuovere e supportare tutte quelle attivit\u00e0 di privati, in questo caso dei due oratori fasanesi in&#8230;<\/p>\n","protected":false},"author":2,"featured_media":122194,"comment_status":"open","ping_status":"closed","sticky":false,"template":"","format":"standard","meta":{"footnotes":""},"categories":[7],"tags":[244],"class_list":["post-122193","post","type-post","status-publish","format-standard","has-post-thumbnail","hentry","category-news","tag-fasano"],"_links":{"self":[{"href":"https:\/\/www.brundisium.net\/index.php\/wp-json\/wp\/v2\/posts\/122193","targetHints":{"allow":["GET"]}}],"collection":[{"href":"https:\/\/www.brundisium.net\/index.php\/wp-json\/wp\/v2\/posts"}],"about":[{"href":"https:\/\/www.brundisium.net\/index.php\/wp-json\/wp\/v2\/types\/post"}],"author":[{"embeddable":true,"href":"https:\/\/www.brundisium.net\/index.php\/wp-json\/wp\/v2\/users\/2"}],"replies":[{"embeddable":true,"href":"https:\/\/www.brundisium.net\/index.php\/wp-json\/wp\/v2\/comments?post=122193"}],"version-history":[{"count":1,"href":"https:\/\/www.brundisium.net\/index.php\/wp-json\/wp\/v2\/posts\/122193\/revisions"}],"predecessor-version":[{"id":122195,"href":"https:\/\/www.brundisium.net\/index.php\/wp-json\/wp\/v2\/posts\/122193\/revisions\/122195"}],"wp:featuredmedia":[{"embeddable":true,"href":"https:\/\/www.brundisium.net\/index.php\/wp-json\/wp\/v2\/media\/122194"}],"wp:attachment":[{"href":"https:\/\/www.brundisium.net\/index.php\/wp-json\/wp\/v2\/media?parent=122193"}],"wp:term":[{"taxonomy":"category","embeddable":true,"href":"https:\/\/www.brundisium.net\/index.php\/wp-json\/wp\/v2\/categories?post=122193"},{"taxonomy":"post_tag","embeddable":true,"href":"https:\/\/www.brundisium.net\/index.php\/wp-json\/wp\/v2\/tags?post=122193"}],"curies":[{"name":"wp","href":"https:\/\/api.w.org\/{rel}","templated":true}]}}